{"id":84969,"date":"2016-04-21T20:06:15","date_gmt":"2016-04-21T23:06:15","guid":{"rendered":"http:\/\/aconteceunovale.com.br\/portal\/?p=84969"},"modified":"2016-04-21T20:06:15","modified_gmt":"2016-04-21T23:06:15","slug":"cerimonia-de-entrega-da-medalha-da-inconfidencia-vira-ato-contra-impeachment","status":"publish","type":"post","link":"https:\/\/aconteceunovale.com.br\/portal\/?p=84969","title":{"rendered":"Cerim\u00f4nia de Entrega da Medalha da Inconfid\u00eancia vira ato contra impeachment"},"content":{"rendered":"<p>No palco, 148 personalidades e representantes de entidades que contribu\u00edram para o desenvolvimento de Minas Gerais. Na pra\u00e7a, bandeiras vermelhas e gritos de ordem davam o tom da 65\u00aa solenidade de entrega da Medalha da Inconfid\u00eancia, a maior honraria concedida por Minas Gerais entregue anualmente no dia 21 de abril.<\/p>\n<p>Eram manifestantes, em grande parte mobilizados pela Central \u00danica dos Trabalhadores (CUT), pelo Movimento dos Trabalhadores Rurais Sem Terra (MST) e pelo Sindicato \u00danico dos Trabalhadores em Educa\u00e7\u00e3o de Minas Gerais (Sind-ute).<\/p>\n<p>Eles aguardavam o discurso do principal personagem do dia em Ouro Preto: o ex-presidente e atual senador do Uruguai, Jos\u00e9 Mujica. A presen\u00e7a do l\u00edder pol\u00edtico contribuiu para que evento se transformasse tamb\u00e9m num ato contra o impeachment da presidenta Dilma Rousseff, o que tamb\u00e9m ficou configurado pelo discurso  do governador de Minas Gerais, Fernando Pimentel.<\/p>\n<p>Ouro Preto foi, nesta quinta-feira (21), n\u00e3o apenas a sede de uma solenidade de estado. Ouro Preto voltou a ser a capital de Minas Gerais. O decreto assinado nesta manh\u00e3 por Pimentel, transferindo simbolicamente por um dia a sede do governo mineiro, faz uma refer\u00eancia hist\u00f3rica. Entre 1823 e 1897, a cidade centralizava a administra\u00e7\u00e3o do estado. Mas foi bem antes, no dia 21 de abril de 1792, h\u00e1 exatos 224 anos, que Tiradentes era enforcado no Rio de Janeiro. M\u00e1rtir da Inconfid\u00eancia Mineira, foi acusado de conspirar contra a coroa portuguesa.<\/p>\n<p>&#8220;N\u00e3o h\u00e1 liberdade sem democracia&#8221;, reiterou mais de uma vez Pimentel. Na terra dos inconfidentes, o governador elegeu a liberdade como a linha condutora de seu pronunciamento e de sua cr\u00edtica ao processo de impeachment da presidenta Dilma Rousseff. &#8220;Cedo ou tarde, a liberdade sempre vence. \u00c9 o que diz a bandeira de Minas Gerais. O novo nome da liberdade \u00e9 a defesa da democracia, do respeito \u00e0 vontade soberana do povo, expressa pelo voto livre, secreto e universal&#8221;, disse.<\/p>\n<p>Sem fazer cita\u00e7\u00f5es nominais, Pimentel atacou as manobras ocorridas na C\u00e2mara dos Deputados e no Poder Judici\u00e1rio. Os meios de comunica\u00e7\u00e3o tamb\u00e9m n\u00e3o foram poupados. &#8220;A pacifica\u00e7\u00e3o n\u00e3o ser\u00e1 obtida por meio de artimanhas pol\u00edticas e jur\u00eddicas que buscam iludir e confundir a consci\u00eancia de nossa gente. N\u00e3o vir\u00e1 tamb\u00e9m do abusivo uso da m\u00eddia para propagar meias verdades e teses ilus\u00f3rias, instigando a intoler\u00e2ncia e o \u00f3dio, buscando dividir e n\u00e3o unir, escurecer e n\u00e3o clarear, perturbar e n\u00e3o pacificar. A \u00fanica pacifica\u00e7\u00e3o real \u00e9 a que vem do voto popular, do voto livre e direto&#8221;.<\/p>\n<p><strong>Cair e levantar<\/strong><\/p>\n<p>No \u00faltimo domingo (17), a C\u00e2mara dos Deputados aprovou a admissibilidade do pedido de impeachment da presidenta Dilma. O processo seguiu para o Senado. Enquanto esperava o seu momento de falar, Jos\u00e9 Mujica p\u00f4de observar diversas vezes os espectadores se unirem ao coro de &#8220;n\u00e3o vai ter golpe&#8221;. Mas se algu\u00e9m esperou uma palavra direta do l\u00edder pol\u00edtico sobre os epis\u00f3dios em curso no Brasil, n\u00e3o foi o que ocorreu. Mesmo assim, ele n\u00e3o fugiu do tema, se valendo de met\u00e1foras e de considera\u00e7\u00f5es filos\u00f3ficas.<\/p>\n<p>Mal terminou o evento, jornalistas o rodearam. Diante da pergunta sobre a caracteriza\u00e7\u00e3o do processo como golpe, uma resposta inesperada. &#8220;N\u00e3o acredito em bruxas, mas que elas existem, existem&#8221;. Em sua opini\u00e3o, a troca de governantes n\u00e3o resolve a crise. \u201cSe Cristo estivesse a\u00ed, tampouco ele resolveria porque \u00e9 um problema do sistema\u201d.<\/p>\n<p>Antes, em seu discurso, o ex-presidente do Uruguai destacou os altos e baixos da pol\u00edtica. &#8220;Mineiros e mineiras, a vida me ensinou alguma coisa. Os \u00fanicos derrotados s\u00e3o os que deixam de lutar&#8221;, come\u00e7ou ele. &#8220;Penso, mineiros, que talvez seja uma luta eterna com fluxos e refluxos, com pontos de partidas, com quedas e voltar a levantar. \u00c9 importante aprender que na vida a defesa das causas nobres necessita da coragem de sempre recome\u00e7ar&#8221;.<\/p>\n<p>Por tr\u00e1s desta mensagem, est\u00e1 um homem que perdeu 14 anos de sua vida dentro de uma pris\u00e3o, 11 deles em regime de isolamento. A pena que lhe foi imposta pela ditadura em seu pa\u00eds n\u00e3o impediu que ele viesse a ser tornar presidente do Uruguai. O discurso de cair e levantar encontra eco em sua pr\u00f3pria trajet\u00f3ria.<\/p>\n<p>Mujica tamb\u00e9m explicou porque a pol\u00edtica \u00e9 necess\u00e1ria. &#8220;Todos sabemos que a democracia nunca foi reconhecida como perfeita. E nem pode ser. Porque \u00e9 uma constru\u00e7\u00e3o humana. E n\u00e3o somos deuses. Somos diferentes, nascemos em lugares diferentes, viemos de classes diferentes, geneticamente temos diferen\u00e7as. E como n\u00e3o somos perfeitos, a sociedade tem e ter\u00e1 sempre conflitos. Mas ao mesmo tempo n\u00e3o podemos viver em solid\u00e3o. Somos seres sociais. Porque somos sociais e temos defeitos e conflitos \u00e9 que precisamos da pol\u00edtica. A fun\u00e7\u00e3o da pol\u00edtica \u00e9 colocar limite \u00e0 dor e \u00e0 injusti\u00e7a, \u00e9 lutar por um mundo melhor, buscando negociar permanentemente as inevit\u00e1veis diferen\u00e7as&#8221;.<\/p>\n<p>A maior preocupa\u00e7\u00e3o de Mujica \u00e9 que a crise pol\u00edtica produza uma onda de desinteresse nas novas gera\u00e7\u00f5es. &#8220;O pior resultado que pode ter o conflito que est\u00e1 se passando no Brasil \u00e9 que muitos jovens terminem com a conclus\u00e3o de que a pol\u00edtica n\u00e3o serve para nada e s\u00e3o todos iguais. E essa juventude decida que cada um deve ir viver a sua vida e voltamos \u00e0 selva: todos contra todos. Voc\u00eas precisam salvar a pol\u00edtica e esse n\u00e3o \u00e9 um problema de um partido, \u00e9 um problema do Brasil&#8221;.<\/p>\n<p><strong>Ato em BH<\/strong><\/p>\n<p>Em meio \u00e0 disputa pol\u00edtica do pa\u00eds, a solenidade em Ouro Preto foi satirizada por manifestantes que defendem o impeachment. Em Belo Horizonte, integrantes dos movimentos Vem pra Rua e Patriotas montaram uma tenda na Pra\u00e7a Tiradentes, onde tamb\u00e9m h\u00e1 uma est\u00e1tua do m\u00e1rtir da Inconfid\u00eancia Mineira. Eles entregaram medalhas a pessoas que, em sua vis\u00e3o, se destacaram na luta por mudan\u00e7as na pol\u00edtica brasileira.<\/p>\n<p>(Ag\u00eancia Brasil)<\/p>\n","protected":false},"excerpt":{"rendered":"<p>No palco, 148 personalidades e representantes de entidades que contribu\u00edram para o desenvolvimento de Minas Gerais. Na pra\u00e7a, bandeiras vermelhas e gritos de ordem davam o tom da 65\u00aa solenidade de entrega da Medalha da Inconfid\u00eancia, a maior honraria concedida por Minas Gerais entregue anualmente no dia 21 de abril. Eram manifestantes, em grande parte [&hellip;]<\/p>\n","protected":false},"author":1,"featured_media":84928,"comment_status":"open","ping_status":"closed","sticky":false,"template":"","format":"standard","meta":{"amp_status":"","footnotes":""},"categories":[6,123,40240],"tags":[89773,89655,89654,31925,89678,66787,27125,87173,89668,89664,89776,89784,89671,89670,89663,42240,89777,83194,80847,89674,12826,28545,89677,29798,89675,89162,89163,89679,89684,89682,89775,79681,15493,89774,89659,89683,89685,89657,89669,42238,89676,89673,89164,35209,89656,211,89667,212,89666,89662,89686,89680,89681,10897,89687,216,89660,89665,89661,89778,89780,89779,28544,711,874,89672,89658],"class_list":["post-84969","post","type-post","status-publish","format-standard","has-post-thumbnail","hentry","category-br","category-gerais","category-politica-2","tag-21-de-abril","tag-65a-entrega-da-medalha-da-inconfidencia","tag-65a-solenidade-de-entrega-da-medalha-da-inconfidencia","tag-adalclever-lopes","tag-agraciados-com-a-medalha-da-inconfidencia-2016","tag-andrea-claudia-vacchiano","tag-antonio-andrade","tag-arthur-de-oliveira-abrantes","tag-biologo-thomaz-pinotti-recebeu-a-grande-medalha","tag-carlos-daniel-amorin-tenconi","tag-casa-da-morte","tag-cerimonia-de-entrega-da-medalha-da-inconfidencia-vira-ato-contra-impeachment","tag-chefe-da-policia-civil-de-minas-gerais","tag-coordenador-do-laboratorio-de-bioengenharia-da-universidade-federal-de-minas-gerais","tag-embaixador-do-uruguai-no-brasil","tag-entrega-da-medalha-da-inconfidencia","tag-escola-municipal-barbara-maria-salomao","tag-eugenio-aragao","tag-ex-presidente-do-uruguai","tag-ex-presidente-uruguaio-jose-mujica","tag-fernando-pimentel","tag-flavio-renegado","tag-ganhadores-da-medalha-da-inconfidencia-2016","tag-governador-fernando-pimentel","tag-governador-preside-entrega-da-medalha-da-inconfidencia-em-ouro-preto","tag-grande-colar","tag-grande-medalha","tag-homenageados-com-a-medalha-da-inconfidencia-2016","tag-homenagem-lucia-topolansky","tag-homenagem-pepe-mujica","tag-ines-etienne-romeu","tag-jose-pepe-mujica","tag-juscelino-kubitschek","tag-luana-tolentino","tag-lucia-topolansky","tag-lucia-topolansky-em-minas-gerais","tag-lucia-topolansky-no-brasil","tag-maior-honraria-concedida-pelo-estado-de-minas-gerais","tag-marcos-pinotti","tag-medalha-da-inconfidencia","tag-medalha-da-inconfidencia-2016","tag-medalha-da-inconfidencia-foi-concedida-a-63-personalidades","tag-medalha-de-honra","tag-ministro-da-justica","tag-morte-de-tiradentes","tag-ouro-preto","tag-ouro-preto-respira-os-ares-da-inconfidencia","tag-paracatu","tag-paulo-alexandre-homem-oliveira-fonseca","tag-pedro-carlos-bittencourt-marcondes","tag-pepe-mujica-defende-fortalecimento-da-democracia-brasileira","tag-pepe-mujica-em-minas-gerais","tag-pepe-mujica-no-brasil","tag-petropolis","tag-pimentel-defende-a-vontade-soberana-do-povo","tag-pouso-alegre","tag-presidente-da-assembleia-legislativa-de-minas-gerais","tag-presidente-da-camara-municipal-de-ourem","tag-presidente-do-tribunal-de-justica-de-minas-gerais","tag-professora-negra-receba-medalha-em-minas-e-diz-sou-a-prova-de-um-novo-brasil","tag-professora-negra-recebe-medalha-da-inconfidencia","tag-professora-negra-recebe-medalha-em-minas-e-diz-sou-a-prova-de-um-novo-brasil","tag-rapper-flavio-renegado","tag-tiradentes","tag-ufmg","tag-valdez-leite-machado","tag-vice-governador-antonio-andrade"],"_links":{"self":[{"href":"https:\/\/aconteceunovale.com.br\/portal\/index.php?rest_route=\/wp\/v2\/posts\/84969","targetHints":{"allow":["GET"]}}],"collection":[{"href":"https:\/\/aconteceunovale.com.br\/portal\/index.php?rest_route=\/wp\/v2\/posts"}],"about":[{"href":"https:\/\/aconteceunovale.com.br\/portal\/index.php?rest_route=\/wp\/v2\/types\/post"}],"author":[{"embeddable":true,"href":"https:\/\/aconteceunovale.com.br\/portal\/index.php?rest_route=\/wp\/v2\/users\/1"}],"replies":[{"embeddable":true,"href":"https:\/\/aconteceunovale.com.br\/portal\/index.php?rest_route=%2Fwp%2Fv2%2Fcomments&post=84969"}],"version-history":[{"count":0,"href":"https:\/\/aconteceunovale.com.br\/portal\/index.php?rest_route=\/wp\/v2\/posts\/84969\/revisions"}],"wp:featuredmedia":[{"embeddable":true,"href":"https:\/\/aconteceunovale.com.br\/portal\/index.php?rest_route=\/wp\/v2\/media\/84928"}],"wp:attachment":[{"href":"https:\/\/aconteceunovale.com.br\/portal\/index.php?rest_route=%2Fwp%2Fv2%2Fmedia&parent=84969"}],"wp:term":[{"taxonomy":"category","embeddable":true,"href":"https:\/\/aconteceunovale.com.br\/portal\/index.php?rest_route=%2Fwp%2Fv2%2Fcategories&post=84969"},{"taxonomy":"post_tag","embeddable":true,"href":"https:\/\/aconteceunovale.com.br\/portal\/index.php?rest_route=%2Fwp%2Fv2%2Ftags&post=84969"}],"curies":[{"name":"wp","href":"https:\/\/api.w.org\/{rel}","templated":true}]}}