{"id":84952,"date":"2016-04-21T19:31:50","date_gmt":"2016-04-21T22:31:50","guid":{"rendered":"http:\/\/aconteceunovale.com.br\/portal\/?p=84952"},"modified":"2016-04-21T21:46:46","modified_gmt":"2016-04-22T00:46:46","slug":"chama-olimpica-e-acesa-na-grecia-e-chega-a-minas-gerais-em-7-de-maio","status":"publish","type":"post","link":"https:\/\/aconteceunovale.com.br\/portal\/?p=84952","title":{"rendered":"Chama Ol\u00edmpica \u00e9 acesa na Gr\u00e9cia e chega a Minas Gerais em 7 de maio"},"content":{"rendered":"<p>O fogo que ir\u00e1 queimar na Pira Ol\u00edmpica durante os Jogos Ol\u00edmpicos Rio 2016 j\u00e1 est\u00e1 aceso. A cerim\u00f4nia de acendimento da tocha ocorreu hoje (21\/4), em Ol\u00edmpia, na Gr\u00e9cia, e a chama foi acesa \u00e0s 6h53, no hor\u00e1rio de Bras\u00edlia. Depois de uma passagem pela Gr\u00e9cia e pela Su\u00ed\u00e7a, o fogo ol\u00edmpico chegar\u00e1 ao Brasil no dia 3 de maio.<\/p>\n<p>No ritual milenar, a atriz Katerina Lehou, representando a sacerdotisa do templo de Hera, acendeu a chama Ol\u00edmpica com a \u201cskaphia\u201d &#8211; suporte de espelho c\u00f4ncavo que converge os raios para um ponto espec\u00edfico. A cerim\u00f4nia contou ainda com a participa\u00e7\u00e3o de 29 atores e 13 dan\u00e7arinos. A chama foi passada para o primeiro participante do revezamento da tocha, o ginasta grego Eleftherios Petrounias.<\/p>\n<p>Petrounias abriu oficialmente o revezamento da tocha e passou pelo Monumento Pierre de Coubertin. Em seguida, entregou a chama ol\u00edmpica ao brasileiro Giovane G\u00e1vio, bicampe\u00e3o ol\u00edmpico de voleibol. Giovane n\u00e3o escondeu sua felicidade por participar desse momento hist\u00f3rico. \u201cEstou muito emocionado. Est\u00e1 at\u00e9 dif\u00edcil falar. Receber a tocha aqui neste lugar sagrado \u00e9 \u00fanico, fant\u00e1stico\u201d, disse ao site oficial do Rio 2016.<\/p>\n<p><img decoding=\"async\" src=\"http:\/\/aconteceunovale.com.br\/portal\/wp-content\/uploads\/2016\/04\/tocha_rio_6.jpg\" alt=\"\" \/><em>Giovane G\u00e1vio em Ol\u00edmpia, na Gr\u00e9cia (Foto: Rio 2016\/Andr\u00e9 Luiz Mello)<\/em><br \/>\n<\/br><\/p>\n<p>Tamb\u00e9m ao site Rio 2016, ele deu um recado a todos os atletas que disputar\u00e3o os jogos do Rio de Janeiro, sobretudo os brasileiros. Giovane exaltou ainda o esporte como mecanismo de uni\u00e3o dos brasileiros, sobretudo no momento atual de polariza\u00e7\u00e3o pol\u00edtica do pa\u00eds.<\/p>\n<p>\u201cQuero agradecer e dizer a todos os atletas que estaremos torcendo muito por eles nos Jogos. Vai ser fant\u00e1stico. Mas esporte n\u00e3o \u00e9 s\u00f3 conquista de medalhas. Junto com a educa\u00e7\u00e3o e com seus valores, pode transformar a vida de crian\u00e7as, jovens e adultos. Principalmente no momento em que estamos vivendo no pa\u00eds, precisamos resgatar nossa unidade. No fundo, somos todos brasileiros\u201d.<\/p>\n<p>A cerim\u00f4nia de acendimento da chama ol\u00edmpica foi conduzida pelo presidente do Comit\u00ea Ol\u00edmpico Internacional (COI), o alem\u00e3o Thomas Bach. \u201cA chama Ol\u00edmpica vai espalhar valores de toler\u00e2ncia, solidariedade e paz. Em um mundo abalado por crises, a mensagem de que a humanidade \u00e9 maior do que as for\u00e7as que nos separam \u00e9 mais relevante do que antes\u201d.<\/p>\n<p>Ap\u00f3s o acendimento da chama Ol\u00edmpica, ela viajar\u00e1 pela Gr\u00e9cia por seis dias, sendo levado por 450 pessoas e percorrendo cerca de 2.234 quil\u00f4metros. Em seguida, a chama segue para Genebra, na Su\u00ed\u00e7a, para uma cerim\u00f4nia da Organiza\u00e7\u00e3o das Na\u00e7\u00f5es Unidas (ONU). No dia 30 de abril a tocha ser\u00e1 levada ao Museu Ol\u00edmpico, em Lausanne, tamb\u00e9m na Su\u00ed\u00e7a, onde fica a sede do COI. De l\u00e1 segue para o Brasil, onde desembarca em Bras\u00edlia no dia 3, para uma verdadeira peregrina\u00e7\u00e3o por mais de 300 cidades.<\/p>\n<p><strong>Cidades que receber\u00e3o a Tocha Ol\u00edmpica em Minas Gerais<\/strong><\/p>\n<p>07\/05\/2016 \u2013 Araguari, Uberl\u00e2ndia<br \/>\n08\/05\/2016 \u2013 Uberaba, Arax\u00e1, Serra do Salitre, Patroc\u00ednio, Patos de Minas<br \/>\n09\/05\/2016 \u2013 Varj\u00e3o de Minas, Pirapora, Montes Claros<br \/>\n10\/05\/2016 \u2013 Bocaiuva, Couto de Magalh\u00e3es de Minas, Diamantina, Curvelo<br \/>\n11\/05\/2016 \u2013 Gouveia, Datas, Serro, Guanh\u00e3es, Governador Valadares<br \/>\n12\/05\/2016 \u2013 Naque, Ipatinga, Coronel Fabriciano, Itabira<br \/>\n13\/05\/2016 \u2013 Ouro Preto, Itabirito<br \/>\n14\/05\/2016 \u2013 Betim, Contagem, Belo Horizonte<br \/>\n15\/05\/2016 \u2013 S\u00e3o Jo\u00e3o Del Rei, Tiradentes, Barbacena, Juiz de Fora<br \/>\n16\/05\/2016 \u2013 Bicas Leopoldina, Muria\u00e9<\/p>\n<p><img decoding=\"async\" src=\"http:\/\/aconteceunovale.com.br\/portal\/wp-content\/uploads\/2016\/04\/tocha_rio_1.png\" alt=\"\" \/><em>Atleta grego abre o revezamento da tocha Ol\u00edmpica Rio 2016 (Foto: Rio 2016\/Andr\u00e9 Luiz Mello)<\/em><br \/>\n<\/br><\/p>\n<p><img decoding=\"async\" src=\"http:\/\/aconteceunovale.com.br\/portal\/wp-content\/uploads\/2016\/04\/tocha_rio_2.jpg\" alt=\"\" \/><em>Acendimento segue o ritual praticado na Antiguidade (Foto: Rio 2016\/Andr\u00e9 Luiz Mello)<\/em><br \/>\n<\/br><\/p>\n<p><img decoding=\"async\" src=\"http:\/\/aconteceunovale.com.br\/portal\/wp-content\/uploads\/2016\/04\/tocha_rio_3.jpg\" alt=\"\" \/><em>Passagem da chama para a tocha Rio 2016 (Foto: Milos Bicanski\/Getty Images)<\/em><br \/>\n<\/br><\/p>\n<p><img decoding=\"async\" src=\"http:\/\/aconteceunovale.com.br\/portal\/wp-content\/uploads\/2016\/04\/tocha_rio_4.jpg\" alt=\"\" \/><em>Petrounias entrega a chama Ol\u00edmpica a Giovane G\u00e1vio (Foto: Rio 2016\/Andr\u00e9 Luiz Mello)<\/em><br \/>\n<\/br><\/p>\n<p><img decoding=\"async\" src=\"http:\/\/aconteceunovale.com.br\/portal\/wp-content\/uploads\/2016\/04\/tocha_rio_5.jpg\" alt=\"\" \/><em>29 atores e 13 bailarinos participaram da cerim\u00f4nia (Milos Bicanski\/Getty Images)<\/em><br \/>\n<\/br><\/p>\n<p><img decoding=\"async\" src=\"http:\/\/aconteceunovale.com.br\/portal\/wp-content\/uploads\/2016\/04\/tocha_rio_7.jpg\" alt=\"\" \/><em>Cerim\u00f4nia realizada em Ol\u00edmpia, na Gr\u00e9cia (Foto: Rio 2016\/Andr\u00e9 Luiz Mello)<\/em><br \/>\n<\/br><\/p>\n<p><img decoding=\"async\" src=\"http:\/\/aconteceunovale.com.br\/portal\/wp-content\/uploads\/2016\/04\/tocha_rio_8.jpg\" alt=\"\" \/><em>Cerim\u00f4nia realizada em Ol\u00edmpia, na Gr\u00e9cia (Foto: Rio 2016\/Andr\u00e9 Luiz Mello)<\/em><br \/>\n<\/br><\/p>\n<p><img decoding=\"async\" src=\"http:\/\/aconteceunovale.com.br\/portal\/wp-content\/uploads\/2016\/04\/tocha_rio_9.jpg\" alt=\"\" \/><em>Cerim\u00f4nia realizada em Ol\u00edmpia, na Gr\u00e9cia (Foto: Rio 2016\/Andr\u00e9 Luiz Mello)<\/em><br \/>\n<\/br><\/p>\n<p><em>(Fonte: Ag\u00eancia Brasil)<\/em><\/p>\n","protected":false},"excerpt":{"rendered":"<p>O fogo que ir\u00e1 queimar na Pira Ol\u00edmpica durante os Jogos Ol\u00edmpicos Rio 2016 j\u00e1 est\u00e1 aceso. A cerim\u00f4nia de acendimento da tocha ocorreu hoje (21\/4), em Ol\u00edmpia, na Gr\u00e9cia, e a chama foi acesa \u00e0s 6h53, no hor\u00e1rio de Bras\u00edlia. Depois de uma passagem pela Gr\u00e9cia e pela Su\u00ed\u00e7a, o fogo ol\u00edmpico chegar\u00e1 ao [&hellip;]<\/p>\n","protected":false},"author":1,"featured_media":84954,"comment_status":"open","ping_status":"closed","sticky":false,"template":"","format":"standard","meta":{"amp_status":"","footnotes":""},"categories":[59,121,123,28848,1236],"tags":[1490,1504,193,194,1495,79179,645,89723,89772,89717,89735,89718,956,1524,4115,89736,3279,1018,198,89726,89725,89729,247,46269,155,201,202,1499,89730,39000,39001,206,89721,89732,210,89728,1502,89731,89733,1724,89720,37058,211,89771,89734,214,1489,89727,89770,89719,254,24117,218,50429,154,89724,89722,711,50672,89737,89740,89766,89763,89761,89768,89747,89762,89757,89748,89750,89751,89749,89754,89753,89756,89758,89760,89767,89746,89769,89755,89759,89743,89742,89745,89764,89741,89752,89765,89739,89738,89744,220,221,1686],"class_list":["post-84952","post","type-post","status-publish","format-standard","has-post-thumbnail","hentry","category-sports","category-leste","category-gerais","category-mundo","category-norte_de_minas","tag-araguari","tag-araxa","tag-barbacena","tag-belo-horizonte","tag-betim","tag-bicas-leopoldina","tag-bocaiuva","tag-chama-olimpica","tag-chama-olimpica-e-acesa-na-grecia-e-chega-a-minas-gerais-em-7-de-maio","tag-chama-olimpica-e-acesa-na-grecia-e-chega-ao-brasil-em-3-de-maio","tag-cidades-que-receberao-a-tocha-olimpica-em-minas-gerais","tag-coi","tag-contagem","tag-coronel-fabriciano","tag-couto-de-magalhaes-de-minas","tag-curvelo-gouveia","tag-datas","tag-destaque","tag-diamantina","tag-eleftherios-petrounias","tag-ginasta-grego-eleftherios-petrounias","tag-giovane-gavio","tag-governador-valadares","tag-grecia","tag-guanhaes","tag-ipatinga","tag-itabira","tag-itabirito","tag-jogos-do-rio-de-janeiro","tag-jogos-olimpicos","tag-jogos-olimpicos-rio-2016","tag-juiz-de-fora","tag-katerina-lehou","tag-lausanne","tag-montes-claros","tag-monumento-pierre-de-coubertin","tag-muriae","tag-museu-olimpico","tag-museu-olimpico-em-lausanne","tag-naque","tag-olimpia","tag-olimpiada","tag-ouro-preto","tag-passagem-da-chama-para-a-tocha-rio-2016","tag-passagem-da-tocha-olimpica-por-minas-gerais","tag-patos-de-minas","tag-patrocinio","tag-petrounias","tag-petrounias-entrega-a-chama-olimpica-a-giovane-gavio","tag-pira-olimpica-durante-os-jogos-olimpicos-rio-2016","tag-pirapora","tag-rio-2016","tag-sao-joao-del-rei","tag-serra-do-salitre","tag-serro","tag-skaphia","tag-templo-de-hera","tag-tiradentes","tag-tocha-olimpica","tag-tocha-olimpica-araguari","tag-tocha-olimpica-araxa","tag-tocha-olimpica-barbacena","tag-tocha-olimpica-belo-horizonte","tag-tocha-olimpica-betim","tag-tocha-olimpica-bicas-leopoldina","tag-tocha-olimpica-bocaiuva","tag-tocha-olimpica-contagem","tag-tocha-olimpica-coronel-fabriciano","tag-tocha-olimpica-couto-de-magalhaes-de-minas","tag-tocha-olimpica-curvelo-tocha-olimpica-gouveia","tag-tocha-olimpica-datas","tag-tocha-olimpica-diamantina","tag-tocha-olimpica-governador-valadares","tag-tocha-olimpica-guanhaes","tag-tocha-olimpica-ipatinga","tag-tocha-olimpica-itabira","tag-tocha-olimpica-itabirito","tag-tocha-olimpica-juiz-de-fora","tag-tocha-olimpica-montes-claros","tag-tocha-olimpica-muriae","tag-tocha-olimpica-naque","tag-tocha-olimpica-ouro-preto","tag-tocha-olimpica-patos-de-minas","tag-tocha-olimpica-patrocinio","tag-tocha-olimpica-pirapora","tag-tocha-olimpica-sao-joao-del-rei","tag-tocha-olimpica-serra-do-salitre","tag-tocha-olimpica-serro","tag-tocha-olimpica-tiradentes","tag-tocha-olimpica-uberaba","tag-tocha-olimpica-uberlandia","tag-tocha-olimpica-varjao-de-minas","tag-uberaba","tag-uberlandia","tag-varjao-de-minas"],"_links":{"self":[{"href":"https:\/\/aconteceunovale.com.br\/portal\/index.php?rest_route=\/wp\/v2\/posts\/84952","targetHints":{"allow":["GET"]}}],"collection":[{"href":"https:\/\/aconteceunovale.com.br\/portal\/index.php?rest_route=\/wp\/v2\/posts"}],"about":[{"href":"https:\/\/aconteceunovale.com.br\/portal\/index.php?rest_route=\/wp\/v2\/types\/post"}],"author":[{"embeddable":true,"href":"https:\/\/aconteceunovale.com.br\/portal\/index.php?rest_route=\/wp\/v2\/users\/1"}],"replies":[{"embeddable":true,"href":"https:\/\/aconteceunovale.com.br\/portal\/index.php?rest_route=%2Fwp%2Fv2%2Fcomments&post=84952"}],"version-history":[{"count":0,"href":"https:\/\/aconteceunovale.com.br\/portal\/index.php?rest_route=\/wp\/v2\/posts\/84952\/revisions"}],"wp:featuredmedia":[{"embeddable":true,"href":"https:\/\/aconteceunovale.com.br\/portal\/index.php?rest_route=\/wp\/v2\/media\/84954"}],"wp:attachment":[{"href":"https:\/\/aconteceunovale.com.br\/portal\/index.php?rest_route=%2Fwp%2Fv2%2Fmedia&parent=84952"}],"wp:term":[{"taxonomy":"category","embeddable":true,"href":"https:\/\/aconteceunovale.com.br\/portal\/index.php?rest_route=%2Fwp%2Fv2%2Fcategories&post=84952"},{"taxonomy":"post_tag","embeddable":true,"href":"https:\/\/aconteceunovale.com.br\/portal\/index.php?rest_route=%2Fwp%2Fv2%2Ftags&post=84952"}],"curies":[{"name":"wp","href":"https:\/\/api.w.org\/{rel}","templated":true}]}}