{"id":84944,"date":"2016-04-21T18:31:30","date_gmt":"2016-04-21T21:31:30","guid":{"rendered":"http:\/\/aconteceunovale.com.br\/portal\/?p=84944"},"modified":"2016-04-21T18:31:30","modified_gmt":"2016-04-21T21:31:30","slug":"operacao-tiradentes-na-regiao-leste-de-minas-gerais","status":"publish","type":"post","link":"https:\/\/aconteceunovale.com.br\/portal\/?p=84944","title":{"rendered":"Opera\u00e7\u00e3o Tiradentes na regi\u00e3o Leste de Minas Gerais"},"content":{"rendered":"<p>Os milhares de motoristas mineiros que pegaram estrada nessa quarta-feira (20\/4) para curtir o feriado prolongado de Tiradentes, pela lentid\u00e3o provocada em alguns trechos, puderam perceber o aumento do n\u00famero de ve\u00edculos em circula\u00e7\u00e3o nas rodovias federais e estaduais. Na Regi\u00e3o Leste do Estado, a Oitava Companhia de Pol\u00edcia Militar Independente de Meio Ambiente e Tr\u00e2nsito intensificou as fiscaliza\u00e7\u00f5es e presen\u00e7a nos locais de risco nos 58 munic\u00edpios sob responsabilidade da Unidade e, em algumas cidades como Governador Valadares, a Companhia de Miss\u00f5es especiais tamb\u00e9m atua em conjunto, com olhar voltado para encontrar drogas, armas e poss\u00edveis foragidos da justi\u00e7a.<\/p>\n<p>Para diminuir os riscos de acidentes, a Pol\u00edcia Militar Rodovi\u00e1ria realizar\u00e1 as opera\u00e7\u00f5es at\u00e9 o pr\u00f3ximo domingo (24). Dentre as principais preocupa\u00e7\u00f5es est\u00e3o a embriaguez ao volante, ultrapassagens indevidas e o excesso de velocidade.<\/p>\n<p>Documentos, equipamentos obrigat\u00f3rios e caracteriza\u00e7\u00e3o dos ve\u00edculos tamb\u00e9m ser\u00e3o fiscalizados, e, dessa vez os vidros passar\u00e3o pelo teste do Lux\u00edmetro para medir o grau de transpar\u00eancia nos insulfilmes dos ve\u00edculos.<\/p>\n<p><img decoding=\"async\" src=\"http:\/\/aconteceunovale.com.br\/portal\/wp-content\/uploads\/2016\/04\/operacao_tiradentes_leste_mg_1.jpg\" alt=\"\" \/><em>Opera\u00e7\u00e3o Tiradentes na regi\u00e3o Leste de Minas Gerais (Foto: 8\u00aa Cia PM Ind MAT \/ Divulga\u00e7\u00e3o)<\/em><br \/>\n<\/br><\/p>\n<p>Al\u00e9m de todo o aparato de equipamentos, como etil\u00f4metro e radares m\u00f3veis, empregados pela corpora\u00e7\u00e3o, a Pol\u00edcia pede a colabora\u00e7\u00e3o dos motoristas para evitar excessos. Quem for flagrado ao volante sob efeito de \u00e1lcool ser\u00e1 multado em R$ 1.915,00. Al\u00e9m disso, o motorista comete infra\u00e7\u00e3o grav\u00edssima, acumula sete pontos na carteira de habilita\u00e7\u00e3o e fica proibido de dirigir por um ano.<\/p>\n<p>Motoristas de ve\u00edculos pesados devem ficar atentos \u00e0s restri\u00e7\u00f5es de tr\u00e1fego confirmadas para bitrens, rodotrens, treminh\u00f5es, cegonheiras e outros ve\u00edculos com carga excedente. A limita\u00e7\u00e3o vale para esta quinta-feira, das 6h \u00e0s 12h, e domingo, das 16h \u00e0s 24h. O descumprimento acarreta multa de R$ 85,13, quatro pontos na CNH e reten\u00e7\u00e3o do ve\u00edculo.<\/p>\n<p>Os destinos mais procurados no feriado s\u00e3o Porto Seguro (BA), litorais do Rio de Janeiro e Esp\u00edrito Santo, al\u00e9m de cidades hist\u00f3ricas de Minas. A expectativa de circula\u00e7\u00e3o de passageiros, no entanto, \u00e9 15% menor se comparada ao mesmo feriado do ano passado.<\/p>\n<p>O Comandante da 8\u00aa Cia PM Ind MAT, Major Fernando Costa da Silva, alerta sobre a responsabilidade do motorista. &#8220;Lembramos que nas estradas os principais atores s\u00e3o os motoristas e n\u00e3o os policiais. S\u00e3o eles, os motoristas os \u00fanicos capazes de determinar o cen\u00e1rio da sua viagem e, em alguns casos, os de outras pessoas, ent\u00e3o manter o equil\u00edbrio emocional, as capacidades de racioc\u00ednio r\u00e1pido para pronto reflexo em casos adversos, cercar-se de cuidados com a manuten\u00e7\u00e3o do ve\u00edculo, estar com documenta\u00e7\u00e3o em dia e preparado com planejamento minucioso para a viagem, se faz primordial e necess\u00e1rio para que n\u00e3o tenhamos cenas sangrentas nas nossas estradas. Contamos com a consci\u00eancia e atitude positiva e respons\u00e1vel de todos.&#8221; Concluiu o Major Fernando.<\/p>\n<p><img decoding=\"async\" src=\"http:\/\/aconteceunovale.com.br\/portal\/wp-content\/uploads\/2016\/04\/operacao_tiradentes_leste_mg_2.jpg\" alt=\"\" \/><em>Opera\u00e7\u00e3o Tiradentes na regi\u00e3o Leste de Minas Gerais (Foto: 8\u00aa Cia PM Ind MAT \/ Divulga\u00e7\u00e3o)<\/em><br \/>\n<\/br><\/p>\n<p><img decoding=\"async\" src=\"http:\/\/aconteceunovale.com.br\/portal\/wp-content\/uploads\/2016\/04\/operacao_tiradentes_leste_mg_3.jpg\" alt=\"\" \/><em>Opera\u00e7\u00e3o Tiradentes na regi\u00e3o Leste de Minas Gerais (Foto: 8\u00aa Cia PM Ind MAT \/ Divulga\u00e7\u00e3o)<\/em><br \/>\n<\/br><\/p>\n<p><em>(Fonte: 8\u00aa Cia PM Ind MAT)<\/em><\/p>\n","protected":false},"excerpt":{"rendered":"<p>Os milhares de motoristas mineiros que pegaram estrada nessa quarta-feira (20\/4) para curtir o feriado prolongado de Tiradentes, pela lentid\u00e3o provocada em alguns trechos, puderam perceber o aumento do n\u00famero de ve\u00edculos em circula\u00e7\u00e3o nas rodovias federais e estaduais. Na Regi\u00e3o Leste do Estado, a Oitava Companhia de Pol\u00edcia Militar Independente de Meio Ambiente e [&hellip;]<\/p>\n","protected":false},"author":1,"featured_media":84945,"comment_status":"open","ping_status":"closed","sticky":false,"template":"","format":"standard","meta":{"amp_status":"","footnotes":""},"categories":[121],"tags":[89694,89696,89688,89690,247,89695,89697,89689,89698,89692,89693,89691],"class_list":["post-84944","post","type-post","status-publish","format-standard","has-post-thumbnail","hentry","category-leste","tag-8a-cia-pm-ind-mat","tag-comandante-da-8a-cia-pm-ind-mat","tag-fiscalizacao-feriado-tiradentes-leste-de-minas","tag-fiscalizacao-rodovias-do-leste-de-minas-no-tiradentes","tag-governador-valadares","tag-major-fernando-costa-da-silva","tag-oitava-companhia-de-policia-militar-independente-de-meio-ambiente-e-transito","tag-operacao-tiradentes-leste-de-minas","tag-operacao-tiradentes-na-regiao-leste-de-minas-gerais","tag-rodovias-de-minas-gerais-no-feriado-de-tiradentes","tag-rodovias-do-leste-de-minas-no-feriado-de-tiradentes","tag-rodovias-mineiras-no-feriado-de-tiradentes"],"_links":{"self":[{"href":"https:\/\/aconteceunovale.com.br\/portal\/index.php?rest_route=\/wp\/v2\/posts\/84944","targetHints":{"allow":["GET"]}}],"collection":[{"href":"https:\/\/aconteceunovale.com.br\/portal\/index.php?rest_route=\/wp\/v2\/posts"}],"about":[{"href":"https:\/\/aconteceunovale.com.br\/portal\/index.php?rest_route=\/wp\/v2\/types\/post"}],"author":[{"embeddable":true,"href":"https:\/\/aconteceunovale.com.br\/portal\/index.php?rest_route=\/wp\/v2\/users\/1"}],"replies":[{"embeddable":true,"href":"https:\/\/aconteceunovale.com.br\/portal\/index.php?rest_route=%2Fwp%2Fv2%2Fcomments&post=84944"}],"version-history":[{"count":0,"href":"https:\/\/aconteceunovale.com.br\/portal\/index.php?rest_route=\/wp\/v2\/posts\/84944\/revisions"}],"wp:featuredmedia":[{"embeddable":true,"href":"https:\/\/aconteceunovale.com.br\/portal\/index.php?rest_route=\/wp\/v2\/media\/84945"}],"wp:attachment":[{"href":"https:\/\/aconteceunovale.com.br\/portal\/index.php?rest_route=%2Fwp%2Fv2%2Fmedia&parent=84944"}],"wp:term":[{"taxonomy":"category","embeddable":true,"href":"https:\/\/aconteceunovale.com.br\/portal\/index.php?rest_route=%2Fwp%2Fv2%2Fcategories&post=84944"},{"taxonomy":"post_tag","embeddable":true,"href":"https:\/\/aconteceunovale.com.br\/portal\/index.php?rest_route=%2Fwp%2Fv2%2Ftags&post=84944"}],"curies":[{"name":"wp","href":"https:\/\/api.w.org\/{rel}","templated":true}]}}