{"id":84892,"date":"2016-04-21T17:52:26","date_gmt":"2016-04-21T20:52:26","guid":{"rendered":"http:\/\/aconteceunovale.com.br\/portal\/?p=84892"},"modified":"2016-04-21T18:20:29","modified_gmt":"2016-04-21T21:20:29","slug":"governador-entrega-medalha-da-inconfidencia-em-ouro-preto","status":"publish","type":"post","link":"https:\/\/aconteceunovale.com.br\/portal\/?p=84892","title":{"rendered":"Governador entrega Medalha da Inconfid\u00eancia em Ouro Preto"},"content":{"rendered":"<p>Cento e quarenta e oito personalidades e entidades foram agraciadas na 65\u00aa solenidade de entrega da Medalha da Inconfid\u00eancia, nesta quinta-feira (21\/4), em Ouro Preto, data em que se recorda a morte de Tiradentes. A comenda, maior honraria concedida pelo estado de Minas Gerais, presta homenagem \u00e0queles que contribu\u00edram para o desenvolvimento do Estado e do pa\u00eds e foi entregue pelo governador Fernando Pimentel e o vice-governador Ant\u00f4nio Andrade. <\/p>\n<p>O senador e ex-presidente do Uruguai, Jos\u00e9 Pepe Mujica, recebeu o Grande Colar. Cerca de tr\u00eas mil pessoas participaram da solenidade. Ao lado de representantes de movimentos sociais, estavam a senadora uruguaia Luc\u00eda Topolansky (mulher de Mujica), o presidente da Assembleia Legislativa de Minas Gerais, Adalclever Lopes, o presidente do Tribunal de Justi\u00e7a de Minas Gerais, Pedro Carlos Bittencourt Marcondes, o ministro da Justi\u00e7a, Eug\u00eanio Arag\u00e3o, o embaixador do Uruguai no Brasil, Carlos Daniel Amor\u00edn-Tenconi; e o presidente da C\u00e2mara Municipal de Our\u00e9m, em Portugal, Paulo Alexandre Homem Oliveira Fonseca.<\/p>\n<p>\u201cO 21 de abril \u00e9 o momento m\u00e1ximo do civismo mineiro. De trazer \u00e0 mem\u00f3ria a entrega daqueles que contribu\u00edram para a liberdade no Brasil e de homenagear os que cooperam para a democracia e o desenvolvimento do Estado. Hoje, Ouro Preto respira os ares da Inconfid\u00eancia\u201d, afirmou o vice-governador Ant\u00f4nio Andrade.<\/p>\n<p>O bi\u00f3logo Thomaz Pinotti recebeu a Grande Medalha, concedida in memoriam a seu pai, o engenheiro e pesquisador Marcos Pinotti, falecido em janeiro deste ano. Coordenador do Laborat\u00f3rio de Bioengenharia da Universidade Federal de Minas Gerais (UFMG), Pinotti foi o professor da universidade com o maior n\u00famero de patentes registradas, o que lhe rendeu o apelido de \u201cDr. Patente\u201d. \u201cAo mesmo tempo que \u00e9 uma grande honra, tamb\u00e9m \u00e9 um pouco triste para mim estar no lugar dele. Meu pai trabalhava com um milh\u00e3o de coisas diferentes, na interface entre a biologia e a engenharia mec\u00e2nica, inventando tudo o que se pudesse imaginar\u201d, recordou Thomaz.<\/p>\n<p>A chefe da Pol\u00edcia Civil de Minas Gerais, Andrea Claudia Vacchiano, que atua na corpora\u00e7\u00e3o h\u00e1 26 anos, tamb\u00e9m recebeu a Grande Medalha. \u201c\u00c9 mais um reconhecimento por parte do Governo do Estado, que vem dando apoio total \u00e0 Pol\u00edcia Civil de Minas Gerais\u201d, destacou ao citar a nomea\u00e7\u00e3o, pelo governador Fernando Pimentel, de mais de mil investigadores neste ano.<\/p>\n<p>Com a Medalha de Honra foram agraciadas 54 pessoas, entre elas o desembargador do Tribunal de Justi\u00e7a de Minas Gerais (TJMG), Valdez Leite Machado. \u201cEstou muito satisfeito, \u00e9 uma distin\u00e7\u00e3o receber essa Medalha. \u00c9 a certeza de que o Judici\u00e1rio mineiro est\u00e1 bem destacado no pa\u00eds\u201d, afirmou.<\/p>\n<p>A Medalha da Inconfid\u00eancia foi concedida a 63 personalidades de diversas \u00e1reas de atua\u00e7\u00e3o, como as artes, no caso do artista e educador social Fl\u00e1vio Renegado. Nascido no Alto Vera Cruz, bairro de periferia de Belo Horizonte, o m\u00fasico destacou o simbolismo da homenagem. \u201cEu, como cidad\u00e3o belo-horizontino de comunidade, de vilas e favelas receber uma parada dessas, para mim, \u00e9 uma honra. Estou feliz demais. A gente est\u00e1 vivendo um momento \u00edmpar na nossa sociedade, no nosso pa\u00eds, e receber uma homenagem como essa \u00e9 muito significativo, representa muito para toda essa luta que a gente representa, essa batalha. Espero poder representar a cidade, as comunidades e meu povo\u201d, encerrou.<\/p>\n<p><strong>Simbolismo<\/strong><\/p>\n<p>Criada em 1952 pelo governador Juscelino Kubitschek, a Medalha da Inconfid\u00eancia possui quatro designa\u00e7\u00f5es: Grande Colar, Grande Medalha, Medalha de Honra e Medalha da Inconfid\u00eancia. O governador Fernando Pimentel foi recebido com honras militares e, acompanhado do ex-presidente uruguaio Jos\u00e9 Mujica, depositou flores no monumento a Tiradentes, no centro de Ouro Preto. Os hinos do Brasil e do Uruguai foram executados pela Orquestra Sinf\u00f4nica da Pol\u00edcia Militar de Minas Gerais.<\/p>\n<p><strong>Galeria de Fotos<\/strong><\/p>\n<p><img decoding=\"async\" src=\"http:\/\/aconteceunovale.com.br\/portal\/wp-content\/uploads\/2016\/04\/medalha_da_inconfidencia_2016_21.jpg\" alt=\"\" \/><\/p>\n<p><div id='gallery-1' class='gallery galleryid-84892 gallery-columns-5 gallery-size-thumbnail'><figure class='gallery-item'>\n\t\t\t<div class='gallery-icon landscape'>\n\t\t\t\t<a href='https:\/\/aconteceunovale.com.br\/portal\/wp-content\/uploads\/2016\/04\/medalha_da_inconfidencia_2016_1.jpg'><img loading=\"lazy\" decoding=\"async\" width=\"150\" height=\"150\" src=\"https:\/\/aconteceunovale.com.br\/portal\/wp-content\/uploads\/2016\/04\/medalha_da_inconfidencia_2016_1-150x150.jpg\" class=\"attachment-thumbnail size-thumbnail\" alt=\"\" \/><\/a>\n\t\t\t<\/div><\/figure><figure class='gallery-item'>\n\t\t\t<div class='gallery-icon landscape'>\n\t\t\t\t<a href='https:\/\/aconteceunovale.com.br\/portal\/wp-content\/uploads\/2016\/04\/medalha_da_inconfidencia_2016_2.jpg'><img loading=\"lazy\" decoding=\"async\" width=\"150\" height=\"150\" src=\"https:\/\/aconteceunovale.com.br\/portal\/wp-content\/uploads\/2016\/04\/medalha_da_inconfidencia_2016_2-150x150.jpg\" class=\"attachment-thumbnail size-thumbnail\" alt=\"\" \/><\/a>\n\t\t\t<\/div><\/figure><figure class='gallery-item'>\n\t\t\t<div class='gallery-icon landscape'>\n\t\t\t\t<a href='https:\/\/aconteceunovale.com.br\/portal\/wp-content\/uploads\/2016\/04\/medalha_da_inconfidencia_2016_3.jpg'><img loading=\"lazy\" decoding=\"async\" width=\"150\" height=\"150\" src=\"https:\/\/aconteceunovale.com.br\/portal\/wp-content\/uploads\/2016\/04\/medalha_da_inconfidencia_2016_3-150x150.jpg\" class=\"attachment-thumbnail size-thumbnail\" alt=\"\" \/><\/a>\n\t\t\t<\/div><\/figure><figure class='gallery-item'>\n\t\t\t<div class='gallery-icon landscape'>\n\t\t\t\t<a href='https:\/\/aconteceunovale.com.br\/portal\/wp-content\/uploads\/2016\/04\/medalha_da_inconfidencia_2016_4.jpg'><img loading=\"lazy\" decoding=\"async\" width=\"150\" height=\"150\" src=\"https:\/\/aconteceunovale.com.br\/portal\/wp-content\/uploads\/2016\/04\/medalha_da_inconfidencia_2016_4-150x150.jpg\" class=\"attachment-thumbnail size-thumbnail\" alt=\"\" \/><\/a>\n\t\t\t<\/div><\/figure><figure class='gallery-item'>\n\t\t\t<div class='gallery-icon landscape'>\n\t\t\t\t<a href='https:\/\/aconteceunovale.com.br\/portal\/wp-content\/uploads\/2016\/04\/medalha_da_inconfidencia_2016_5.jpg'><img loading=\"lazy\" decoding=\"async\" width=\"150\" height=\"150\" src=\"https:\/\/aconteceunovale.com.br\/portal\/wp-content\/uploads\/2016\/04\/medalha_da_inconfidencia_2016_5-150x150.jpg\" class=\"attachment-thumbnail size-thumbnail\" alt=\"\" \/><\/a>\n\t\t\t<\/div><\/figure><figure class='gallery-item'>\n\t\t\t<div class='gallery-icon landscape'>\n\t\t\t\t<a href='https:\/\/aconteceunovale.com.br\/portal\/wp-content\/uploads\/2016\/04\/medalha_da_inconfidencia_2016_6.jpg'><img loading=\"lazy\" decoding=\"async\" width=\"150\" height=\"150\" src=\"https:\/\/aconteceunovale.com.br\/portal\/wp-content\/uploads\/2016\/04\/medalha_da_inconfidencia_2016_6-150x150.jpg\" class=\"attachment-thumbnail size-thumbnail\" alt=\"\" \/><\/a>\n\t\t\t<\/div><\/figure><figure class='gallery-item'>\n\t\t\t<div class='gallery-icon landscape'>\n\t\t\t\t<a href='https:\/\/aconteceunovale.com.br\/portal\/wp-content\/uploads\/2016\/04\/medalha_da_inconfidencia_2016_7.jpg'><img loading=\"lazy\" decoding=\"async\" width=\"150\" height=\"150\" src=\"https:\/\/aconteceunovale.com.br\/portal\/wp-content\/uploads\/2016\/04\/medalha_da_inconfidencia_2016_7-150x150.jpg\" class=\"attachment-thumbnail size-thumbnail\" alt=\"\" \/><\/a>\n\t\t\t<\/div><\/figure><figure class='gallery-item'>\n\t\t\t<div class='gallery-icon landscape'>\n\t\t\t\t<a href='https:\/\/aconteceunovale.com.br\/portal\/wp-content\/uploads\/2016\/04\/medalha_da_inconfidencia_2016_8.jpg'><img loading=\"lazy\" decoding=\"async\" width=\"150\" height=\"150\" src=\"https:\/\/aconteceunovale.com.br\/portal\/wp-content\/uploads\/2016\/04\/medalha_da_inconfidencia_2016_8-150x150.jpg\" class=\"attachment-thumbnail size-thumbnail\" alt=\"\" \/><\/a>\n\t\t\t<\/div><\/figure><figure class='gallery-item'>\n\t\t\t<div class='gallery-icon landscape'>\n\t\t\t\t<a href='https:\/\/aconteceunovale.com.br\/portal\/wp-content\/uploads\/2016\/04\/medalha_da_inconfidencia_2016_9.jpg'><img loading=\"lazy\" decoding=\"async\" width=\"150\" height=\"150\" src=\"https:\/\/aconteceunovale.com.br\/portal\/wp-content\/uploads\/2016\/04\/medalha_da_inconfidencia_2016_9-150x150.jpg\" class=\"attachment-thumbnail size-thumbnail\" alt=\"\" \/><\/a>\n\t\t\t<\/div><\/figure><figure class='gallery-item'>\n\t\t\t<div class='gallery-icon landscape'>\n\t\t\t\t<a href='https:\/\/aconteceunovale.com.br\/portal\/wp-content\/uploads\/2016\/04\/medalha_da_inconfidencia_2016_10.jpg'><img loading=\"lazy\" decoding=\"async\" width=\"150\" height=\"150\" src=\"https:\/\/aconteceunovale.com.br\/portal\/wp-content\/uploads\/2016\/04\/medalha_da_inconfidencia_2016_10-150x150.jpg\" class=\"attachment-thumbnail size-thumbnail\" alt=\"\" \/><\/a>\n\t\t\t<\/div><\/figure><figure class='gallery-item'>\n\t\t\t<div class='gallery-icon landscape'>\n\t\t\t\t<a href='https:\/\/aconteceunovale.com.br\/portal\/wp-content\/uploads\/2016\/04\/medalha_da_inconfidencia_2016_11.jpg'><img loading=\"lazy\" decoding=\"async\" width=\"150\" height=\"150\" src=\"https:\/\/aconteceunovale.com.br\/portal\/wp-content\/uploads\/2016\/04\/medalha_da_inconfidencia_2016_11-150x150.jpg\" class=\"attachment-thumbnail size-thumbnail\" alt=\"\" \/><\/a>\n\t\t\t<\/div><\/figure><figure class='gallery-item'>\n\t\t\t<div class='gallery-icon landscape'>\n\t\t\t\t<a href='https:\/\/aconteceunovale.com.br\/portal\/wp-content\/uploads\/2016\/04\/medalha_da_inconfidencia_2016_12.jpg'><img loading=\"lazy\" decoding=\"async\" width=\"150\" height=\"150\" src=\"https:\/\/aconteceunovale.com.br\/portal\/wp-content\/uploads\/2016\/04\/medalha_da_inconfidencia_2016_12-150x150.jpg\" class=\"attachment-thumbnail size-thumbnail\" alt=\"\" \/><\/a>\n\t\t\t<\/div><\/figure><figure class='gallery-item'>\n\t\t\t<div class='gallery-icon landscape'>\n\t\t\t\t<a href='https:\/\/aconteceunovale.com.br\/portal\/wp-content\/uploads\/2016\/04\/medalha_da_inconfidencia_2016_13.jpg'><img loading=\"lazy\" decoding=\"async\" width=\"150\" height=\"150\" src=\"https:\/\/aconteceunovale.com.br\/portal\/wp-content\/uploads\/2016\/04\/medalha_da_inconfidencia_2016_13-150x150.jpg\" class=\"attachment-thumbnail size-thumbnail\" alt=\"\" \/><\/a>\n\t\t\t<\/div><\/figure><figure class='gallery-item'>\n\t\t\t<div class='gallery-icon landscape'>\n\t\t\t\t<a href='https:\/\/aconteceunovale.com.br\/portal\/wp-content\/uploads\/2016\/04\/medalha_da_inconfidencia_2016_14.jpg'><img loading=\"lazy\" decoding=\"async\" width=\"150\" height=\"150\" src=\"https:\/\/aconteceunovale.com.br\/portal\/wp-content\/uploads\/2016\/04\/medalha_da_inconfidencia_2016_14-150x150.jpg\" class=\"attachment-thumbnail size-thumbnail\" alt=\"\" \/><\/a>\n\t\t\t<\/div><\/figure><figure class='gallery-item'>\n\t\t\t<div class='gallery-icon landscape'>\n\t\t\t\t<a href='https:\/\/aconteceunovale.com.br\/portal\/wp-content\/uploads\/2016\/04\/medalha_da_inconfidencia_2016_15.jpg'><img loading=\"lazy\" decoding=\"async\" width=\"150\" height=\"150\" src=\"https:\/\/aconteceunovale.com.br\/portal\/wp-content\/uploads\/2016\/04\/medalha_da_inconfidencia_2016_15-150x150.jpg\" class=\"attachment-thumbnail size-thumbnail\" alt=\"\" \/><\/a>\n\t\t\t<\/div><\/figure><figure class='gallery-item'>\n\t\t\t<div class='gallery-icon landscape'>\n\t\t\t\t<a href='https:\/\/aconteceunovale.com.br\/portal\/wp-content\/uploads\/2016\/04\/medalha_da_inconfidencia_2016_16.jpg'><img loading=\"lazy\" decoding=\"async\" width=\"150\" height=\"150\" src=\"https:\/\/aconteceunovale.com.br\/portal\/wp-content\/uploads\/2016\/04\/medalha_da_inconfidencia_2016_16-150x150.jpg\" class=\"attachment-thumbnail size-thumbnail\" alt=\"\" \/><\/a>\n\t\t\t<\/div><\/figure><figure class='gallery-item'>\n\t\t\t<div class='gallery-icon landscape'>\n\t\t\t\t<a href='https:\/\/aconteceunovale.com.br\/portal\/wp-content\/uploads\/2016\/04\/medalha_da_inconfidencia_2016_17.jpg'><img loading=\"lazy\" decoding=\"async\" width=\"150\" height=\"150\" src=\"https:\/\/aconteceunovale.com.br\/portal\/wp-content\/uploads\/2016\/04\/medalha_da_inconfidencia_2016_17-150x150.jpg\" class=\"attachment-thumbnail size-thumbnail\" alt=\"\" \/><\/a>\n\t\t\t<\/div><\/figure><figure class='gallery-item'>\n\t\t\t<div class='gallery-icon landscape'>\n\t\t\t\t<a href='https:\/\/aconteceunovale.com.br\/portal\/wp-content\/uploads\/2016\/04\/medalha_da_inconfidencia_2016_18.jpg'><img loading=\"lazy\" decoding=\"async\" width=\"150\" height=\"150\" src=\"https:\/\/aconteceunovale.com.br\/portal\/wp-content\/uploads\/2016\/04\/medalha_da_inconfidencia_2016_18-150x150.jpg\" class=\"attachment-thumbnail size-thumbnail\" alt=\"\" \/><\/a>\n\t\t\t<\/div><\/figure><figure class='gallery-item'>\n\t\t\t<div class='gallery-icon landscape'>\n\t\t\t\t<a href='https:\/\/aconteceunovale.com.br\/portal\/wp-content\/uploads\/2016\/04\/medalha_da_inconfidencia_2016_19.jpg'><img loading=\"lazy\" decoding=\"async\" width=\"150\" height=\"150\" src=\"https:\/\/aconteceunovale.com.br\/portal\/wp-content\/uploads\/2016\/04\/medalha_da_inconfidencia_2016_19-150x150.jpg\" class=\"attachment-thumbnail size-thumbnail\" alt=\"\" \/><\/a>\n\t\t\t<\/div><\/figure><figure class='gallery-item'>\n\t\t\t<div class='gallery-icon landscape'>\n\t\t\t\t<a href='https:\/\/aconteceunovale.com.br\/portal\/wp-content\/uploads\/2016\/04\/medalha_da_inconfidencia_2016_20.jpg'><img loading=\"lazy\" decoding=\"async\" width=\"150\" height=\"150\" src=\"https:\/\/aconteceunovale.com.br\/portal\/wp-content\/uploads\/2016\/04\/medalha_da_inconfidencia_2016_20-150x150.jpg\" class=\"attachment-thumbnail size-thumbnail\" alt=\"\" \/><\/a>\n\t\t\t<\/div><\/figure><figure class='gallery-item'>\n\t\t\t<div class='gallery-icon landscape'>\n\t\t\t\t<a href='https:\/\/aconteceunovale.com.br\/portal\/wp-content\/uploads\/2016\/04\/medalha_da_inconfidencia_2016_21.jpg'><img loading=\"lazy\" decoding=\"async\" width=\"150\" height=\"150\" src=\"https:\/\/aconteceunovale.com.br\/portal\/wp-content\/uploads\/2016\/04\/medalha_da_inconfidencia_2016_21-150x150.jpg\" class=\"attachment-thumbnail size-thumbnail\" alt=\"\" \/><\/a>\n\t\t\t<\/div><\/figure><figure class='gallery-item'>\n\t\t\t<div class='gallery-icon landscape'>\n\t\t\t\t<a href='https:\/\/aconteceunovale.com.br\/portal\/wp-content\/uploads\/2016\/04\/medalha_da_inconfidencia_2016_22.jpg'><img loading=\"lazy\" decoding=\"async\" width=\"150\" height=\"150\" src=\"https:\/\/aconteceunovale.com.br\/portal\/wp-content\/uploads\/2016\/04\/medalha_da_inconfidencia_2016_22-150x150.jpg\" class=\"attachment-thumbnail size-thumbnail\" alt=\"\" \/><\/a>\n\t\t\t<\/div><\/figure><figure class='gallery-item'>\n\t\t\t<div class='gallery-icon landscape'>\n\t\t\t\t<a href='https:\/\/aconteceunovale.com.br\/portal\/wp-content\/uploads\/2016\/04\/medalha_da_inconfidencia_2016_23.jpg'><img loading=\"lazy\" decoding=\"async\" width=\"150\" height=\"150\" src=\"https:\/\/aconteceunovale.com.br\/portal\/wp-content\/uploads\/2016\/04\/medalha_da_inconfidencia_2016_23-150x150.jpg\" class=\"attachment-thumbnail size-thumbnail\" alt=\"\" \/><\/a>\n\t\t\t<\/div><\/figure><figure class='gallery-item'>\n\t\t\t<div class='gallery-icon landscape'>\n\t\t\t\t<a href='https:\/\/aconteceunovale.com.br\/portal\/wp-content\/uploads\/2016\/04\/medalha_da_inconfidencia_2016_24.jpg'><img loading=\"lazy\" decoding=\"async\" width=\"150\" height=\"150\" src=\"https:\/\/aconteceunovale.com.br\/portal\/wp-content\/uploads\/2016\/04\/medalha_da_inconfidencia_2016_24-150x150.jpg\" class=\"attachment-thumbnail size-thumbnail\" alt=\"\" \/><\/a>\n\t\t\t<\/div><\/figure><figure class='gallery-item'>\n\t\t\t<div class='gallery-icon landscape'>\n\t\t\t\t<a href='https:\/\/aconteceunovale.com.br\/portal\/wp-content\/uploads\/2016\/04\/medalha_da_inconfidencia_2016_25.jpg'><img loading=\"lazy\" decoding=\"async\" width=\"150\" height=\"150\" src=\"https:\/\/aconteceunovale.com.br\/portal\/wp-content\/uploads\/2016\/04\/medalha_da_inconfidencia_2016_25-150x150.jpg\" class=\"attachment-thumbnail size-thumbnail\" alt=\"\" \/><\/a>\n\t\t\t<\/div><\/figure><figure class='gallery-item'>\n\t\t\t<div class='gallery-icon landscape'>\n\t\t\t\t<a href='https:\/\/aconteceunovale.com.br\/portal\/wp-content\/uploads\/2016\/04\/medalha_da_inconfidencia_2016_26.jpg'><img loading=\"lazy\" decoding=\"async\" width=\"150\" height=\"150\" src=\"https:\/\/aconteceunovale.com.br\/portal\/wp-content\/uploads\/2016\/04\/medalha_da_inconfidencia_2016_26-150x150.jpg\" class=\"attachment-thumbnail size-thumbnail\" alt=\"\" \/><\/a>\n\t\t\t<\/div><\/figure><figure class='gallery-item'>\n\t\t\t<div class='gallery-icon landscape'>\n\t\t\t\t<a href='https:\/\/aconteceunovale.com.br\/portal\/wp-content\/uploads\/2016\/04\/medalha_da_inconfidencia_2016_27.jpg'><img loading=\"lazy\" decoding=\"async\" width=\"150\" height=\"150\" src=\"https:\/\/aconteceunovale.com.br\/portal\/wp-content\/uploads\/2016\/04\/medalha_da_inconfidencia_2016_27-150x150.jpg\" class=\"attachment-thumbnail size-thumbnail\" alt=\"\" \/><\/a>\n\t\t\t<\/div><\/figure><figure class='gallery-item'>\n\t\t\t<div class='gallery-icon landscape'>\n\t\t\t\t<a href='https:\/\/aconteceunovale.com.br\/portal\/wp-content\/uploads\/2016\/04\/medalha_da_inconfidencia_2016_28.jpg'><img loading=\"lazy\" decoding=\"async\" width=\"150\" height=\"150\" src=\"https:\/\/aconteceunovale.com.br\/portal\/wp-content\/uploads\/2016\/04\/medalha_da_inconfidencia_2016_28-150x150.jpg\" class=\"attachment-thumbnail size-thumbnail\" alt=\"\" \/><\/a>\n\t\t\t<\/div><\/figure><figure class='gallery-item'>\n\t\t\t<div class='gallery-icon landscape'>\n\t\t\t\t<a href='https:\/\/aconteceunovale.com.br\/portal\/wp-content\/uploads\/2016\/04\/medalha_da_inconfidencia_2016_29.jpg'><img loading=\"lazy\" decoding=\"async\" width=\"150\" height=\"150\" src=\"https:\/\/aconteceunovale.com.br\/portal\/wp-content\/uploads\/2016\/04\/medalha_da_inconfidencia_2016_29-150x150.jpg\" class=\"attachment-thumbnail size-thumbnail\" alt=\"\" \/><\/a>\n\t\t\t<\/div><\/figure><figure class='gallery-item'>\n\t\t\t<div class='gallery-icon landscape'>\n\t\t\t\t<a href='https:\/\/aconteceunovale.com.br\/portal\/wp-content\/uploads\/2016\/04\/medalha_da_inconfidencia_2016_30.jpg'><img loading=\"lazy\" decoding=\"async\" width=\"150\" height=\"150\" src=\"https:\/\/aconteceunovale.com.br\/portal\/wp-content\/uploads\/2016\/04\/medalha_da_inconfidencia_2016_30-150x150.jpg\" class=\"attachment-thumbnail size-thumbnail\" alt=\"\" \/><\/a>\n\t\t\t<\/div><\/figure><figure class='gallery-item'>\n\t\t\t<div class='gallery-icon landscape'>\n\t\t\t\t<a href='https:\/\/aconteceunovale.com.br\/portal\/wp-content\/uploads\/2016\/04\/medalha_da_inconfidencia_2016_31.jpg'><img loading=\"lazy\" decoding=\"async\" width=\"150\" height=\"150\" src=\"https:\/\/aconteceunovale.com.br\/portal\/wp-content\/uploads\/2016\/04\/medalha_da_inconfidencia_2016_31-150x150.jpg\" class=\"attachment-thumbnail size-thumbnail\" alt=\"\" \/><\/a>\n\t\t\t<\/div><\/figure><figure class='gallery-item'>\n\t\t\t<div class='gallery-icon landscape'>\n\t\t\t\t<a href='https:\/\/aconteceunovale.com.br\/portal\/wp-content\/uploads\/2016\/04\/medalha_da_inconfidencia_2016_32.jpg'><img loading=\"lazy\" decoding=\"async\" width=\"150\" height=\"150\" src=\"https:\/\/aconteceunovale.com.br\/portal\/wp-content\/uploads\/2016\/04\/medalha_da_inconfidencia_2016_32-150x150.jpg\" class=\"attachment-thumbnail size-thumbnail\" alt=\"\" \/><\/a>\n\t\t\t<\/div><\/figure><figure class='gallery-item'>\n\t\t\t<div class='gallery-icon landscape'>\n\t\t\t\t<a href='https:\/\/aconteceunovale.com.br\/portal\/wp-content\/uploads\/2016\/04\/medalha_da_inconfidencia_2016_33.jpg'><img loading=\"lazy\" decoding=\"async\" width=\"150\" height=\"150\" src=\"https:\/\/aconteceunovale.com.br\/portal\/wp-content\/uploads\/2016\/04\/medalha_da_inconfidencia_2016_33-150x150.jpg\" class=\"attachment-thumbnail size-thumbnail\" alt=\"\" \/><\/a>\n\t\t\t<\/div><\/figure><figure class='gallery-item'>\n\t\t\t<div class='gallery-icon landscape'>\n\t\t\t\t<a href='https:\/\/aconteceunovale.com.br\/portal\/wp-content\/uploads\/2016\/04\/medalha_da_inconfidencia_2016_34.jpg'><img loading=\"lazy\" decoding=\"async\" width=\"150\" height=\"150\" src=\"https:\/\/aconteceunovale.com.br\/portal\/wp-content\/uploads\/2016\/04\/medalha_da_inconfidencia_2016_34-150x150.jpg\" class=\"attachment-thumbnail size-thumbnail\" alt=\"\" \/><\/a>\n\t\t\t<\/div><\/figure><figure class='gallery-item'>\n\t\t\t<div class='gallery-icon landscape'>\n\t\t\t\t<a href='https:\/\/aconteceunovale.com.br\/portal\/wp-content\/uploads\/2016\/04\/medalha_da_inconfidencia_2016_35.jpg'><img loading=\"lazy\" decoding=\"async\" width=\"150\" height=\"150\" src=\"https:\/\/aconteceunovale.com.br\/portal\/wp-content\/uploads\/2016\/04\/medalha_da_inconfidencia_2016_35-150x150.jpg\" class=\"attachment-thumbnail size-thumbnail\" alt=\"\" \/><\/a>\n\t\t\t<\/div><\/figure><figure class='gallery-item'>\n\t\t\t<div class='gallery-icon landscape'>\n\t\t\t\t<a href='https:\/\/aconteceunovale.com.br\/portal\/wp-content\/uploads\/2016\/04\/medalha_da_inconfidencia_2016_36.jpg'><img loading=\"lazy\" decoding=\"async\" width=\"150\" height=\"150\" src=\"https:\/\/aconteceunovale.com.br\/portal\/wp-content\/uploads\/2016\/04\/medalha_da_inconfidencia_2016_36-150x150.jpg\" class=\"attachment-thumbnail size-thumbnail\" alt=\"\" \/><\/a>\n\t\t\t<\/div><\/figure><figure class='gallery-item'>\n\t\t\t<div class='gallery-icon landscape'>\n\t\t\t\t<a href='https:\/\/aconteceunovale.com.br\/portal\/wp-content\/uploads\/2016\/04\/medalha_da_inconfidencia_2016_37.jpg'><img loading=\"lazy\" decoding=\"async\" width=\"150\" height=\"150\" src=\"https:\/\/aconteceunovale.com.br\/portal\/wp-content\/uploads\/2016\/04\/medalha_da_inconfidencia_2016_37-150x150.jpg\" class=\"attachment-thumbnail size-thumbnail\" alt=\"\" \/><\/a>\n\t\t\t<\/div><\/figure><figure class='gallery-item'>\n\t\t\t<div class='gallery-icon landscape'>\n\t\t\t\t<a href='https:\/\/aconteceunovale.com.br\/portal\/wp-content\/uploads\/2016\/04\/medalha_da_inconfidencia_2016_38.jpg'><img loading=\"lazy\" decoding=\"async\" width=\"150\" height=\"150\" src=\"https:\/\/aconteceunovale.com.br\/portal\/wp-content\/uploads\/2016\/04\/medalha_da_inconfidencia_2016_38-150x150.jpg\" class=\"attachment-thumbnail size-thumbnail\" alt=\"\" \/><\/a>\n\t\t\t<\/div><\/figure><figure class='gallery-item'>\n\t\t\t<div class='gallery-icon landscape'>\n\t\t\t\t<a href='https:\/\/aconteceunovale.com.br\/portal\/wp-content\/uploads\/2016\/04\/medalha_da_inconfidencia_2016_39.jpg'><img loading=\"lazy\" decoding=\"async\" width=\"150\" height=\"150\" src=\"https:\/\/aconteceunovale.com.br\/portal\/wp-content\/uploads\/2016\/04\/medalha_da_inconfidencia_2016_39-150x150.jpg\" class=\"attachment-thumbnail size-thumbnail\" alt=\"\" \/><\/a>\n\t\t\t<\/div><\/figure><figure class='gallery-item'>\n\t\t\t<div class='gallery-icon landscape'>\n\t\t\t\t<a href='https:\/\/aconteceunovale.com.br\/portal\/wp-content\/uploads\/2016\/04\/medalha_da_inconfidencia_2016_40.jpg'><img loading=\"lazy\" decoding=\"async\" width=\"150\" height=\"150\" src=\"https:\/\/aconteceunovale.com.br\/portal\/wp-content\/uploads\/2016\/04\/medalha_da_inconfidencia_2016_40-150x150.jpg\" class=\"attachment-thumbnail size-thumbnail\" alt=\"\" \/><\/a>\n\t\t\t<\/div><\/figure>\n\t\t<\/div>\n<br \/>\n<\/br><\/p>\n<h2><strong>Agraciados:<\/strong><\/h2>\n<p><strong>Grande Colar<\/strong><\/p>\n<p>Jos\u00e9 Alberto Mujica Cordano, Senador da Rep\u00fablica Oriental do Uruguai<\/p>\n<p><strong>Grande Medalha<\/strong><\/p>\n<p>Anderson Alc\u00e2ntara Silva Melo, Delegado-Geral de Pol\u00edcia Civil &#8211; Promo\u00e7\u00e3o<\/p>\n<p>Andrea Claudia Vacchiano, Chefe da Pol\u00edcia Civil de Minas Gerais &#8211; Ex off\u00edcio<\/p>\n<p>Antonio Carlos Molinari, Empres\u00e1rio Mestre Vidreiro<\/p>\n<p>Ant\u00f3nio Ribeiro Gameiro, Deputado da Assembleia da Rep\u00fablica de Santar\u00e9m (Portugal)<\/p>\n<p>Carlos Augusto Amaral Oliveira, Major Brigadeiro do Ar, Vice-diretor de Ensino do Departamento de Ensino da Aeron\u00e1utica<\/p>\n<p>Carlos Augusto de Barros Levenhagen, Conselheiro do Conselho Nacional de Justi\u00e7a<\/p>\n<p>Carlos Daniel Amor\u00edn-Tenconi, Embaixador do Uruguai no Brasil<\/p>\n<p>C\u00e9dio Pereira Lima J\u00fanior, Procurador do Estado<\/p>\n<p>Dom Edson Jos\u00e9 Oriolo dos Santos, Bispo Auxiliar da Arquidiocese de Belo Horizonte<\/p>\n<p>Dulciene Maria de Magalh\u00e3es Queiroz, Professora Titular<\/p>\n<p>Eliseu Roberto de Andrade Alves, Pesquisador &#8211; Promo\u00e7\u00e3o<\/p>\n<p>Eug\u00eanio Jos\u00e9 Guilherme Arag\u00e3o, Ministro de Estado da Justi\u00e7a<\/p>\n<p>Fernando Caldeira Brant, 1\u00ba Vice-presidente do Tribunal de Justi\u00e7a do Estado de Minas Gerais &#8211; Promo\u00e7\u00e3o<\/p>\n<p>Francisco de Souza Andrade Netto, Presidente do Tribunal de Contas dos Munic\u00edpios da Bahia<\/p>\n<p>Hadil Fontes da Rocha Vianna, Embaixador do Brasil na Rep\u00fablica do Uruguai<\/p>\n<p>In\u00eas Etienne Romeu, Historiadora &#8211; In Memoriam<\/p>\n<p>Ivan Moys\u00e9s Ayupe, Brigadeiro do Ar, Comandante do Centro de Instru\u00e7\u00e3o e Adapta\u00e7\u00e3o da Aeron\u00e1utica &#8211; CIAAR &#8211;  Ex off\u00edcio<\/p>\n<p>Jos\u00e9 Aguinaldo de Moura, Coronel Aviador, Comandante da Escola Preparat\u00f3ria de Cadetes do Ar &#8211; EPCAR<\/p>\n<p>Luiz Ant\u00f4nio Alves de Matos, Coronel BM<\/p>\n<p>M\u00e1rcio Fernando Elias Rosa, Procurador &#8211; Geral de Justi\u00e7a do Estado de S\u00e3o Paulo<\/p>\n<p>Marcos Pinotti Barbosa, Professor &#8211; In Memoriam<\/p>\n<p>Marcus Vin\u00edcius Bolivar Malachias, Presidente da Sociedade Brasileira de Cardiologia &#8211; Promo\u00e7\u00e3o<\/p>\n<p>Maria do Socorro J\u00f4 Moraes, Deputada Federal &#8211; Promo\u00e7\u00e3o<\/p>\n<p>Paulo Alexandre Homem Oliveira Fonseca, Presidente da C\u00e2mara Municipal de Our\u00e9m<\/p>\n<p>Pedro Aleixo Neto, Desembargador do Tribunal de Justi\u00e7a do Estado de Minas Gerais &#8211; Promo\u00e7\u00e3o<\/p>\n<p>Pedro Rog\u00e9rio Couto Moreira, Jornalista &#8211; Promo\u00e7\u00e3o<\/p>\n<p>Regina Almeida, Professora Aposentada &#8211; Promo\u00e7\u00e3o<\/p>\n<p>Reginaldo L\u00e1zaro de Oliveira Lopes, Deputado Federal &#8211; Promo\u00e7\u00e3o<\/p>\n<p>Vinicius Ferreira Martinelli, General de Brigada EB<\/p>\n<p>Vital do Rego Filho, Ministro do Tribunal de Contas da Uni\u00e3o<\/p>\n<p><strong>Medalha de Honra<\/strong><\/p>\n<p>Agostinho Gomes de Azevedo, Desembargador do Tribunal de Justi\u00e7a de Minas Gerais<\/p>\n<p>Alcione Maria Martins Comonian, Secret\u00e1ria-Geral Adjunta da Governadoria<\/p>\n<p>Alexandre Quintino Santiago, Desembargador do Tribunal de Justi\u00e7a de Minas Gerais<\/p>\n<p>Alice de Souza Birchal, Desembargadora do Tribunal de Justi\u00e7a do Estado de Minas Gerais<\/p>\n<p>\u00c1lvares Cabral da Silva, Desembargador do Tribunal de Justi\u00e7a do Estado de Minas Gerais<\/p>\n<p>Ana M\u00e1rcia dos Santos Mello, Advogada<\/p>\n<p>Andr\u00e9 Leite Pra\u00e7a, Desembargador do Tribunal de Justi\u00e7a do Estado de Minas Gerais<\/p>\n<p>Andr\u00e9 Luiz Amorim Siqueira, Desembargador do Tribunal de Justi\u00e7a de Minas Gerais<\/p>\n<p>Ant\u00f4nio S\u00e9rgio Rocha de Paula, Procurador de Justi\u00e7a<\/p>\n<p>Ant\u00f4nio S\u00e9rvulo dos Santos, Corregedor-Geral de Justi\u00e7a de Minas Gerais &#8211; Promo\u00e7\u00e3o<\/p>\n<p>Augusto C\u00e9sar Abreu dos Santos, Coronel Aviador, Diretor do Parque de Material Aeron\u00e1utico de Lagoa Santa<\/p>\n<p>Aurora Russi, C\u00f4nsul da It\u00e1lia em Minas Gerais<\/p>\n<p>Beatriz Bento de Souza, Diretora da Unidade da Universidade de Minas Gerais &#8211;  Leopoldina<\/p>\n<p>Cl\u00e1udio Couto Terr\u00e3o, Vice-presidente do Tribunal de Contas de Minas Gerais<\/p>\n<p>Denise Luci Guimar\u00e3es Gualberto Moreira, Tenente Coronel PM<\/p>\n<p>Eduardo Lima Andrade Ferreira, Presidente da Companhia de G\u00e1s de Minas Gerais<\/p>\n<p>Edvaldo Pereira de Moura, Vice-presidente e Corregedor do Tribunal Eleitoral do Piau\u00ed<\/p>\n<p>Elias Camilo Sobrinho, Desembargador do Tribunal de Justi\u00e7a do Estado de Minas Gerais<\/p>\n<p>Ernande Brand\u00e3o David, Coronel BM<\/p>\n<p>Geraldo Domingos Coelho, Vice-presidente e Corregedor do Tribunal Regional Eleitoral de Minas Gerais &#8211; Promo\u00e7\u00e3o<\/p>\n<p>Jean Jacques Alc\u00e2ntara Pedra, Tenente Coronel PM<\/p>\n<p>Jo\u00e3o Alberto Paix\u00e3o Lages, Deputado Estadual &#8211; Promo\u00e7\u00e3o<\/p>\n<p>Jorge Alberto Nabut, Jornalista<\/p>\n<p>Jos\u00e9 Afr\u00e2nio Vilela, Desembargador do Tribunal de Justi\u00e7a do Estado de Minas Gerais <\/p>\n<p>Jos\u00e9 Arthur de Carvalho Pereira Filho, Desembargador do Tribunal de Justi\u00e7a o Estado de Minas Gerais <\/p>\n<p>Jos\u00e9 Carlos Brandi Aleixo, Padre &#8211; Promo\u00e7\u00e3o<\/p>\n<p>Judimar Martins Biber Sampaio, Desembargador do Tribunal de Justi\u00e7a de Minas Gerais<\/p>\n<p>Juliana Campos Horta de Andrade, Desembargadora do Tribunal de Justi\u00e7a de Minas Gerais<\/p>\n<p>J\u00falio C\u00e9sar Lorens, Desembargador do Tribunal de Justi\u00e7a do Estado de Minas Gerais<\/p>\n<p>J\u00fania Ferreira Furtado, Professora de Educa\u00e7\u00e3o Superior <\/p>\n<p>Leonard de Castro Farah, 1\u00ba Tenente BM &#8211; Promo\u00e7\u00e3o<\/p>\n<p>Luiz Carlos de Azevedo Corr\u00eaa Junior, Desembargador do Tribunal de Justi\u00e7a do Estado de Minas Gerais<\/p>\n<p>Luiz Cl\u00e1udio Costa, Presidente da Rede Record<\/p>\n<p>Marco Aur\u00e9lio Ferenzini, Desembargador do Tribunal de Justi\u00e7a do Estado de Minas Gerais<\/p>\n<p>Marcos Moretzsohn Renault Coelho, Presidente da Associa\u00e7\u00e3o Nacional dos Veteranos da For\u00e7a Expedicion\u00e1ria Brasileira &#8211; Regional Belo Horizonte<\/p>\n<p>Marcus Vinicius Mansur Messeder, Tenente Coronel EB<\/p>\n<p>Maria Beatriz Madureira Pinheiro Costa Caires, Desembargadora do Tribunal de Justi\u00e7a do Estado de Minas Gerais<\/p>\n<p>Maria C\u00e2ndida Trindade Costa de Seabra, Professora de Educa\u00e7\u00e3o Superior &#8211; Promo\u00e7\u00e3o<\/p>\n<p>Maria Cl\u00e1udia Bucchianeri Pinheiro, Advogada<\/p>\n<p>Mari\u00e2ngela Meyer Pires Faleiro, Desembargadora do Tribunal de Justi\u00e7a de Minas Gerais<\/p>\n<p>M\u00e1rvio Cristo Moreira, Coronel PM<\/p>\n<p>Moacir Leomil Neto, Professor de Educa\u00e7\u00e3o Superior  <\/p>\n<p>Neivaldo de Lima Virg\u00edlio, Deputado Estadual<\/p>\n<p>Octavio Augusto De Nigris Boccalini, Desembargador do Tribunal de Justi\u00e7a de Minas Gerais<\/p>\n<p>Osvaldo Oliveira Ara\u00fajo Firmo, Desembargador do Tribunal de Justi\u00e7a de Minas Gerais <\/p>\n<p>Paulo C\u00e9zar Dias, Presidente do Tribunal Regional Eleitoral de Minas Gerais &#8211; Promo\u00e7\u00e3o<\/p>\n<p>Renato Lu\u00eds Dresch, Desembargador do Tribunal de Justi\u00e7a do Estado de Minas Gerais<\/p>\n<p>Robson Jos\u00e9 de Queiroz, Coronel PM<\/p>\n<p>Rodrigo Macedo de Bustamante, Delegado Regional de Pol\u00edcia Civil<\/p>\n<p>Rog\u00e9rio Medeiros Garcia de Lima, Desembargador do Tribunal de Justi\u00e7a do Estado de Minas Gerais &#8211; Promo\u00e7\u00e3o<\/p>\n<p>Valdez Leite Machado, Desembargador do Tribunal de Justi\u00e7a do Estado de Minas Gerais<\/p>\n<p>Wagner Wilson Ferreira, Desembargador do Tribunal de Justi\u00e7a de Minas Gerais &#8211; Promo\u00e7\u00e3o<\/p>\n<p>Wander Paulo Marotta Moreira, 3\u00ba Vice-presidente do Tribunal de Justi\u00e7a do Estado de Minas Gerais &#8211; Promo\u00e7\u00e3o<\/p>\n<p>Yule Roberta Ferreira Nunes, Professora de Educa\u00e7\u00e3o Superior<\/p>\n<p><strong>Medalha da Inconfid\u00eancia<\/strong><\/p>\n<p>Ado J\u00f3rio de Vasconcelos, Professor Titular<\/p>\n<p>Adriano Nunes Nesi, Professor Adjunto<\/p>\n<p>Alessandro Marques, Vice-presidente da Companhia de Habita\u00e7\u00e3o de Minas Gerais<\/p>\n<p>Alex Barbosa de Matos, Presidente da 54\u00aa Subse\u00e7\u00e3o da Ordem dos Advogados do Brasil &#8211; OAB\/MG<\/p>\n<p>Allysson Danilo Dantas Silva, Diretor de Desenvolvimento de Recursos Humanos da Universidade Estadual de Montes Claros &#8211; Unimontes<\/p>\n<p>Andr\u00e9 de Jesus Rodrigues, Cabo PM<\/p>\n<p>Ant\u00f4nio Fabr\u00edcio de Matos Gon\u00e7alves, Presidente da Ordem dos Advogados do Brasil &#8211; OAB\/MG<\/p>\n<p>Ant\u00f4nio Hot Pereira de Faria, Tenente PM<\/p>\n<p>Arthur de Oliveira Abrantes, Estudante<\/p>\n<p>Banda Euterpe Cachoeirense   <\/p>\n<p>Bernadete Carvalho Soares de Aguiar, Advogada<\/p>\n<p>Carolina Maria Viriato Freitas, Soldado BM<\/p>\n<p>Cl\u00e1udia Ferreira Pacheco de Freitas, Promotora de Justi\u00e7a do Estado de Minas Gerais<\/p>\n<p>Daniel Barcelos Ferreira, Delegado de Pol\u00edcia Classe Especial<\/p>\n<p>Daniel da Carvalho Guimar\u00e3es, Procurador-Geral do Minist\u00e9rio P\u00fablico de Contas do Estado de Minas Gerais<\/p>\n<p>Daniel Pereira Pinto, 2\u00ba Tenente PM<\/p>\n<p>Davison Augusto Celino, Cabo PM<\/p>\n<p>Elione Carlos Costa Souza, 2\u00ba Tenente PM<\/p>\n<p>Fabiano Ferreira Furlan, Promotor de Justi\u00e7a do Estado de Minas Gerais<\/p>\n<p>Fernanda Flaviana de Souza Martins, Diretora-Geral do Projeto Provid\u00eancia<\/p>\n<p>Fl\u00e1vio de Abreu Louren\u00e7o, Educador Social<\/p>\n<p>Gisele Guimar\u00e3es Cittadino, Professora Associada da Pontif\u00edcia Universidade Cat\u00f3lica do Rio de Janeiro<\/p>\n<p>Guilherme Endrigo Mar\u00e7al Neves, Cabo PM<\/p>\n<p>Gustavo Fraga Brand\u00e3o Paulus, Diretor-Executivo da Rede Record Minas<\/p>\n<p>Haendell Reis Pinheiro, Capit\u00e3o PM<\/p>\n<p>Henrique Chaves Aleixo, Major PM<\/p>\n<p>Jo\u00e3o Batista Miguel, Secret\u00e1rio de Estado Adjunto de Cultura<\/p>\n<p>Jo\u00e3o Cruz Reis Filho, Secret\u00e1rio de Estado de Agricultura, Pecu\u00e1ria e Abastecimento<\/p>\n<p>Jo\u00e3o Luiz da Matta Felisberto, Capit\u00e3o PM<\/p>\n<p>Jos\u00e9 Luiz Borges Horta, Coordenador do Curso de Gradua\u00e7\u00e3o em Ci\u00eancias da Universidade Federal de Minas Gerais<\/p>\n<p>Jos\u00e9 Miguel Zanetti Trigueros, Estudante<\/p>\n<p>Juari Alexandre Santos, Capit\u00e3o PM<\/p>\n<p>Lar S\u00e3o Vicente de Paulo de Ouro Preto<\/p>\n<p>Leandro Henriques Gon\u00e7alves, Advogado<\/p>\n<p>Leonardo Maur\u00edcio Diniz, M\u00e9dico<\/p>\n<p>Libiane Gon\u00e7alves Campos, Secret\u00e1ria Executiva<\/p>\n<p>Lisandre Borges Fortes da Costa Figueira, Ju\u00edza de Direito<\/p>\n<p>Luana Diana dos Santos, Historiadora<\/p>\n<p>Luiz Carlos Ferreira, Delegado Geral da Pol\u00edcia Civil<\/p>\n<p>Marcelo Souza Couto Gontijo, Capit\u00e3o PM<\/p>\n<p>M\u00e1rcio Ferreira, 1\u00ba Sargento BM<\/p>\n<p>M\u00e1rcio Sampaio, Escritor<\/p>\n<p>Marco Ant\u00f4nio Lopes de Almeida, Procurador de Justi\u00e7a do Estado de Minas Gerais<\/p>\n<p>Marcus Vin\u00edcius Mendes do Valle, Juiz de Direito<\/p>\n<p>Maria Ivone Ramalho dos Santos, Prefeita Municipal de Malacacheta<\/p>\n<p>Maria Perp\u00e9tua de Almeida, Secret\u00e1ria de Produtos de Defesa do Minist\u00e9rio da Defesa<\/p>\n<p>Mario Seguso, Empres\u00e1rio<\/p>\n<p>Mateus de Moura Lima Gomes, Diretor Vice-presidente da Companhia Energ\u00e9tica de Minas Gerais <\/p>\n<p>Murilo C\u00e9sar Ferreira, Major PM<\/p>\n<p>Odair Nunes de Almeida, Diretor da Escola Estadual Ant\u00f4nio Corr\u00eaa e Silva<\/p>\n<p>Orlando Caixeta Fialho<\/p>\n<p>Paulo de Moura Ramos, Diretor-Presidente da Companhia de Tecnologia da Informa\u00e7\u00e3o do Estado de Minas Gerais<\/p>\n<p>Romilda Oliveira Alves, Diretora do Instituto Superior de Educa\u00e7\u00e3o An\u00edsio Teixeira da Unidade da UEMG em Ibirit\u00e9<\/p>\n<p>Rosalice Caetano Soares, Empres\u00e1ria<\/p>\n<p>Rosilene Cristina Rocha, Secret\u00e1ria Adjunta de Trabalho e Desenvolvimento Social<\/p>\n<p>S\u00e2nzio Baioneta Nogueira, Advogado<\/p>\n<p>Selmo de Andrade Lopes, Subtenente BM<\/p>\n<p>Tania Menezes Lepesqueur, Prefeita Municipal de Uruana de Minas<\/p>\n<p>Tiago Silva Costa, 1\u00ba Tenente BM<\/p>\n<p>Una\u00ed Tupinamb\u00e1s, M\u00e9dico <\/p>\n<p>Wellington Alves Pereira, Major PM<\/p>\n<p>Wesley Menon, Cabo BM<\/p>\n<p>Yoshihiro Shono, Empres\u00e1rio<br \/>\n<\/br><\/p>\n<p><em>(Fonte: Ag\u00eancia Minas \/ Fotos: Veronica Manevy, Marcelo Sant&#8217;Anna, Carlos Alberto e Gil Leonardi da Imprensa Minas Gerais \/ Divulga\u00e7\u00e3o Ag\u00eancia Minas)<\/em><\/p>\n","protected":false},"excerpt":{"rendered":"<p>Cento e quarenta e oito personalidades e entidades foram agraciadas na 65\u00aa solenidade de entrega da Medalha da Inconfid\u00eancia, nesta quinta-feira (21\/4), em Ouro Preto, data em que se recorda a morte de Tiradentes. A comenda, maior honraria concedida pelo estado de Minas Gerais, presta homenagem \u00e0queles que contribu\u00edram para o desenvolvimento do Estado e [&hellip;]<\/p>\n","protected":false},"author":1,"featured_media":84913,"comment_status":"open","ping_status":"closed","sticky":false,"template":"","format":"standard","meta":{"amp_status":"","footnotes":""},"categories":[125,123],"tags":[89655,89654,31925,89678,66787,27125,89668,89664,89671,89670,1018,89663,42240,83194,80847,89674,12826,28545,89677,29798,89675,89162,89163,89679,89684,89682,79681,15493,89659,89683,89685,89657,89669,42238,89676,89673,89164,35209,89656,211,89667,89666,89662,89680,89681,89660,89665,89661,711,874,89672,89658],"class_list":["post-84892","post","type-post","status-publish","format-standard","has-post-thumbnail","hentry","category-noticias","category-gerais","tag-65a-entrega-da-medalha-da-inconfidencia","tag-65a-solenidade-de-entrega-da-medalha-da-inconfidencia","tag-adalclever-lopes","tag-agraciados-com-a-medalha-da-inconfidencia-2016","tag-andrea-claudia-vacchiano","tag-antonio-andrade","tag-biologo-thomaz-pinotti-recebeu-a-grande-medalha","tag-carlos-daniel-amorin-tenconi","tag-chefe-da-policia-civil-de-minas-gerais","tag-coordenador-do-laboratorio-de-bioengenharia-da-universidade-federal-de-minas-gerais","tag-destaque","tag-embaixador-do-uruguai-no-brasil","tag-entrega-da-medalha-da-inconfidencia","tag-eugenio-aragao","tag-ex-presidente-do-uruguai","tag-ex-presidente-uruguaio-jose-mujica","tag-fernando-pimentel","tag-flavio-renegado","tag-ganhadores-da-medalha-da-inconfidencia-2016","tag-governador-fernando-pimentel","tag-governador-preside-entrega-da-medalha-da-inconfidencia-em-ouro-preto","tag-grande-colar","tag-grande-medalha","tag-homenageados-com-a-medalha-da-inconfidencia-2016","tag-homenagem-lucia-topolansky","tag-homenagem-pepe-mujica","tag-jose-pepe-mujica","tag-juscelino-kubitschek","tag-lucia-topolansky","tag-lucia-topolansky-em-minas-gerais","tag-lucia-topolansky-no-brasil","tag-maior-honraria-concedida-pelo-estado-de-minas-gerais","tag-marcos-pinotti","tag-medalha-da-inconfidencia","tag-medalha-da-inconfidencia-2016","tag-medalha-da-inconfidencia-foi-concedida-a-63-personalidades","tag-medalha-de-honra","tag-ministro-da-justica","tag-morte-de-tiradentes","tag-ouro-preto","tag-ouro-preto-respira-os-ares-da-inconfidencia","tag-paulo-alexandre-homem-oliveira-fonseca","tag-pedro-carlos-bittencourt-marcondes","tag-pepe-mujica-em-minas-gerais","tag-pepe-mujica-no-brasil","tag-presidente-da-assembleia-legislativa-de-minas-gerais","tag-presidente-da-camara-municipal-de-ourem","tag-presidente-do-tribunal-de-justica-de-minas-gerais","tag-tiradentes","tag-ufmg","tag-valdez-leite-machado","tag-vice-governador-antonio-andrade"],"_links":{"self":[{"href":"https:\/\/aconteceunovale.com.br\/portal\/index.php?rest_route=\/wp\/v2\/posts\/84892","targetHints":{"allow":["GET"]}}],"collection":[{"href":"https:\/\/aconteceunovale.com.br\/portal\/index.php?rest_route=\/wp\/v2\/posts"}],"about":[{"href":"https:\/\/aconteceunovale.com.br\/portal\/index.php?rest_route=\/wp\/v2\/types\/post"}],"author":[{"embeddable":true,"href":"https:\/\/aconteceunovale.com.br\/portal\/index.php?rest_route=\/wp\/v2\/users\/1"}],"replies":[{"embeddable":true,"href":"https:\/\/aconteceunovale.com.br\/portal\/index.php?rest_route=%2Fwp%2Fv2%2Fcomments&post=84892"}],"version-history":[{"count":0,"href":"https:\/\/aconteceunovale.com.br\/portal\/index.php?rest_route=\/wp\/v2\/posts\/84892\/revisions"}],"wp:featuredmedia":[{"embeddable":true,"href":"https:\/\/aconteceunovale.com.br\/portal\/index.php?rest_route=\/wp\/v2\/media\/84913"}],"wp:attachment":[{"href":"https:\/\/aconteceunovale.com.br\/portal\/index.php?rest_route=%2Fwp%2Fv2%2Fmedia&parent=84892"}],"wp:term":[{"taxonomy":"category","embeddable":true,"href":"https:\/\/aconteceunovale.com.br\/portal\/index.php?rest_route=%2Fwp%2Fv2%2Fcategories&post=84892"},{"taxonomy":"post_tag","embeddable":true,"href":"https:\/\/aconteceunovale.com.br\/portal\/index.php?rest_route=%2Fwp%2Fv2%2Ftags&post=84892"}],"curies":[{"name":"wp","href":"https:\/\/api.w.org\/{rel}","templated":true}]}}