{"id":84829,"date":"2016-04-20T22:54:56","date_gmt":"2016-04-21T01:54:56","guid":{"rendered":"http:\/\/aconteceunovale.com.br\/portal\/?p=84829"},"modified":"2016-04-20T22:54:56","modified_gmt":"2016-04-21T01:54:56","slug":"vereador-e-ameacado-apos-solicitar-informacoes-no-setor-de-transportes-da-prefeitura-de-malacacheta","status":"publish","type":"post","link":"https:\/\/aconteceunovale.com.br\/portal\/?p=84829","title":{"rendered":"Vereador \u00e9 amea\u00e7ado ap\u00f3s solicitar informa\u00e7\u00f5es no Setor de Transportes da Prefeitura de Malacacheta"},"content":{"rendered":"<p>Um vereador de Malacacheta, no Vale do Mucuri, procurou a Pol\u00edcia Militar (PM) para registrar ocorr\u00eancia de amea\u00e7a. Na segunda-feira, 18 de abril, os militares compareceram ao pr\u00e9dio da C\u00e2mara Municipal de Vereadores, onde a v\u00edtima Emilson Ferreira Mendes relatou que tem o direito de fiscalizar e foi ao Setor de Transportes da Prefeitura Municipal de Malacacheta saber sobre um \u00f4nibus escolar e obteve resposta de um funcion\u00e1rio daquela reparti\u00e7\u00e3o p\u00fablica dando conta de que o referido ve\u00edculo estava em Te\u00f3filo Otoni passando por reparos. <\/p>\n<p>Na manh\u00e3 da \u00faltima segunda-feira, conforme a PM, o Secret\u00e1rio Municipal de Transportes, Janderson Gabriel Borges Pereira, foi at\u00e9 a C\u00e2mara Municipal bastante nervoso e teria proferido a seguinte amea\u00e7a ao vereador Emilson: &#8220;Se voc\u00ea for na r\u00e1dio e falar alguma coisa referente a este ve\u00edculo, voc\u00ea n\u00e3o passa de domingo.&#8221;<\/p>\n<p>A Pol\u00edcia Militar procurou o Secret\u00e1rio Municipal, que de acordo com o registro de ocorr\u00eancia, relatou que realmente foi at\u00e9 a C\u00e2mara e falou para o vereador que ele s\u00f3 chega ao Setor de Transporte com falta de educa\u00e7\u00e3o e que ele est\u00e1 lhe perseguindo.<\/p>\n<p>Ainda segundo a PM, uma funcion\u00e1ria da C\u00e2mara Municipal passou mal durante o desentendimento entre o secret\u00e1rio e o vereador, por\u00e9m dispensou atendimento m\u00e9dico. Os envolvidos foram orientados pela Pol\u00edcia Militar a comparecerem na Delegacia de Pol\u00edcia Civil para demais provid\u00eancias.<\/p>\n<p><strong>Apreens\u00e3o de \u00f4nibus irregular<\/strong><\/p>\n<p>No in\u00edcio deste m\u00eas, um \u00f4nibus escolar do munic\u00edpio de Malacacheta foi apreendido durante uma fiscaliza\u00e7\u00e3o da Pol\u00edcia Rodovi\u00e1ria Estadual no munic\u00edpio de Te\u00f3filo Otoni. O ve\u00edculo, que estava com a documenta\u00e7\u00e3o atrasada, realizava o transporte irregular de uma equipe de v\u00f4lei composta por cinco pessoas para a cidade de Itambacuri. Uma ocorr\u00eancia foi registrada pela Pol\u00edcia sobre a situa\u00e7\u00e3o do ve\u00edculo.<\/p>\n","protected":false},"excerpt":{"rendered":"<p>Um vereador de Malacacheta, no Vale do Mucuri, procurou a Pol\u00edcia Militar (PM) para registrar ocorr\u00eancia de amea\u00e7a. Na segunda-feira, 18 de abril, os militares compareceram ao pr\u00e9dio da C\u00e2mara Municipal de Vereadores, onde a v\u00edtima Emilson Ferreira Mendes relatou que tem o direito de fiscalizar e foi ao Setor de Transportes da Prefeitura Municipal [&hellip;]<\/p>\n","protected":false},"author":1,"featured_media":84830,"comment_status":"open","ping_status":"closed","sticky":false,"template":"","format":"standard","meta":{"amp_status":"","footnotes":""},"categories":[122],"tags":[89506,89503,89510,89509,89505,89512,226,89513,89508,89511,89507,89514,89504,89502,89501],"class_list":["post-84829","post","type-post","status-publish","format-standard","has-post-thumbnail","hentry","category-mucuri","tag-ameaca-emilson-ferreira-mendes","tag-ameaca-vereador-malacacheta","tag-camara-municipal-de-malacacheta","tag-camara-municipal-de-vereadores-de-malacacheta","tag-emilson-ferreira-mendes","tag-janderson-gabriel-borges-pereira","tag-malacacheta","tag-onibus-irregular-malacacheta","tag-prefeitura-de-malacacheta","tag-secretario-municipal-de-transportes-de-malacacheta","tag-setor-de-transportes-da-prefeitura-de-malacacheta","tag-veiculo-irregular-malacacheta","tag-vereador-ameacado-de-morte-em-malacacheta","tag-vereador-ameacado-em-malacacheta","tag-vereador-e-ameacado-apos-solicitar-informacoes-no-setor-de-transportes-da-prefeitura-de-malacacheta"],"_links":{"self":[{"href":"https:\/\/aconteceunovale.com.br\/portal\/index.php?rest_route=\/wp\/v2\/posts\/84829","targetHints":{"allow":["GET"]}}],"collection":[{"href":"https:\/\/aconteceunovale.com.br\/portal\/index.php?rest_route=\/wp\/v2\/posts"}],"about":[{"href":"https:\/\/aconteceunovale.com.br\/portal\/index.php?rest_route=\/wp\/v2\/types\/post"}],"author":[{"embeddable":true,"href":"https:\/\/aconteceunovale.com.br\/portal\/index.php?rest_route=\/wp\/v2\/users\/1"}],"replies":[{"embeddable":true,"href":"https:\/\/aconteceunovale.com.br\/portal\/index.php?rest_route=%2Fwp%2Fv2%2Fcomments&post=84829"}],"version-history":[{"count":0,"href":"https:\/\/aconteceunovale.com.br\/portal\/index.php?rest_route=\/wp\/v2\/posts\/84829\/revisions"}],"wp:featuredmedia":[{"embeddable":true,"href":"https:\/\/aconteceunovale.com.br\/portal\/index.php?rest_route=\/wp\/v2\/media\/84830"}],"wp:attachment":[{"href":"https:\/\/aconteceunovale.com.br\/portal\/index.php?rest_route=%2Fwp%2Fv2%2Fmedia&parent=84829"}],"wp:term":[{"taxonomy":"category","embeddable":true,"href":"https:\/\/aconteceunovale.com.br\/portal\/index.php?rest_route=%2Fwp%2Fv2%2Fcategories&post=84829"},{"taxonomy":"post_tag","embeddable":true,"href":"https:\/\/aconteceunovale.com.br\/portal\/index.php?rest_route=%2Fwp%2Fv2%2Ftags&post=84829"}],"curies":[{"name":"wp","href":"https:\/\/api.w.org\/{rel}","templated":true}]}}