{"id":84759,"date":"2016-04-19T22:15:38","date_gmt":"2016-04-20T01:15:38","guid":{"rendered":"http:\/\/aconteceunovale.com.br\/portal\/?p=84759"},"modified":"2016-04-19T22:15:38","modified_gmt":"2016-04-20T01:15:38","slug":"eleicao-indireta-define-novo-prefeito-e-vice-de-machacalis-no-vale-do-mucuri","status":"publish","type":"post","link":"https:\/\/aconteceunovale.com.br\/portal\/?p=84759","title":{"rendered":"Elei\u00e7\u00e3o indireta define novo prefeito e vice de Machacalis, no Vale do Mucuri"},"content":{"rendered":"<p>Foram eleitos por votos indiretos, em reuni\u00e3o da C\u00e2mara de Vereadores, o novo prefeito e vice que estar\u00e3o \u00e0 frente da gest\u00e3o da Prefeitura Municipal de Machacalis at\u00e9 o fim de 2016. Geraldo Fabio Pereira do Nascimento (PC do B), o Geraldo do Caminh\u00e3o, era presidente da C\u00e2mara e agora assume o cargo de prefeito. J\u00e1 o vereador Reinan Barbosa Pereira (PTB), o Reinan Cordiolino, assume como vice.<\/p>\n<p>A elei\u00e7\u00e3o indireta foi realizada ap\u00f3s decis\u00e3o definitiva da perda do mandato do prefeito Silvanio Barbosa de Souza (PTB) e do vice Jos\u00e9 Marques de Brito (PT), cassados por abuso do poder econ\u00f4mico. Segundo a C\u00e2mara de Vereadores de Machacalis, a decis\u00e3o da Justi\u00e7a Eleitoral foi recebida pela Casa no dia 18 de mar\u00e7o.<\/p>\n<p><img decoding=\"async\" src=\"http:\/\/aconteceunovale.com.br\/portal\/wp-content\/uploads\/2016\/04\/eleicao_machacalis.jpg\" alt=\"\" \/><em>Geraldo do Caminh\u00e3o e Reinan Cordiolino estar\u00e3o a frente do executivo municipal at\u00e9 o fim de 2016 (Fotos: Divulga\u00e7\u00e3o Prefeitura de Ladainha e TSE)<\/em><br \/>\n<\/br><\/p>\n<p>(G1 dos Vales)<\/p>\n","protected":false},"excerpt":{"rendered":"<p>Foram eleitos por votos indiretos, em reuni\u00e3o da C\u00e2mara de Vereadores, o novo prefeito e vice que estar\u00e3o \u00e0 frente da gest\u00e3o da Prefeitura Municipal de Machacalis at\u00e9 o fim de 2016. Geraldo Fabio Pereira do Nascimento (PC do B), o Geraldo do Caminh\u00e3o, era presidente da C\u00e2mara e agora assume o cargo de prefeito. [&hellip;]<\/p>\n","protected":false},"author":1,"featured_media":84760,"comment_status":"open","ping_status":"closed","sticky":false,"template":"","format":"standard","meta":{"amp_status":"","footnotes":""},"categories":[122],"tags":[89337,89340,89342,89341,89344,89343,2236,89338,89339,89345,89346,89347],"class_list":["post-84759","post","type-post","status-publish","format-standard","has-post-thumbnail","hentry","category-mucuri","tag-eleicao-indireta-define-novo-prefeito-e-vice-de-machacalis","tag-eleicao-indireta-machacalis","tag-eleicao-indireta-prefeito-machacalis","tag-eleicao-prefeito-machacalis","tag-geraldo-do-caminhao","tag-geraldo-fabio-pereira-do-nascimento","tag-machacalis","tag-novo-prefeito-de-machacalis","tag-prefeito-de-machacalis","tag-prefeitura-municipal-de-machacalis","tag-reinan-barbosa-pereira","tag-reinan-cordiolino"],"_links":{"self":[{"href":"https:\/\/aconteceunovale.com.br\/portal\/index.php?rest_route=\/wp\/v2\/posts\/84759","targetHints":{"allow":["GET"]}}],"collection":[{"href":"https:\/\/aconteceunovale.com.br\/portal\/index.php?rest_route=\/wp\/v2\/posts"}],"about":[{"href":"https:\/\/aconteceunovale.com.br\/portal\/index.php?rest_route=\/wp\/v2\/types\/post"}],"author":[{"embeddable":true,"href":"https:\/\/aconteceunovale.com.br\/portal\/index.php?rest_route=\/wp\/v2\/users\/1"}],"replies":[{"embeddable":true,"href":"https:\/\/aconteceunovale.com.br\/portal\/index.php?rest_route=%2Fwp%2Fv2%2Fcomments&post=84759"}],"version-history":[{"count":0,"href":"https:\/\/aconteceunovale.com.br\/portal\/index.php?rest_route=\/wp\/v2\/posts\/84759\/revisions"}],"wp:featuredmedia":[{"embeddable":true,"href":"https:\/\/aconteceunovale.com.br\/portal\/index.php?rest_route=\/wp\/v2\/media\/84760"}],"wp:attachment":[{"href":"https:\/\/aconteceunovale.com.br\/portal\/index.php?rest_route=%2Fwp%2Fv2%2Fmedia&parent=84759"}],"wp:term":[{"taxonomy":"category","embeddable":true,"href":"https:\/\/aconteceunovale.com.br\/portal\/index.php?rest_route=%2Fwp%2Fv2%2Fcategories&post=84759"},{"taxonomy":"post_tag","embeddable":true,"href":"https:\/\/aconteceunovale.com.br\/portal\/index.php?rest_route=%2Fwp%2Fv2%2Ftags&post=84759"}],"curies":[{"name":"wp","href":"https:\/\/api.w.org\/{rel}","templated":true}]}}