{"id":84756,"date":"2016-04-19T22:01:43","date_gmt":"2016-04-20T01:01:43","guid":{"rendered":"http:\/\/aconteceunovale.com.br\/portal\/?p=84756"},"modified":"2016-04-19T22:01:43","modified_gmt":"2016-04-20T01:01:43","slug":"colisao-entre-dois-caminhoes-deixa-uma-pessoa-ferida-na-br-381-em-governador-valadares","status":"publish","type":"post","link":"https:\/\/aconteceunovale.com.br\/portal\/?p=84756","title":{"rendered":"Colis\u00e3o entre dois caminh\u00f5es deixa uma pessoa ferida na BR-381, em Governador Valadares"},"content":{"rendered":"<p>Na manh\u00e3 desta ter\u00e7a-feira, 19 de abril, a Pol\u00edcia Rodovi\u00e1ria Federal registrou um acidente entre dois caminh\u00f5es, no km 156 da BR-381, pr\u00f3ximo ao distrito de Ilha Brava, em Governador Valadares (MG). Uma pessoa foi conduzida ao Hospital Municipal com ferimentos no corpo e fratura no f\u00eamur. <\/p>\n<p>De acordo com a PRF, o acidente aconteceu por volta das 10h40. Ao chegarem ao local os policiais encontraram uma equipe do Corpo de Bombeiros prestando socorro \u00e0 v\u00edtima A., de 36 anos. Ele era o passageiro de um dos ve\u00edculos e estava ferido, inclusive com uma fratura no f\u00eamur. <\/p>\n<p>O acidente ocorreu entre dois caminh\u00f5es que seguiam no sentido Valadares. Um deles, um caminh\u00e3o-ca\u00e7amba carregado de areia, parou na via por causa do tr\u00e2nsito lento. O caminh\u00e3o que vinha logo atr\u00e1s n\u00e3o conseguiu parar a tempo e colidiu com o outro ve\u00edculo, ficando com a frente parcialmente destru\u00edda. Ap\u00f3s o impacto, os caminh\u00f5es foram retirados da via.<\/p>\n<p><img decoding=\"async\" src=\"http:\/\/aconteceunovale.com.br\/portal\/wp-content\/uploads\/2016\/04\/acidente_gv_19.jpg\" alt=\"\" \/><em>Acidente aconteceu no km 156 da BR-381 (Foto: Divulga\u00e7\u00e3o \/ Corpo de Bombeiros)<\/em><br \/>\n<\/br><\/p>\n<p>(Di\u00e1rio do Rio Doce)<\/p>\n","protected":false},"excerpt":{"rendered":"<p>Na manh\u00e3 desta ter\u00e7a-feira, 19 de abril, a Pol\u00edcia Rodovi\u00e1ria Federal registrou um acidente entre dois caminh\u00f5es, no km 156 da BR-381, pr\u00f3ximo ao distrito de Ilha Brava, em Governador Valadares (MG). Uma pessoa foi conduzida ao Hospital Municipal com ferimentos no corpo e fratura no f\u00eamur. De acordo com a PRF, o acidente aconteceu [&hellip;]<\/p>\n","protected":false},"author":1,"featured_media":84757,"comment_status":"open","ping_status":"closed","sticky":false,"template":"","format":"standard","meta":{"amp_status":"","footnotes":""},"categories":[121],"tags":[12667,89333,89334,89336,31030,89335,89332,247],"class_list":["post-84756","post","type-post","status-publish","format-standard","has-post-thumbnail","hentry","category-leste","tag-acidente-em-governador-valadares","tag-acidente-entre-caminhoes-em-governador-valadares","tag-acidente-entre-caminhoes-na-br-381-em-governador-valadares","tag-acidente-gv","tag-acidente-na-br-381-em-governador-valadares","tag-acidente-valadares","tag-colisao-entre-dois-caminhoes-deixa-uma-pessoa-ferida-na-br-381-em-governador-valadares","tag-governador-valadares"],"_links":{"self":[{"href":"https:\/\/aconteceunovale.com.br\/portal\/index.php?rest_route=\/wp\/v2\/posts\/84756","targetHints":{"allow":["GET"]}}],"collection":[{"href":"https:\/\/aconteceunovale.com.br\/portal\/index.php?rest_route=\/wp\/v2\/posts"}],"about":[{"href":"https:\/\/aconteceunovale.com.br\/portal\/index.php?rest_route=\/wp\/v2\/types\/post"}],"author":[{"embeddable":true,"href":"https:\/\/aconteceunovale.com.br\/portal\/index.php?rest_route=\/wp\/v2\/users\/1"}],"replies":[{"embeddable":true,"href":"https:\/\/aconteceunovale.com.br\/portal\/index.php?rest_route=%2Fwp%2Fv2%2Fcomments&post=84756"}],"version-history":[{"count":0,"href":"https:\/\/aconteceunovale.com.br\/portal\/index.php?rest_route=\/wp\/v2\/posts\/84756\/revisions"}],"wp:featuredmedia":[{"embeddable":true,"href":"https:\/\/aconteceunovale.com.br\/portal\/index.php?rest_route=\/wp\/v2\/media\/84757"}],"wp:attachment":[{"href":"https:\/\/aconteceunovale.com.br\/portal\/index.php?rest_route=%2Fwp%2Fv2%2Fmedia&parent=84756"}],"wp:term":[{"taxonomy":"category","embeddable":true,"href":"https:\/\/aconteceunovale.com.br\/portal\/index.php?rest_route=%2Fwp%2Fv2%2Fcategories&post=84756"},{"taxonomy":"post_tag","embeddable":true,"href":"https:\/\/aconteceunovale.com.br\/portal\/index.php?rest_route=%2Fwp%2Fv2%2Ftags&post=84756"}],"curies":[{"name":"wp","href":"https:\/\/api.w.org\/{rel}","templated":true}]}}