{"id":84736,"date":"2016-04-19T20:18:31","date_gmt":"2016-04-19T23:18:31","guid":{"rendered":"http:\/\/aconteceunovale.com.br\/portal\/?p=84736"},"modified":"2016-04-19T20:18:31","modified_gmt":"2016-04-19T23:18:31","slug":"raquel-muniz-reitera-elogio-ao-marido","status":"publish","type":"post","link":"https:\/\/aconteceunovale.com.br\/portal\/?p=84736","title":{"rendered":"Raquel Muniz reitera elogio ao marido"},"content":{"rendered":"<p>A deputada federal Raquel Muniz (PSD-MG), mulher do prefeito da cidade mineira de Montes Claros, Ruy Muniz, preso ontem (18), em Bras\u00edlia, pela Pol\u00edcia Federal, reiterou hoje (19) o elogio que fez ao marido no domingo (17) ao declarar voto favor\u00e1vel \u00e0 admissibilidade do processo de impeachment da presidenta Dilma Rousseff. Na ocasi\u00e3o, a parlamentar disse que o Ruy Muniz era \u201cexemplo de gestor\u201d.<\/p>\n<p>Em nota divulgada pela lideran\u00e7a do PSD, a deputada argumentou que n\u00e3o h\u00e1 raz\u00f5es jur\u00eddicas para a pris\u00e3o preventiva do marido, durante a Opera\u00e7\u00e3o M\u00e1scara da Sanidade 2. \u201cReitero cada uma das palavras ditas no dia 17 de abril durante a vota\u00e7\u00e3o para aceitar o processo de impedimento da presidente Dilma Rousseff. Montes Claros tem um gestor \u00edntegro, \u00e9tico e que preza pela transpar\u00eancia das suas a\u00e7\u00f5es\u201d, diz trecho da nota.<\/p>\n<p>Para a deputada mineira, a investiga\u00e7\u00e3o da Pol\u00edcia Federal \u00e9 motivada por \u201craz\u00f5es de outras ordens\u201d e \u201cn\u00e3o republicanas\u201d. Para ela, a pris\u00e3o foi desnecess\u00e1ria por n\u00e3o haver risco \u00e0 ordem p\u00fablica, perigo de fuga e ind\u00edcio de obstru\u00e7\u00e3o da justi\u00e7a. \u201cO meu marido, ao contr\u00e1rio do que est\u00e1 sendo amplamente noticiado, n\u00e3o teve a pris\u00e3o decretada por motivos de corrup\u00e7\u00e3o e quem teve o senso \u00e9tico de buscar a verdadeira motiva\u00e7\u00e3o na decis\u00e3o judicial pode verificar isto.\u201d<\/p>\n<p>Declarando-se uma \u201cpessoa de bem\u201d, a deputada Raquel Muniz disse estar \u00e0 disposi\u00e7\u00e3o da Justi\u00e7a e da sociedade para fazer os esclarecimentos necess\u00e1rios. \u201cSou mulher de f\u00e9 e permane\u00e7o acreditando na Justi\u00e7a\u201d, afirmou na nota.<\/p>\n<p>A Opera\u00e7\u00e3o M\u00e1scara da Sanidade 2 investiga crimes de falsidade ideol\u00f3gica, dispensa indevida de licita\u00e7\u00e3o p\u00fablica, estelionato, prevarica\u00e7\u00e3o e peculato. Al\u00e9m Rui Muniz, foi presa preventivamente a secret\u00e1ria de Sa\u00fade do munic\u00edpio, Ana Paula Nascimento, e cumpridos mais quatro mandados de busca e apreens\u00e3o e dois de busca pessoal.<\/p>\n<p>As investiga\u00e7\u00f5es mostram que os acusados, direta e indiretamente, pretendiam inviabilizar a exist\u00eancia e o funcionamento dos hospitais p\u00fablicos e filantr\u00f3picos de Montes Claros que atendem pelo Sistema \u00danico de Sa\u00fade (SUS) para favorecer hospital particular pertencente e gerido pelo prefeito e parentes dele. Em caso de condena\u00e7\u00e3o, as penas m\u00e1ximas aplicadas aos crimes ultrapassam 30 anos.<\/p>\n<p>A Pol\u00edcia Federal informou que, em outubro de 2015, o prefeito e a secret\u00e1ria de Sa\u00fade retiraram cerca de 26 mil consultas especializadas e 11 mil exames dos hospitais, deixando de prestar servi\u00e7os correspondentes pela rede municipal, o que prejudicou a popula\u00e7\u00e3o. Al\u00e9m disso, desde julho de 2015, Ruy Muniz estaria empregando dinheiro p\u00fablico para divulgar em ve\u00edculos de comunica\u00e7\u00e3o uma campanha difamat\u00f3ria contra os hospitais p\u00fablicos e filantr\u00f3picos, inclusive se valendo de informa\u00e7\u00f5es falsas.<\/p>\n<p>A prefeitura de Montes Claros, em nota, informou que recebeu com serenidade a decis\u00e3o judicial que determinou a pris\u00e3o do prefeito e da secret\u00e1ria. A prefeitura tamb\u00e9m informa que tem &#8220;plena convic\u00e7\u00e3o&#8221; de que a decis\u00e3o da Justi\u00e7a ser\u00e1 revertida e de que o prefeito e a secret\u00e1ria ser\u00e3o soltos e inocentados. (Ag\u00eancia Brasil)<\/p>\n","protected":false},"excerpt":{"rendered":"<p>A deputada federal Raquel Muniz (PSD-MG), mulher do prefeito da cidade mineira de Montes Claros, Ruy Muniz, preso ontem (18), em Bras\u00edlia, pela Pol\u00edcia Federal, reiterou hoje (19) o elogio que fez ao marido no domingo (17) ao declarar voto favor\u00e1vel \u00e0 admissibilidade do processo de impeachment da presidenta Dilma Rousseff. Na ocasi\u00e3o, a parlamentar [&hellip;]<\/p>\n","protected":false},"author":1,"featured_media":84737,"comment_status":"open","ping_status":"closed","sticky":false,"template":"","format":"standard","meta":{"amp_status":"","footnotes":""},"categories":[1236,40240],"tags":[80826,23856,89129,20922,89297,1018,89153,89132,84534,89133,79561,37792,89122,89126,31829,89123,210,89296,89299,89119,89124,89116,89117,89217,772,33158,89114,89112,89115,89152,89150,89118,89120,19707,89128,89113,89125,89127,17599,89155,89298,89121,27373,4616,89191,89151,89130,89131,52496,89156,83349,20320,89154],"class_list":["post-84736","post","type-post","status-publish","format-standard","has-post-thumbnail","hentry","category-norte_de_minas","category-politica-2","tag-ambar-saude","tag-ana-paula-nascimento","tag-atual-prefeito-de-montes-claros","tag-camara-dos-deputados","tag-deputada-raquel-muniz","tag-destaque","tag-elogio-raquel-muniz-ao-prefeito-de-montes-claros","tag-fundacao-aroldo-tourinho","tag-fundacao-dilson-godinho","tag-hospital-das-clinicas-mario-ribeiro-da-silveira","tag-hospital-universitario-clemente-faria","tag-impeachment","tag-investigacao-operacao-mascara-da-sanidade-ii","tag-investigacao-ruy-adriano-borges-muniz","tag-investigacao-ruy-muniz","tag-investigados-operacao-mascara-da-sanidade-ii","tag-montes-claros","tag-nao-ha-razao-juridica-para-a-prisao-preventiva-do-meu-marido","tag-operacao-mascara-da-sanidade-2","tag-operacao-mascara-da-sanidade-ii","tag-operacao-mascara-da-sanidade-ii-sabotadores-da-saude","tag-operacao-pf-montes-claros","tag-operacao-policia-federal-montes-claros","tag-pf-afirma-que-prisao-do-prefeito-de-montes-claros-nao-tem-relacao-com-elogio-de-raquel-muniz","tag-policia-federal","tag-prefeito-de-montes-claros","tag-prefeito-de-montes-claros-e-preso","tag-prefeito-de-montes-claros-e-preso-durante-a-operacao-mascara-da-sanidade-ii-da-pf","tag-prefeito-de-montes-claros-e-preso-pela-pf","tag-prefeito-de-montes-claros-e-preso-pela-policia-federal","tag-prefeito-elogiado-por-deputada-em-voto-pelo-impeachment-e-preso-pela-policia-federal","tag-preso-na-operacao-mascara-da-sanidade-ii","tag-presos-na-operacao-mascara-da-sanidade-ii","tag-prisao","tag-prisao-atual-prefeito-de-montes-claros","tag-prisao-prefeito-de-montes-claros","tag-prisao-ruy-adriano-borges-muniz","tag-prisao-ruy-muniz","tag-raquel-muniz","tag-raquel-muniz-impeachment","tag-raquel-muniz-reitera-elogio-ao-marido","tag-resultado-da-operacao-mascara-da-sanidade-ii","tag-ruy-adriano-borges-muniz","tag-ruy-muniz","tag-ruy-muniz-e-levado-para-o-presidio-regional-de-montes-claros","tag-ruy-muniz-e-preso-pela-policia-federal","tag-sabotagem-hospitais-montes-claros","tag-sabotamento-hospitais-de-montes-claros","tag-santa-casa-de-misericordia","tag-secretaria-de-prevencao-a-corrupcao","tag-tribunal-regional-federal-da-1a-regiao","tag-votacao","tag-voto-raquel-muniz-no-impeachment"],"_links":{"self":[{"href":"https:\/\/aconteceunovale.com.br\/portal\/index.php?rest_route=\/wp\/v2\/posts\/84736","targetHints":{"allow":["GET"]}}],"collection":[{"href":"https:\/\/aconteceunovale.com.br\/portal\/index.php?rest_route=\/wp\/v2\/posts"}],"about":[{"href":"https:\/\/aconteceunovale.com.br\/portal\/index.php?rest_route=\/wp\/v2\/types\/post"}],"author":[{"embeddable":true,"href":"https:\/\/aconteceunovale.com.br\/portal\/index.php?rest_route=\/wp\/v2\/users\/1"}],"replies":[{"embeddable":true,"href":"https:\/\/aconteceunovale.com.br\/portal\/index.php?rest_route=%2Fwp%2Fv2%2Fcomments&post=84736"}],"version-history":[{"count":0,"href":"https:\/\/aconteceunovale.com.br\/portal\/index.php?rest_route=\/wp\/v2\/posts\/84736\/revisions"}],"wp:featuredmedia":[{"embeddable":true,"href":"https:\/\/aconteceunovale.com.br\/portal\/index.php?rest_route=\/wp\/v2\/media\/84737"}],"wp:attachment":[{"href":"https:\/\/aconteceunovale.com.br\/portal\/index.php?rest_route=%2Fwp%2Fv2%2Fmedia&parent=84736"}],"wp:term":[{"taxonomy":"category","embeddable":true,"href":"https:\/\/aconteceunovale.com.br\/portal\/index.php?rest_route=%2Fwp%2Fv2%2Fcategories&post=84736"},{"taxonomy":"post_tag","embeddable":true,"href":"https:\/\/aconteceunovale.com.br\/portal\/index.php?rest_route=%2Fwp%2Fv2%2Ftags&post=84736"}],"curies":[{"name":"wp","href":"https:\/\/api.w.org\/{rel}","templated":true}]}}