{"id":84730,"date":"2016-04-19T19:44:10","date_gmt":"2016-04-19T22:44:10","guid":{"rendered":"http:\/\/aconteceunovale.com.br\/portal\/?p=84730"},"modified":"2016-04-20T00:00:42","modified_gmt":"2016-04-20T03:00:42","slug":"nao-ha-razao-juridica-para-a-prisao-preventiva-do-meu-marido-diz-deputada-raquel-muniz","status":"publish","type":"post","link":"https:\/\/aconteceunovale.com.br\/portal\/?p=84730","title":{"rendered":"\u201cN\u00e3o h\u00e1 raz\u00e3o jur\u00eddica para a pris\u00e3o preventiva do meu marido\u201d, diz deputada Raquel Muniz"},"content":{"rendered":"<p>A deputada federal Raquel Muniz (PSD-MG) se manifestou na tarde desta ter\u00e7a-feira, 19 de abril, sobre a pris\u00e3o preventiva do seu marido, o prefeito de Montes Claros, Ruy Adriano Borges Muniz. O chefe do executivo da maior cidade do Norte de Minas foi preso ontem, em Bras\u00edlia, durante a opera\u00e7\u00e3o \u201cM\u00e1scara da Sanidade II &#8211; Sabotadores da Sa\u00fade&#8221; da Pol\u00edcia Federal (PF). <\/p>\n<p>De acordo com informa\u00e7\u00f5es divulgadas pela PF e o Minist\u00e9rio P\u00fablico Federal (MPF), Ruy Muniz \u00e9 suspeito de prejudicar o funcionamento de hospitais p\u00fablicos de Montes Claros para favorecer uma institui\u00e7\u00e3o privada, que \u00e9 gerida pela sua fam\u00edlia. Al\u00e9m dele, foi presa a atual secret\u00e1ria municipal de sa\u00fade, Ana Paula Nascimento.<\/p>\n<p>Ainda ontem, Ruy Muniz foi levado para Pres\u00eddio Regional de Montes Claros, onde permanecer\u00e1 \u00e0 disposi\u00e7\u00e3o da justi\u00e7a. J\u00e1 a Secret\u00e1ria de Sa\u00fade foi encaminhada para o Pres\u00eddio Alvorada, na mesma cidade.<\/p>\n<p><strong>Nota da deputada Raquel Muniz<\/strong><\/p>\n<p>A pris\u00e3o de Ruy Muniz ganhou repercuss\u00e3o nacional ap\u00f3s v\u00e1rios ve\u00edculos de comunica\u00e7\u00e3o associar o caso com a vota\u00e7\u00e3o favor\u00e1vel da deputada federal Raquel Muniz, sua esposa, a admissibilidade do processo de impeachment da presidente Dilma Rousseff (PT). O prefeito foi elogiado durante a vota\u00e7\u00e3o. <em>&#8220;Meu voto \u00e9 em homenagem \u00e0s v\u00edtimas da BR-251. \u00c9 para dizer que o Brasil tem jeito e o prefeito de Montes Claros mostra isso para todos n\u00f3s com sua gest\u00e3o (&#8230;)\u201d<\/em><\/p>\n<p>De acordo com a Pol\u00edcia Federal a pris\u00e3o ap\u00f3s o elogio foi uma coincid\u00eancia. A opera\u00e7\u00e3o estava prevista para a pr\u00f3xima semana, mas o pedido de pris\u00e3o do prefeito foi publicado equivocadamente no site do Tribunal Regional Federal. <em>\u201cA opera\u00e7\u00e3o teve que necessariamente ser antecipada em virtude de um pequeno lapso ocorrido no Tribunal Regional Federal, de modo que no decorrer da semana passada o pedido de pris\u00e3o preventiva foi publicado no site, e jornalistas da nossa cidade tiveram acesso a esse dado relevante, que fez com que a Pol\u00edcia Federal tivesse que antecipar as a\u00e7\u00f5es, cumprindo o mandado imediatamente ap\u00f3s a sess\u00e3o do impeachment. Reafirmo que n\u00e3o foi nada planejado, tudo ocorreu para evitar que os mandados n\u00e3o fossem cumpridos\u201d<\/em>, explicou o delegado Marcelo Freitas.<\/p>\n<p>Leia a \u00edntegra da nota divulgada pela deputada em sua p\u00e1gina oficial numa rede social: <em>&#8220;Meus amigos e minhas, confesso que fiquei atordoada e muito chateada com tudo o que aconteceu. Precisei de um dia para tomar ci\u00eancia do que se passava, respirar fundo e n\u00e3o desistir. Eu e Ruy sempre soubemos o que poderia acontecer com a gente quando entr\u00e1ssemos para a pol\u00edtica, mas jamais que chegaria a esse ponto.<\/p>\n<p>No entanto, n\u00e3o vamos nos intimidar em busca de um Brasil, de uma Minas e de um Montes Claros cada dia melhor. Por isso, reitero cada uma das palavras ditas no dia 17 de abril durante a vota\u00e7\u00e3o para aceitar o processo de impedimento da presidente Dilma Rousseff. Montes Claros tem um gestor \u00edntegro, \u00e9tico e que preza pela transpar\u00eancia das suas a\u00e7\u00f5es.<\/p>\n<p>N\u00e3o h\u00e1 raz\u00e3o jur\u00eddica para a pris\u00e3o preventiva do meu marido, o prefeito de Montes Claros, Ruy Muniz, por n\u00e3o haver risco a ordem p\u00fablica, nem perigo de fuga e nem haver qualquer ind\u00edcio de obstru\u00e7\u00e3o da justi\u00e7a. H\u00e1, sim, raz\u00f5es de outras ordens, n\u00e3o republicanas, que justificam essa investiga\u00e7\u00e3o.<\/p>\n<p>O meu marido, ao contr\u00e1rio do que est\u00e1 sendo amplamente noticiado, n\u00e3o teve a pris\u00e3o decretada por motivos de corrup\u00e7\u00e3o e quem teve o senso \u00e9tico de buscar a verdadeira motiva\u00e7\u00e3o na decis\u00e3o judicial pode verificar isto.<\/p>\n<p>Todas as provid\u00eancias jur\u00eddicas cab\u00edveis j\u00e1 foram tomadas e tenho a plena certeza de que a verdade prevalecer\u00e1.<\/p>\n<p>Acredito que o meu voto na noite do dia 17 de abril foi um voto consciente e mais: foi um voto respons\u00e1vel pois vai ajudar na reconstru\u00e7\u00e3o do Brasil e devolver o nosso pa\u00eds aos trilhos do desenvolvimento.<\/p>\n<p>Somos pessoas de bem e estamos \u00e0 disposi\u00e7\u00e3o da justi\u00e7a e da sociedade para qualquer esclarecimento. Sou mulher de f\u00e9 e permane\u00e7o acreditando na Justi\u00e7a.&#8221;<\/em><\/p>\n","protected":false},"excerpt":{"rendered":"<p>A deputada federal Raquel Muniz (PSD-MG) se manifestou na tarde desta ter\u00e7a-feira, 19 de abril, sobre a pris\u00e3o preventiva do seu marido, o prefeito de Montes Claros, Ruy Adriano Borges Muniz. O chefe do executivo da maior cidade do Norte de Minas foi preso ontem, em Bras\u00edlia, durante a opera\u00e7\u00e3o \u201cM\u00e1scara da Sanidade II &#8211; [&hellip;]<\/p>\n","protected":false},"author":1,"featured_media":84731,"comment_status":"open","ping_status":"closed","sticky":false,"template":"","format":"standard","meta":{"amp_status":"","footnotes":""},"categories":[1236,40240],"tags":[80826,23856,89129,89297,1018,89153,89132,84534,89133,79561,89122,89126,31829,89123,210,89296,89119,89124,89116,89117,89217,33158,89114,89112,89115,89152,89150,89118,89120,89128,89113,89125,89127,17599,89155,89121,27373,4616,89191,89151,89130,89131,52496,89156,83349,89154],"class_list":["post-84730","post","type-post","status-publish","format-standard","has-post-thumbnail","hentry","category-norte_de_minas","category-politica-2","tag-ambar-saude","tag-ana-paula-nascimento","tag-atual-prefeito-de-montes-claros","tag-deputada-raquel-muniz","tag-destaque","tag-elogio-raquel-muniz-ao-prefeito-de-montes-claros","tag-fundacao-aroldo-tourinho","tag-fundacao-dilson-godinho","tag-hospital-das-clinicas-mario-ribeiro-da-silveira","tag-hospital-universitario-clemente-faria","tag-investigacao-operacao-mascara-da-sanidade-ii","tag-investigacao-ruy-adriano-borges-muniz","tag-investigacao-ruy-muniz","tag-investigados-operacao-mascara-da-sanidade-ii","tag-montes-claros","tag-nao-ha-razao-juridica-para-a-prisao-preventiva-do-meu-marido","tag-operacao-mascara-da-sanidade-ii","tag-operacao-mascara-da-sanidade-ii-sabotadores-da-saude","tag-operacao-pf-montes-claros","tag-operacao-policia-federal-montes-claros","tag-pf-afirma-que-prisao-do-prefeito-de-montes-claros-nao-tem-relacao-com-elogio-de-raquel-muniz","tag-prefeito-de-montes-claros","tag-prefeito-de-montes-claros-e-preso","tag-prefeito-de-montes-claros-e-preso-durante-a-operacao-mascara-da-sanidade-ii-da-pf","tag-prefeito-de-montes-claros-e-preso-pela-pf","tag-prefeito-de-montes-claros-e-preso-pela-policia-federal","tag-prefeito-elogiado-por-deputada-em-voto-pelo-impeachment-e-preso-pela-policia-federal","tag-preso-na-operacao-mascara-da-sanidade-ii","tag-presos-na-operacao-mascara-da-sanidade-ii","tag-prisao-atual-prefeito-de-montes-claros","tag-prisao-prefeito-de-montes-claros","tag-prisao-ruy-adriano-borges-muniz","tag-prisao-ruy-muniz","tag-raquel-muniz","tag-raquel-muniz-impeachment","tag-resultado-da-operacao-mascara-da-sanidade-ii","tag-ruy-adriano-borges-muniz","tag-ruy-muniz","tag-ruy-muniz-e-levado-para-o-presidio-regional-de-montes-claros","tag-ruy-muniz-e-preso-pela-policia-federal","tag-sabotagem-hospitais-montes-claros","tag-sabotamento-hospitais-de-montes-claros","tag-santa-casa-de-misericordia","tag-secretaria-de-prevencao-a-corrupcao","tag-tribunal-regional-federal-da-1a-regiao","tag-voto-raquel-muniz-no-impeachment"],"_links":{"self":[{"href":"https:\/\/aconteceunovale.com.br\/portal\/index.php?rest_route=\/wp\/v2\/posts\/84730","targetHints":{"allow":["GET"]}}],"collection":[{"href":"https:\/\/aconteceunovale.com.br\/portal\/index.php?rest_route=\/wp\/v2\/posts"}],"about":[{"href":"https:\/\/aconteceunovale.com.br\/portal\/index.php?rest_route=\/wp\/v2\/types\/post"}],"author":[{"embeddable":true,"href":"https:\/\/aconteceunovale.com.br\/portal\/index.php?rest_route=\/wp\/v2\/users\/1"}],"replies":[{"embeddable":true,"href":"https:\/\/aconteceunovale.com.br\/portal\/index.php?rest_route=%2Fwp%2Fv2%2Fcomments&post=84730"}],"version-history":[{"count":0,"href":"https:\/\/aconteceunovale.com.br\/portal\/index.php?rest_route=\/wp\/v2\/posts\/84730\/revisions"}],"wp:featuredmedia":[{"embeddable":true,"href":"https:\/\/aconteceunovale.com.br\/portal\/index.php?rest_route=\/wp\/v2\/media\/84731"}],"wp:attachment":[{"href":"https:\/\/aconteceunovale.com.br\/portal\/index.php?rest_route=%2Fwp%2Fv2%2Fmedia&parent=84730"}],"wp:term":[{"taxonomy":"category","embeddable":true,"href":"https:\/\/aconteceunovale.com.br\/portal\/index.php?rest_route=%2Fwp%2Fv2%2Fcategories&post=84730"},{"taxonomy":"post_tag","embeddable":true,"href":"https:\/\/aconteceunovale.com.br\/portal\/index.php?rest_route=%2Fwp%2Fv2%2Ftags&post=84730"}],"curies":[{"name":"wp","href":"https:\/\/api.w.org\/{rel}","templated":true}]}}