{"id":84725,"date":"2016-04-19T18:55:17","date_gmt":"2016-04-19T21:55:17","guid":{"rendered":"http:\/\/aconteceunovale.com.br\/portal\/?p=84725"},"modified":"2016-04-19T18:58:25","modified_gmt":"2016-04-19T21:58:25","slug":"obras-de-escolas-tecnicas-profissionalizantes-no-norte-e-nordeste-de-minas-serao-retomadas","status":"publish","type":"post","link":"https:\/\/aconteceunovale.com.br\/portal\/?p=84725","title":{"rendered":"Obras de escolas t\u00e9cnicas profissionalizantes no Norte e Nordeste de Minas ser\u00e3o retomadas"},"content":{"rendered":"<p>As obras de constru\u00e7\u00e3o de escolas t\u00e9cnicas do Programa Brasil Profissionalizado em Espinosa, Gr\u00e3o Mogol, Jana\u00faba, Joa\u00edma, Monte Azul e Taiobeiras, munic\u00edpios do Norte de Minas e Vale do Jequitinhonha, ser\u00e3o retomadas. O Governo de Minas Gerais, por meio da Universidade Estadual de Montes Claros (Unimontes), respons\u00e1vel pelo programa no estado, criou a comiss\u00e3o especial para realizar procedimentos licitat\u00f3rios e o edital deve ser publicado nos pr\u00f3ximos dias.<\/p>\n<p>A retomada das obras destas seis unidades, paralisadas desde 2014, est\u00e1 prevista para julho pr\u00f3ximo e segue o cronograma estabelecido em 2015 pelo Governo do Estado, ap\u00f3s solucionar pend\u00eancias que travavam a execu\u00e7\u00e3o do projeto. Depois da ordem de servi\u00e7o, os trabalhos de constru\u00e7\u00e3o devem ser conclu\u00eddos em at\u00e9 18 meses.<\/p>\n<p>Ao todo, s\u00e3o 13 escolas t\u00e9cnicas do Programa Brasil Profissionalizado em Minas Gerais. As obras das outras sete unidades \u2013 Lagoa Santa, Bocai\u00fava, Ibirit\u00e9, Manga, Bras\u00edlia de Minas, Pomp\u00e9u e Una\u00ed \u2013 est\u00e3o na fase final de acabamento. O professor da Unimontes, Guilherme Augusto Guimar\u00e3es, coordenador do programa, informou que as escolas de Lagoa Santa e de Bocaiuva ser\u00e3o as primeiras conclu\u00eddas, com o t\u00e9rmino das obras previsto para agosto deste ano.<\/p>\n<p><img decoding=\"async\" src=\"http:\/\/aconteceunovale.com.br\/portal\/wp-content\/uploads\/2016\/04\/escolas_profissionalizantes_nm.jpg\" alt=\"\" \/><em>Prot\u00f3tipo das escolas t\u00e9cnicas profissionalizantes (Foto: Divulga\u00e7\u00e3o)<\/em><br \/>\n<\/br><\/p>\n<p><strong>Profissionaliza\u00e7\u00e3o<\/strong><\/p>\n<p>A constru\u00e7\u00e3o de escolas t\u00e9cnicas do Programa Brasil Profissionalizado \u00e9 uma iniciativa do Governo Federal, em parceria do Governo de Minas Gerais, por meio da Secretaria de Estado de Ci\u00eancia, Tecnologia e Ensino Superior (Sectes) e a Unimontes. O programa envolve recursos da ordem de R$ 96 milh\u00f5es, sendo R$ 33 milh\u00f5es de investimentos do Governo do Estado at\u00e9 2017. As prefeituras participam com a doa\u00e7\u00e3o de terrenos e terraplenagem.<\/p>\n<p>Com a constru\u00e7\u00e3o das escolas profissionalizantes, o Governo do Estado pretende incentivar o ensino integrado com educa\u00e7\u00e3o profissional, levando em considera\u00e7\u00e3o as voca\u00e7\u00f5es dos munic\u00edpios e de suas microrregi\u00f5es.<\/p>\n<p>O reitor da Unimontes, professor Jo\u00e3o dos Reis Canela, considera a inser\u00e7\u00e3o do Norte de Minas e demais regi\u00f5es no Brasil Profissionalizado como um marco na educa\u00e7\u00e3o profissionalizante, ao permitir que as novas gera\u00e7\u00f5es tenham acesso \u00e0 forma\u00e7\u00e3o qualificada em seus pr\u00f3prios munic\u00edpios. \u201c O programa incrementa a voca\u00e7\u00e3o profissional destas localidades e fortalece o mercado de trabalho\u201d, enfatiza o reitor.<\/p>\n<p>Cada escola t\u00e9cnica ter\u00e1 capacidade para atender 1,2 mil alunos. A natureza dos cursos para cada munic\u00edpio ser\u00e1 definida ap\u00f3s consultas \u00e0s comunidades. Al\u00e9m disso, as instala\u00e7\u00f5es poder\u00e3o servir de espa\u00e7o para a amplia\u00e7\u00e3o da grade de cursos de gradua\u00e7\u00e3o e p\u00f3s-gradua\u00e7\u00e3o da pr\u00f3pria Unimontes. (Ag\u00eancia Minas)<\/p>\n","protected":false},"excerpt":{"rendered":"<p>As obras de constru\u00e7\u00e3o de escolas t\u00e9cnicas do Programa Brasil Profissionalizado em Espinosa, Gr\u00e3o Mogol, Jana\u00faba, Joa\u00edma, Monte Azul e Taiobeiras, munic\u00edpios do Norte de Minas e Vale do Jequitinhonha, ser\u00e3o retomadas. O Governo de Minas Gerais, por meio da Universidade Estadual de Montes Claros (Unimontes), respons\u00e1vel pelo programa no estado, criou a comiss\u00e3o especial [&hellip;]<\/p>\n","protected":false},"author":1,"featured_media":84726,"comment_status":"open","ping_status":"closed","sticky":false,"template":"","format":"standard","meta":{"amp_status":"","footnotes":""},"categories":[40238,1236],"tags":[645,195,89292,1018,89293,1278,1153,1494,204,611,10160,1356,1277,89295,25032,59626,89291,89294,22205,419,222,763,18174],"class_list":["post-84725","post","type-post","status-publish","format-standard","has-post-thumbnail","hentry","category-educacao-2","category-norte_de_minas","tag-bocaiuva","tag-brasilia-de-minas","tag-construcao-de-escolas-tecnicas-do-programa-brasil-profissionalizado","tag-destaque","tag-escolas-tecnicas-do-programa-brasil-profissionalizado","tag-espinosa","tag-grao-mogol","tag-ibirite","tag-janauba","tag-joaima","tag-lagoa-santa","tag-manga","tag-monte-azul","tag-obras-de-escolas-tecnicas-profissionalizantes-no-norte-e-nordeste-de-minas-serao-retomadas","tag-pompeu","tag-professor-joao-dos-reis-canela","tag-programa-brasil-profissionalizado","tag-programa-brasil-profissionalizado-em-minas-gerais","tag-reitor-da-unimontes","tag-taiobeiras","tag-unai","tag-unimontes","tag-universidade-estadual-de-montes-claros"],"_links":{"self":[{"href":"https:\/\/aconteceunovale.com.br\/portal\/index.php?rest_route=\/wp\/v2\/posts\/84725","targetHints":{"allow":["GET"]}}],"collection":[{"href":"https:\/\/aconteceunovale.com.br\/portal\/index.php?rest_route=\/wp\/v2\/posts"}],"about":[{"href":"https:\/\/aconteceunovale.com.br\/portal\/index.php?rest_route=\/wp\/v2\/types\/post"}],"author":[{"embeddable":true,"href":"https:\/\/aconteceunovale.com.br\/portal\/index.php?rest_route=\/wp\/v2\/users\/1"}],"replies":[{"embeddable":true,"href":"https:\/\/aconteceunovale.com.br\/portal\/index.php?rest_route=%2Fwp%2Fv2%2Fcomments&post=84725"}],"version-history":[{"count":0,"href":"https:\/\/aconteceunovale.com.br\/portal\/index.php?rest_route=\/wp\/v2\/posts\/84725\/revisions"}],"wp:featuredmedia":[{"embeddable":true,"href":"https:\/\/aconteceunovale.com.br\/portal\/index.php?rest_route=\/wp\/v2\/media\/84726"}],"wp:attachment":[{"href":"https:\/\/aconteceunovale.com.br\/portal\/index.php?rest_route=%2Fwp%2Fv2%2Fmedia&parent=84725"}],"wp:term":[{"taxonomy":"category","embeddable":true,"href":"https:\/\/aconteceunovale.com.br\/portal\/index.php?rest_route=%2Fwp%2Fv2%2Fcategories&post=84725"},{"taxonomy":"post_tag","embeddable":true,"href":"https:\/\/aconteceunovale.com.br\/portal\/index.php?rest_route=%2Fwp%2Fv2%2Ftags&post=84725"}],"curies":[{"name":"wp","href":"https:\/\/api.w.org\/{rel}","templated":true}]}}