{"id":84723,"date":"2016-04-19T18:48:40","date_gmt":"2016-04-19T21:48:40","guid":{"rendered":"http:\/\/aconteceunovale.com.br\/portal\/?p=84723"},"modified":"2016-04-19T18:48:40","modified_gmt":"2016-04-19T21:48:40","slug":"festas-preservam-a-cultura-indigena-durante-todo-o-ano-em-minas-gerais","status":"publish","type":"post","link":"https:\/\/aconteceunovale.com.br\/portal\/?p=84723","title":{"rendered":"Festas preservam a cultura ind\u00edgena durante todo o ano em Minas Gerais"},"content":{"rendered":"<p>Xacriab\u00e1, Patax\u00f3, Maxacali, Krenak, Kaxix\u00f3, Pankarar\u00fa, Xucuru-Kariri ou Mukurim, independente da tribo aldeada em Minas Gerais, todas possuem objetivos em comum:  a luta constante para manter vivos sua cultura, costumes, l\u00edngua, e, principalmente, o territ\u00f3rio. Celebrar o Dia do \u00cdndio, comemorado todo dia 19 de abril, \u00e9 fundamental para reafirmarmos a import\u00e2ncia desses povos, conforme prop\u00f5e Hil\u00e1rio Corr\u00eaa Franco, representante da Associa\u00e7\u00e3o Ind\u00edgena Xakriab\u00e1. \u201cQue esse dia n\u00e3o seja apenas de comemora\u00e7\u00e3o, mas de reflex\u00e3o. \u00c9 um momento das comunidades se unirem em prol das resolu\u00e7\u00f5es dos conflitos que vivenciamos diariamente, uma \u00e9poca de buscar reconhecimento e, principalmente, respeito\u201d.<\/p>\n<p>A Secretaria de Estado de Cultura (SEC) lan\u00e7ou um em 2015 o Edital de Premia\u00e7\u00e3o das Festas Tradicionais das Comunidades Ind\u00edgenas e Grupos Tribais. O resultado dessa pol\u00edtica p\u00fablica est\u00e1 sendo colhido durante todo este ano de 2016, quando as festas tradicionais desses povos, repletas de dan\u00e7as e jogos, est\u00e3o sendo realizadas.<\/p>\n<p>Cacique da aldeia Ger\u00fa Tucun\u00e3 Patax\u00f3, localizada em A\u00e7ucena, regi\u00e3o do Vale do Rio Doce, Jos\u00e9 Ter\u00eancio Braz, de 56 anos, assume o valor de tal realiza\u00e7\u00e3o. \u201cEsse pr\u00eamio do Governo \u00e9 fundamental para o reconhecimento do territ\u00f3rio e da cultura do nosso povo. O edital As pessoas se esquecem dos povos ind\u00edgenas mineiros, lembram apenas das tribos do Norte do pa\u00eds. Antes n\u00e3o t\u00ednhamos onde buscar ajuda para realizar as nossas festas, ent\u00e3o o edital veio na hora certa. Atrav\u00e9s dessas festividades, temos como objetivo ensinar as crian\u00e7as e jovens sobre os nossos costumes e lutas\u201d.<\/p>\n<p><img decoding=\"async\" src=\"http:\/\/aconteceunovale.com.br\/portal\/wp-content\/uploads\/2016\/04\/Dia_do_\u00edndio_Aldeia_Xucuru_Kariri.jpg\" alt=\"\" \/><em>Secretaria de Cultura de Minas Gerais lan\u00e7ou um edital para premiar as festas tradicionais das comunidades ind\u00edgenas e grupos tribais (Foto: Divulga\u00e7\u00e3o \/ SEC)<\/em><br \/>\n<\/br><\/p>\n<p><strong>Conhe\u00e7a algumas das festas tradicionais ind\u00edgenas:<\/strong><\/p>\n<p>A Aldeia Xucuru Kariri, localizada em Caldas, Sul de Minas, aproveita a data para apresentar um costume que vem desde os seus antepassados. O Tor\u00e9 \u00e9 um ritual sagrado que envolve cantos e dan\u00e7a em c\u00edrculo ao som de instrumentos musicais, como chocalhos e marac\u00e1s. Al\u00e9m disso, o p\u00fablico pode participar de brincadeiras, bate-papo e um almo\u00e7o.<\/p>\n<p>Outra aldeia que tamb\u00e9m comemora a data \u00e9 a Sede Patax\u00f3, situada em Carm\u00e9sia, no Vale do Rio Doce. Entre os dias 22 e 23 de abril eles praticam o Aw\u00ea Heru\u00ea Niamissun, que mescla l\u00edngua, m\u00fasicas, dan\u00e7as, jogos e brincadeiras da cultura milenar Patax\u00f3.<\/p>\n<p>Na Aldeia Geru Tocan\u00e1 Patax\u00f3 tudo come\u00e7a com um caf\u00e9 da manh\u00e3 especial. A programa\u00e7\u00e3o, realizada no dia 19 de abril, segue com apresenta\u00e7\u00f5es de dan\u00e7a, conversas sobre o objetivo da data comemorativa, jogos de arco e flecha, brincadeira do bambu e ritual com pai da mata.<\/p>\n<p>No mesmo dia dan\u00e7as e roda de conversa d\u00e3o o tom da festa promovida pela comunidade Maxakali da Aldeia Verde, do munic\u00edpio de Ladainha, no Vale do Mucuri. Com cerca de 400 ind\u00edgenas, a comunidade ir\u00e1 realizar o Apn\u00e9 Yxux kaok, onde familiares de tribos mais distantes s\u00e3o recebidos para a cerim\u00f4nia na \u201cKuxex\u201d, casa de religi\u00e3o da aldeia.<\/p>\n<p>A Aldeia Morro Vermelho \u2013 Xakriab\u00e1, localizada em S\u00e3o Jo\u00e3o das Miss\u00f5es, na regi\u00e3o Norte, aproveita a proximidade com o final de semana, 22 de abril, para fazer apresenta\u00e7\u00f5es de dan\u00e7as e jogos com o p\u00fablico. A comunidade ind\u00edgena volta a festejar em maio, quando um grupo de 50 fam\u00edlias ind\u00edgenas celebra uma d\u00e9cada de retomada das terras com festejo tradicional.<\/p>\n<p>Na mesma localidade, a Aldeia Tenda\/Rancharia, tamb\u00e9m Xakriab\u00e1, promove o resgate de manifesta\u00e7\u00f5es culturais tradicionais pelos seus jovens ind\u00edgenas. Cantigas de roda, batuque e produ\u00e7\u00e3o de artesanatos com cer\u00e2micas recheiam o evento, que ainda n\u00e3o tem data confirmada.<\/p>\n<p>Na mesma regi\u00e3o, entre os dias 15 e 19 de abril a Aldeia Barreiro Preto tem programa\u00e7\u00e3o diversificada. Em busca de refletir sobre a constante luta enfrentada pelos \u00edndios, haver\u00e1 pautas de discuss\u00f5es, apresenta\u00e7\u00f5es de arco e flecha, corrida com marac\u00e1 na m\u00e3o, dan\u00e7as religiosas e oficinas, sempre referenciando \u00e0 mem\u00f3ria e aos costumes.<\/p>\n<p>A Aldeia Ind\u00edgena Kaxix\u00f3, de Martinho Campos, no Centro-Oeste de Minas, usou o pr\u00eamio da Secretaria de Estado de Cultura para promover o Festival de Pequi, no in\u00edcio do m\u00eas de abril, plantando o fruto e fazendo o seu preparo com frango e arroz. Para o Dia do \u00cdndio, a programa\u00e7\u00e3o come\u00e7a \u00e0s 8h e conta com brincadeiras, jogos, apresenta\u00e7\u00e3o de dan\u00e7as e concurso de comidas t\u00edpicas.<\/p>\n<p>Na Aldeia Patax\u00f3 Imbiru\u00e7u o ritual \u00e9 realizado durante o per\u00edodo de colheitas, no Centro Cultural Mongong\u00e1, em Carm\u00e9sia, e representa o comprometimento da comunidade com a preserva\u00e7\u00e3o do meio ambiente, j\u00e1 que o povo Patax\u00f3 \u00e9 conhecido como o povo das \u00e1guas. A chamada Festa das \u00c1guas \u00e9 realizada no dia 5 de outubro na regi\u00e3o do Vale do Rio Doce.<\/p>\n<p>Em dezembro, a sustentabilidade volta a ser o tema de festas ind\u00edgenas, desta vez promovida pelo povo Pankararu-Patax\u00f3, da Aldeia Cinta Vermelha. O festejo pretende preservar tradi\u00e7\u00f5es, especialmente a reprodu\u00e7\u00e3o de pr\u00e1ticas sustent\u00e1veis, permacultura e bem viver nas terras. No evento \u00e9 ressaltada a import\u00e2ncia de viveiros de plantas medicinais, o fortalecimento de escolas e as tradi\u00e7\u00f5es que envolvem as cerim\u00f4nias, como casamentos e batizados. A festa acontece no m\u00eas de dezembro em Ara\u00e7ua\u00ed, regi\u00e3o do Jequitinhonha.<\/p>\n<p><strong>Mais sobre o edital<\/strong><\/p>\n<p>Ano passado, a Secretaria de Estado de Cultura lan\u00e7ou um edital para premiar as festas tradicionais das comunidades ind\u00edgenas e grupos tribais. Doze pr\u00eamios, no valor de R$ 15 mil cada, foram entregues aos residentes de sete territ\u00f3rios de desenvolvimento do Estado: Sul, Oeste, Mucuri, Metropolitana, Vale do A\u00e7o, M\u00e9dio e Baixo Jequitinhonha. O resultado do edital \u00e9 celebrado pela Superintendente de Interioriza\u00e7\u00e3o e A\u00e7\u00e3o Cultural do Estado, Manuella Machado. \u201cEssa comemora\u00e7\u00e3o \u00e9 de grande import\u00e2ncia simb\u00f3lica. \u00c9 um momento de valoriza\u00e7\u00e3o e difus\u00e3o do nosso patrim\u00f4nio imaterial, da forma de criar, viver e se expressar das comunidades ind\u00edgenas\u201d.<\/p>\n<p>(Ag\u00eancia Minas)<\/p>\n","protected":false},"excerpt":{"rendered":"<p>Xacriab\u00e1, Patax\u00f3, Maxacali, Krenak, Kaxix\u00f3, Pankarar\u00fa, Xucuru-Kariri ou Mukurim, independente da tribo aldeada em Minas Gerais, todas possuem objetivos em comum: a luta constante para manter vivos sua cultura, costumes, l\u00edngua, e, principalmente, o territ\u00f3rio. Celebrar o Dia do \u00cdndio, comemorado todo dia 19 de abril, \u00e9 fundamental para reafirmarmos a import\u00e2ncia desses povos, conforme [&hellip;]<\/p>\n","protected":false},"author":1,"featured_media":84721,"comment_status":"open","ping_status":"closed","sticky":false,"template":"","format":"standard","meta":{"amp_status":"","footnotes":""},"categories":[125,123],"tags":[971,89289,89281,89286,89285,89279,89267,89266,89283,186,89273,89280,89275,3686,280,89287,89269,89282,1018,89270,89271,89268,89290,89277,89278,89272,89276,52792,25872,89284,344,53395,58741,58742,3735,89288,41170,89274,1810,52794,52795],"class_list":["post-84723","post","type-post","status-publish","format-standard","has-post-thumbnail","hentry","category-noticias","category-gerais","tag-acucena","tag-aldeia-cinta-vermelha","tag-aldeia-geru-tocana-pataxo","tag-aldeia-indigena-kaxixo","tag-aldeia-morro-vermelho-xakriaba","tag-aldeia-xucuru-kariri","tag-aldeias-indigenas-de-minas-gerais","tag-aldeias-indigenas-minas-gerais","tag-apne-yxux-kaok","tag-aracuai","tag-associacao-indigena-xakriaba","tag-awe-herue-niamissun","tag-cacique-da-aldeia-geru-tucuna-pataxo","tag-caldas","tag-carmesia","tag-centro-cultural-mongonga","tag-comemoracao-do-dia-do-indio-em-minas-gerais","tag-comunidade-maxakali-da-aldeia-verde","tag-destaque","tag-dia-do-indio","tag-dia-do-indio-minas-gerais","tag-festa-indigenas-minas-gerais","tag-festas-preservam-a-cultura-indigena-durante-todo-o-ano-em-minas-gerais","tag-festas-tradicionais-indigenas","tag-festas-tradicionais-indigenas-de-minas-gerais","tag-hilario-correa-franco","tag-jose-terencio-braz","tag-kaxixo","tag-krenak","tag-kuxex","tag-ladainha","tag-martinho-campos","tag-maxacali","tag-mukurim","tag-pankararu","tag-pankararu-pataxo","tag-pataxo","tag-premiacao-das-festas-tradicionais-das-comunidades-indigenas-e-grupos-tribais","tag-sao-joao-das-missoes","tag-xacriaba","tag-xucuru-kariri"],"_links":{"self":[{"href":"https:\/\/aconteceunovale.com.br\/portal\/index.php?rest_route=\/wp\/v2\/posts\/84723","targetHints":{"allow":["GET"]}}],"collection":[{"href":"https:\/\/aconteceunovale.com.br\/portal\/index.php?rest_route=\/wp\/v2\/posts"}],"about":[{"href":"https:\/\/aconteceunovale.com.br\/portal\/index.php?rest_route=\/wp\/v2\/types\/post"}],"author":[{"embeddable":true,"href":"https:\/\/aconteceunovale.com.br\/portal\/index.php?rest_route=\/wp\/v2\/users\/1"}],"replies":[{"embeddable":true,"href":"https:\/\/aconteceunovale.com.br\/portal\/index.php?rest_route=%2Fwp%2Fv2%2Fcomments&post=84723"}],"version-history":[{"count":0,"href":"https:\/\/aconteceunovale.com.br\/portal\/index.php?rest_route=\/wp\/v2\/posts\/84723\/revisions"}],"wp:featuredmedia":[{"embeddable":true,"href":"https:\/\/aconteceunovale.com.br\/portal\/index.php?rest_route=\/wp\/v2\/media\/84721"}],"wp:attachment":[{"href":"https:\/\/aconteceunovale.com.br\/portal\/index.php?rest_route=%2Fwp%2Fv2%2Fmedia&parent=84723"}],"wp:term":[{"taxonomy":"category","embeddable":true,"href":"https:\/\/aconteceunovale.com.br\/portal\/index.php?rest_route=%2Fwp%2Fv2%2Fcategories&post=84723"},{"taxonomy":"post_tag","embeddable":true,"href":"https:\/\/aconteceunovale.com.br\/portal\/index.php?rest_route=%2Fwp%2Fv2%2Ftags&post=84723"}],"curies":[{"name":"wp","href":"https:\/\/api.w.org\/{rel}","templated":true}]}}