{"id":84459,"date":"2016-04-15T09:10:26","date_gmt":"2016-04-15T12:10:26","guid":{"rendered":"http:\/\/aconteceunovale.com.br\/portal\/?p=84459"},"modified":"2016-04-15T09:10:26","modified_gmt":"2016-04-15T12:10:26","slug":"secretaria-de-educacao-entrega-65-caminhonetes-para-47-superintendencias-de-ensino","status":"publish","type":"post","link":"https:\/\/aconteceunovale.com.br\/portal\/?p=84459","title":{"rendered":"Secretaria de Educa\u00e7\u00e3o entrega 65 caminhonetes para 47 superintend\u00eancias de ensino"},"content":{"rendered":"<p>O Governo de Minas Gerais e a Secretaria de Estado de Educa\u00e7\u00e3o (SEE) promoveram, nesta quinta-feira (14\/4), a entrega de ve\u00edculos para as 47 Superintend\u00eancias Regionais de Ensino (SREs) da SEE. Ao todo, foram destinadas 65 novas caminhonetes, sendo que cada superintend\u00eancia recebeu ao menos um ve\u00edculo. Na cerim\u00f4nia de entrega estiveram presentes a secret\u00e1ria de Educa\u00e7\u00e3o, Maca\u00e9 Evaristo, al\u00e9m de diretores das SREs e gestores da Educa\u00e7\u00e3o.<\/p>\n<p>Das 47 superintend\u00eancias, 18 receberam dois ve\u00edculos e 29 uma unidade. Para a aquisi\u00e7\u00e3o dos ve\u00edculos &#8211; caminhonetes Amarok com tra\u00e7\u00e3o nas quatro rodas &#8211; foram investidos R$ 7.572.500,00. O valor unit\u00e1rio foi de R$ 116.500,00. As SREs que receber\u00e3o dois ve\u00edculos s\u00e3o Almenara, Ara\u00e7ua\u00ed, Curvelo, Diamantina, Governador Valadares, Guanh\u00e3es, Jana\u00faba, Janu\u00e1ria, Montes Claros, Paracatu, Pirapora, Te\u00f3filo Otoni, Uberaba, Uberl\u00e2ndia, Una\u00ed e as Metropolitanas A, B e C.<\/p>\n<p>Segundo a secret\u00e1ria de Estado de Educa\u00e7\u00e3o, Maca\u00e9 Evaristo, as superintend\u00eancias onde o acesso \u00e0s escolas \u00e9 mais complexo receberam dois ve\u00edculos. \u201cEm algumas comunidades, as estradas sequer s\u00e3o pavimentadas e em alguns casos as dist\u00e2ncias tamb\u00e9m s\u00e3o longas\u201d, disse.<\/p>\n<p>Os novos ve\u00edculos ser\u00e3o utilizados pelas regionais no trabalho que realizam de acompanhamento e atendimento junto \u00e0s escolas estaduais. Para a diretora da Superintend\u00eancia Regional de Ensino de Janu\u00e1ria, Stela Aparecida de Abreu Santos, as caminhonetes v\u00e3o contribuir para a otimiza\u00e7\u00e3o do trabalho.<\/p>\n<p>\u201cNossas escolas est\u00e3o distribu\u00eddas em 19 munic\u00edpios. As estradas na nossa regi\u00e3o est\u00e3o em p\u00e9ssimas condi\u00e7\u00f5es. Apenas 6 munic\u00edpios t\u00eam acesso com estrada asfaltada, e os carros que utilizamos s\u00e3o bem prec\u00e1rios. Com os novos ve\u00edculos, poderemos oferecer mais conforto e seguran\u00e7a no deslocamentos do servidores, como inspetores e analistas educacionais, para o atendimento das escolas\u201d, observou Stela.<\/p>\n<p>\u201cEspecialmente para a nossa SRE, que \u00e9 uma regi\u00e3o de grandes dificuldades geogr\u00e1ficas e econ\u00f4micas e com uma \u00e1rea de abrang\u00eancia muito grande, ser\u00e1 um grande diferencial para o nosso trabalho. L\u00e1 n\u00f3s n\u00e3o fazemos visitas, mas um verdadeiro rally educacional no sert\u00e3o. Essa demanda foi apresentada no ano passado \u00e0 Secretaria de Estado de Educa\u00e7\u00e3o e hoje estamos muito satisfeitos com a entrega desses carros, solicita\u00e7\u00e3o que n\u00e3o somente foi atendida, mas estendida para todas as regionais de ensino\u201d, comemora a superintendente.<\/p>\n<p>Para Ermelindo Martins Caetano, da SRE Metropolitana C, a cerim\u00f4nia de entrega das chaves \u00e9 um momento de celebra\u00e7\u00e3o das realiza\u00e7\u00f5es do governo mineiro. \u201cDemonstra a aproxima\u00e7\u00e3o do governo com as Regionais, com as escolas, com os alunos e a popula\u00e7\u00e3o atendida pela Educa\u00e7\u00e3o\u201d.<\/p>\n<p>J\u00e1 o diretor da SRE Montes Claros, Jos\u00e9 Gomes Filho, pontuou que a aquisi\u00e7\u00e3o ir\u00e1 melhor o atendimento \u00e0s escolas. \u201cA Superintend\u00eancia de Montes Claros atende 30 munic\u00edpios e 169 escolas. \u00c9 uma SRE muito extensa e esses dois ve\u00edculos v\u00e3o contribuir muito para o atendimento \u00e0s unidades de ensino\u201d, reconheceu.<\/p>\n<p><img decoding=\"async\" src=\"http:\/\/aconteceunovale.com.br\/portal\/wp-content\/uploads\/2016\/04\/veiculos_sremg_2.jpg\" alt=\"\" \/><em>Ve\u00edculos ser\u00e3o utilizados pelas regionais no trabalho que realizam de acompanhamento e atendimento junto \u00e0s escolas estaduais (Foto: Carlos Alberto \/ Imprensa-MG)<\/em><br \/>\n<\/br><\/p>\n<p><img decoding=\"async\" src=\"http:\/\/aconteceunovale.com.br\/portal\/wp-content\/uploads\/2016\/04\/veiculos_sremg_1.jpg\" alt=\"\" \/><em>Ve\u00edculos ser\u00e3o utilizados pelas regionais no trabalho que realizam de acompanhamento e atendimento junto \u00e0s escolas estaduais (Foto: Carlos Alberto \/ Imprensa-MG)<\/em><br \/>\n<\/br><\/p>\n<p><img decoding=\"async\" src=\"http:\/\/aconteceunovale.com.br\/portal\/wp-content\/uploads\/2016\/04\/veiculos_sremg_3.jpg\" alt=\"\" \/><em>Ve\u00edculos ser\u00e3o utilizados pelas regionais no trabalho que realizam de acompanhamento e atendimento junto \u00e0s escolas estaduais (Foto: Carlos Alberto \/ Imprensa-MG)<\/em><br \/>\n<\/br><\/p>\n<p>(Ag\u00eancia Minas)<\/p>\n","protected":false},"excerpt":{"rendered":"<p>O Governo de Minas Gerais e a Secretaria de Estado de Educa\u00e7\u00e3o (SEE) promoveram, nesta quinta-feira (14\/4), a entrega de ve\u00edculos para as 47 Superintend\u00eancias Regionais de Ensino (SREs) da SEE. Ao todo, foram destinadas 65 novas caminhonetes, sendo que cada superintend\u00eancia recebeu ao menos um ve\u00edculo. Na cerim\u00f4nia de entrega estiveram presentes a secret\u00e1ria [&hellip;]<\/p>\n","protected":false},"author":1,"featured_media":84460,"comment_status":"open","ping_status":"closed","sticky":false,"template":"","format":"standard","meta":{"amp_status":"","footnotes":""},"categories":[40238,123],"tags":[142,186,197,198,88663,88664,88665,88667,247,155,204,205,38011,28366,210,212,254,88669,37573,88668,88666,52799,164,220,221,222],"class_list":["post-84459","post","type-post","status-publish","format-standard","has-post-thumbnail","hentry","category-educacao-2","category-gerais","tag-almenara","tag-aracuai","tag-curvelo","tag-diamantina","tag-entrega-de-veiculos-para-as-47-superintendencias-regionais-de-ensino","tag-entrega-de-veiculos-para-as-47-superintendencias-regionais-de-ensino-de-minas-gerais","tag-entrega-de-veiculos-para-sres-de-minas-gerais","tag-ermelindo-martins-caetano","tag-governador-valadares","tag-guanhaes","tag-janauba","tag-januaria","tag-jose-gomes-filho","tag-macae-evaristo","tag-montes-claros","tag-paracatu","tag-pirapora","tag-secretaria-de-educacao-entrega-65-caminhonetes-para-47-superintendencias-de-ensino","tag-secretaria-de-estado-de-educacao","tag-sre-montes-claros","tag-stela-aparecida-de-abreu-santos","tag-superintendencia-regional-de-ensino-de-januaria","tag-teofilo-otoni","tag-uberaba","tag-uberlandia","tag-unai"],"_links":{"self":[{"href":"https:\/\/aconteceunovale.com.br\/portal\/index.php?rest_route=\/wp\/v2\/posts\/84459","targetHints":{"allow":["GET"]}}],"collection":[{"href":"https:\/\/aconteceunovale.com.br\/portal\/index.php?rest_route=\/wp\/v2\/posts"}],"about":[{"href":"https:\/\/aconteceunovale.com.br\/portal\/index.php?rest_route=\/wp\/v2\/types\/post"}],"author":[{"embeddable":true,"href":"https:\/\/aconteceunovale.com.br\/portal\/index.php?rest_route=\/wp\/v2\/users\/1"}],"replies":[{"embeddable":true,"href":"https:\/\/aconteceunovale.com.br\/portal\/index.php?rest_route=%2Fwp%2Fv2%2Fcomments&post=84459"}],"version-history":[{"count":0,"href":"https:\/\/aconteceunovale.com.br\/portal\/index.php?rest_route=\/wp\/v2\/posts\/84459\/revisions"}],"wp:featuredmedia":[{"embeddable":true,"href":"https:\/\/aconteceunovale.com.br\/portal\/index.php?rest_route=\/wp\/v2\/media\/84460"}],"wp:attachment":[{"href":"https:\/\/aconteceunovale.com.br\/portal\/index.php?rest_route=%2Fwp%2Fv2%2Fmedia&parent=84459"}],"wp:term":[{"taxonomy":"category","embeddable":true,"href":"https:\/\/aconteceunovale.com.br\/portal\/index.php?rest_route=%2Fwp%2Fv2%2Fcategories&post=84459"},{"taxonomy":"post_tag","embeddable":true,"href":"https:\/\/aconteceunovale.com.br\/portal\/index.php?rest_route=%2Fwp%2Fv2%2Ftags&post=84459"}],"curies":[{"name":"wp","href":"https:\/\/api.w.org\/{rel}","templated":true}]}}