{"id":84457,"date":"2016-04-15T08:46:03","date_gmt":"2016-04-15T11:46:03","guid":{"rendered":"http:\/\/aconteceunovale.com.br\/portal\/?p=84457"},"modified":"2016-04-15T08:46:03","modified_gmt":"2016-04-15T11:46:03","slug":"previsao-do-tempo-para-minas-gerais-nesta-sexta-feira-15-de-abril","status":"publish","type":"post","link":"https:\/\/aconteceunovale.com.br\/portal\/?p=84457","title":{"rendered":"Previs\u00e3o do tempo para Minas Gerais, nesta sexta-feira, 15 de abril"},"content":{"rendered":"<h4><strong><em>Na capital mais um dia sol entre poucas nuvens.<\/em><\/strong><\/h4>\n<p>O ar seco deixa o tempo est\u00e1vel e quente sobre o Sudeste do pa\u00eds. Em Minas Gerais, o tempo deve ficar parcialmente nublado com possibilidade de chuvas isoladas no Sul. Nas demais regi\u00f5es mineiras mais um dia ensolarado com temperaturas elevadas. Baixos \u00edndices de umidade do ar \u00e0 tarde no Oeste, Norte e Centro mineiro.<\/p>\n<p>Na Regi\u00e3o Metropolitana de Belo Horizonte o tempo deve ficar ensolarado a parcialmente nublado e n\u00e3o h\u00e1 previs\u00e3o de chuvas. Na capital mais um dia sol entre poucas nuvens. As temperaturas devem variar entre 18\u00b0C e 30\u00b0C com umidade do ar \u00e0 tarde na casa dos 35%. Ao longo da semana o tempo continuar\u00e1 seco em todo o estado.<\/p>\n","protected":false},"excerpt":{"rendered":"<p>Na capital mais um dia sol entre poucas nuvens. O ar seco deixa o tempo est\u00e1vel e quente sobre o Sudeste do pa\u00eds. Em Minas Gerais, o tempo deve ficar parcialmente nublado com possibilidade de chuvas isoladas no Sul. Nas demais regi\u00f5es mineiras mais um dia ensolarado com temperaturas elevadas. Baixos \u00edndices de umidade do [&hellip;]<\/p>\n","protected":false},"author":1,"featured_media":82499,"comment_status":"open","ping_status":"closed","sticky":false,"template":"","format":"standard","meta":{"amp_status":"","footnotes":""},"categories":[123],"tags":[41804,194,131,38395,1956,27340,88662,86248,88661,1839,88659,27976,88658,88660],"class_list":["post-84457","post","type-post","status-publish","format-standard","has-post-thumbnail","hentry","category-gerais","tag-15-de-abril","tag-belo-horizonte","tag-minas-gerais","tag-nesta-sexta-feira","tag-previsao-do-tempo","tag-previsao-do-tempo-para-belo-horizonte","tag-previsao-do-tempo-para-belo-horizonte-15-de-abril","tag-previsao-do-tempo-para-belo-horizonte-nesta-sexta-feira","tag-previsao-do-tempo-para-belo-horizonte-nesta-sexta-feira-15-de-abril","tag-previsao-do-tempo-para-minas-gerais","tag-previsao-do-tempo-para-minas-gerais-15-de-abril","tag-previsao-do-tempo-para-minas-gerais-nesta-sexta-feira","tag-previsao-do-tempo-para-minas-gerais-nesta-sexta-feira-15-de-abril","tag-sexta-feira-15-de-abril"],"_links":{"self":[{"href":"https:\/\/aconteceunovale.com.br\/portal\/index.php?rest_route=\/wp\/v2\/posts\/84457","targetHints":{"allow":["GET"]}}],"collection":[{"href":"https:\/\/aconteceunovale.com.br\/portal\/index.php?rest_route=\/wp\/v2\/posts"}],"about":[{"href":"https:\/\/aconteceunovale.com.br\/portal\/index.php?rest_route=\/wp\/v2\/types\/post"}],"author":[{"embeddable":true,"href":"https:\/\/aconteceunovale.com.br\/portal\/index.php?rest_route=\/wp\/v2\/users\/1"}],"replies":[{"embeddable":true,"href":"https:\/\/aconteceunovale.com.br\/portal\/index.php?rest_route=%2Fwp%2Fv2%2Fcomments&post=84457"}],"version-history":[{"count":0,"href":"https:\/\/aconteceunovale.com.br\/portal\/index.php?rest_route=\/wp\/v2\/posts\/84457\/revisions"}],"wp:featuredmedia":[{"embeddable":true,"href":"https:\/\/aconteceunovale.com.br\/portal\/index.php?rest_route=\/wp\/v2\/media\/82499"}],"wp:attachment":[{"href":"https:\/\/aconteceunovale.com.br\/portal\/index.php?rest_route=%2Fwp%2Fv2%2Fmedia&parent=84457"}],"wp:term":[{"taxonomy":"category","embeddable":true,"href":"https:\/\/aconteceunovale.com.br\/portal\/index.php?rest_route=%2Fwp%2Fv2%2Fcategories&post=84457"},{"taxonomy":"post_tag","embeddable":true,"href":"https:\/\/aconteceunovale.com.br\/portal\/index.php?rest_route=%2Fwp%2Fv2%2Ftags&post=84457"}],"curies":[{"name":"wp","href":"https:\/\/api.w.org\/{rel}","templated":true}]}}