{"id":84348,"date":"2016-04-13T15:28:29","date_gmt":"2016-04-13T18:28:29","guid":{"rendered":"http:\/\/aconteceunovale.com.br\/portal\/?p=84348"},"modified":"2016-04-13T15:28:29","modified_gmt":"2016-04-13T18:28:29","slug":"ricardo-faria-assume-a-secretaria-de-estado-de-turismo-de-minas-gerais","status":"publish","type":"post","link":"https:\/\/aconteceunovale.com.br\/portal\/?p=84348","title":{"rendered":"Ricardo Faria assume a Secretaria de Estado de Turismo de Minas Gerais"},"content":{"rendered":"<p>A convite do governador Fernando Pimentel, o deputado estadual Ricardo Faria (PCdoB) assumiu nesta quarta-feira (13\/4) a Secretaria de Estado de Turismo. At\u00e9 o in\u00edcio deste m\u00eas, a pasta era representada pelo tamb\u00e9m deputado M\u00e1rio Henrique Caixa.<\/p>\n<p>Ricardo Faria \u00e9 fisioterapeuta por forma\u00e7\u00e3o. Foi vereador por dois mandatos em Contagem, sendo reeleito em 2012 como o candidato mais votado da cidade. Entre os anos de 2009-2012 foi presidente da Comiss\u00e3o de Sa\u00fade da C\u00e2mara de Contagem e, no final de 2012, foi convidado para assumir a Secretaria de Sa\u00fade. Fisioterapeuta e terapeuta ocupacional, j\u00e1 atuou como professor do ensino fundamental e de curso pr\u00e9-vestibular e dirigiu uma escola de educa\u00e7\u00e3o b\u00e1sica e gradua\u00e7\u00e3o a dist\u00e2ncia.<\/p>\n<p>Para o novo secret\u00e1rio, \u00e9 motivo de muita alegria estar \u00e0 frente de uma secretaria t\u00e3o representativa para todo o pa\u00eds. De acordo com ele, \u201cMinas Gerais, com essa enorme diversidade cultural, \u00e9 um estado riqu\u00edssimo em patrim\u00f4nio hist\u00f3rico, gastron\u00f4mico e natural. \u00c9 preciso valorizar o que temos e inovar\u201d, diz Faria.<\/p>\n<p>O novo secret\u00e1rio aponta algumas prioridades em sua gest\u00e3o. \u201cVamos investir no turismo inclusivo e no turismo religioso. Al\u00e9m disso, vou dar continuidade aos projetos j\u00e1 iniciados, como o fortalecimento da nossa gastronomia enquanto atrativo tur\u00edstico. Ser\u00e1 um grande desafio, mas acreditamos que com muito trabalho ser\u00e1 poss\u00edvel alcan\u00e7ar bons resultados\u201d.<\/p>\n<p>Segundo ele, a expectativa \u00e9 a de que a realiza\u00e7\u00e3o das Olimp\u00edadas, daqui a alguns meses, com v\u00e1rios jogos acontecendo na capital, atraia um n\u00famero significativo de turistas para Minas Gerais. \u201cDessa forma, trabalharemos para que todos sejam muito bem recebidos. \u00c9 um momento \u00fanico para apresentar e promover nosso Estado enquanto destino tur\u00edstico\u201d, enfatiza.<\/p>\n<p><img decoding=\"async\" src=\"http:\/\/aconteceunovale.com.br\/portal\/wp-content\/uploads\/2016\/04\/secretario_turismo.jpg\" alt=\"\" \/><em>O novo secret\u00e1rio, Ricardo Faria &#8211; Cr\u00e9dito: Divulga\u00e7\u00e3o\/Setur<\/em><br \/>\n<\/br><\/p>\n<p>(Ag\u00eancia Minas)<\/p>\n","protected":false},"excerpt":{"rendered":"<p>A convite do governador Fernando Pimentel, o deputado estadual Ricardo Faria (PCdoB) assumiu nesta quarta-feira (13\/4) a Secretaria de Estado de Turismo. At\u00e9 o in\u00edcio deste m\u00eas, a pasta era representada pelo tamb\u00e9m deputado M\u00e1rio Henrique Caixa. Ricardo Faria \u00e9 fisioterapeuta por forma\u00e7\u00e3o. Foi vereador por dois mandatos em Contagem, sendo reeleito em 2012 como [&hellip;]<\/p>\n","protected":false},"author":1,"featured_media":84349,"comment_status":"open","ping_status":"closed","sticky":false,"template":"","format":"standard","meta":{"amp_status":"","footnotes":""},"categories":[123,40240],"tags":[956,88471,29798,17365,88472,38313,88469,88470],"class_list":["post-84348","post","type-post","status-publish","format-standard","has-post-thumbnail","hentry","category-gerais","category-politica-2","tag-contagem","tag-deputado-ricardo-faria","tag-governador-fernando-pimentel","tag-mario-henrique-caixa","tag-novo-secretario-de-turismo-de-minas-gerais","tag-ricardo-faria","tag-ricardo-faria-assume-a-secretaria-de-estado-de-turismo-de-minas-gerais","tag-secretaria-de-estado-de-turismo-de-minas-gerais"],"_links":{"self":[{"href":"https:\/\/aconteceunovale.com.br\/portal\/index.php?rest_route=\/wp\/v2\/posts\/84348","targetHints":{"allow":["GET"]}}],"collection":[{"href":"https:\/\/aconteceunovale.com.br\/portal\/index.php?rest_route=\/wp\/v2\/posts"}],"about":[{"href":"https:\/\/aconteceunovale.com.br\/portal\/index.php?rest_route=\/wp\/v2\/types\/post"}],"author":[{"embeddable":true,"href":"https:\/\/aconteceunovale.com.br\/portal\/index.php?rest_route=\/wp\/v2\/users\/1"}],"replies":[{"embeddable":true,"href":"https:\/\/aconteceunovale.com.br\/portal\/index.php?rest_route=%2Fwp%2Fv2%2Fcomments&post=84348"}],"version-history":[{"count":0,"href":"https:\/\/aconteceunovale.com.br\/portal\/index.php?rest_route=\/wp\/v2\/posts\/84348\/revisions"}],"wp:featuredmedia":[{"embeddable":true,"href":"https:\/\/aconteceunovale.com.br\/portal\/index.php?rest_route=\/wp\/v2\/media\/84349"}],"wp:attachment":[{"href":"https:\/\/aconteceunovale.com.br\/portal\/index.php?rest_route=%2Fwp%2Fv2%2Fmedia&parent=84348"}],"wp:term":[{"taxonomy":"category","embeddable":true,"href":"https:\/\/aconteceunovale.com.br\/portal\/index.php?rest_route=%2Fwp%2Fv2%2Fcategories&post=84348"},{"taxonomy":"post_tag","embeddable":true,"href":"https:\/\/aconteceunovale.com.br\/portal\/index.php?rest_route=%2Fwp%2Fv2%2Ftags&post=84348"}],"curies":[{"name":"wp","href":"https:\/\/api.w.org\/{rel}","templated":true}]}}