{"id":84302,"date":"2016-04-12T23:14:25","date_gmt":"2016-04-13T02:14:25","guid":{"rendered":"http:\/\/aconteceunovale.com.br\/portal\/?p=84302"},"modified":"2016-04-12T23:14:25","modified_gmt":"2016-04-13T02:14:25","slug":"governo-autoriza-instalacao-de-523-academias-ao-ar-livre-em-330-cidades-mineiras","status":"publish","type":"post","link":"https:\/\/aconteceunovale.com.br\/portal\/?p=84302","title":{"rendered":"Governo autoriza instala\u00e7\u00e3o de 523 Academias ao Ar Livre em 330 cidades mineiras"},"content":{"rendered":"<p>O governador de Minas Gerais, Fernando Pimentel, assinou nesta ter\u00e7a-feira (12\/4), no Audit\u00f3rio JK, na Cidade Administrativa, autoriza\u00e7\u00e3o para in\u00edcio de servi\u00e7o para implanta\u00e7\u00e3o de 523 Academias ao Ar Livre em 330 munic\u00edpios de todas as regi\u00f5es do Estado. Est\u00e3o sendo investidos cerca de R$ 6,9 milh\u00f5es na aquisi\u00e7\u00e3o dos equipamentos.<\/p>\n<p>A instala\u00e7\u00e3o das Academias ao Ar Livre tem como principal objetivo a universaliza\u00e7\u00e3o do incentivo \u00e0 pr\u00e1tica de atividades f\u00edsicas e s\u00e3o frutos de demandas da sociedade colhidas durante a realiza\u00e7\u00e3o dos F\u00f3runs Regionais de Governo.<\/p>\n<p>Acompanhado do vice-governador Ant\u00f4nio Andrade, o governador Fernando Pimentel destacou, em seu discurso, o papel do poder p\u00fablico no incentivo \u00e0 atividade f\u00edsica. \u201cA Academia ao Ar Livre \u00e9 uma pequena academia de gin\u00e1stica, gratuita, disponibilizada em um local p\u00fablico, de maneira que todo cidad\u00e3o e cidad\u00e3 possa ter acesso ao exerc\u00edcio f\u00edsico de boa qualidade, com equipamento bom, e fazer aquilo que, hoje, a medicina recomenda amplamente: cuidar da sua atividade f\u00edsica, sair do sedentarismo, para evitar boa parte das doen\u00e7as\u201d, afirmou.<\/p>\n<p>Segundo o governador, com uma popula\u00e7\u00e3o mais saud\u00e1vel, haver\u00e1 menos press\u00e3o sobre o sistema p\u00fablico de sa\u00fade. \u201cCom toda a certeza isso melhora muito a qualidade de vida das pessoas\u201d, afirmou.<\/p>\n<p>Pimentel tamb\u00e9m valorizou a import\u00e2ncia das emendas parlamentares nas indica\u00e7\u00f5es de a\u00e7\u00f5es de governo como essa, que beneficiam diretamente os cidad\u00e3os. Para ele, \u201ca emenda parlamentar \u00e9 um mecanismo democr\u00e1tico, leg\u00edtimo, absolutamente legal, constitucional, para que o representante da regi\u00e3o fa\u00e7a valer aquilo que os seus representados querem: levar benef\u00edcios para a regi\u00e3o que o elegeu, que ele representa\u201d.<\/p>\n<p>O incentivo \u00e0 pr\u00e1tica de atividades f\u00edsicas tamb\u00e9m foi destacado pelo vice-governador Ant\u00f4nio Andrade, que ressaltou o papel das academias nos 330 munic\u00edpios contemplados. \u201c\u00c9 investir no avan\u00e7o da qualidade de vida da popula\u00e7\u00e3o. Hoje, o Governo de Minas Gerais d\u00e1 um passo importante no processo de melhoria dos \u00edndices de sa\u00fade no Estado\u201d, afirmou.<\/p>\n<p><img decoding=\"async\" src=\"http:\/\/aconteceunovale.com.br\/portal\/wp-content\/uploads\/2016\/04\/academia_mg_330.jpg\" alt=\"\" \/><em>Governo autoriza instala\u00e7\u00e3o de 523 Academias ao Ar Livre (Foto: Marcelo Sant&#8217;Anna\/Imprensa MG)<\/em><br \/>\n<\/br><\/p>\n<p><strong>Democracia<\/strong><\/p>\n<p>O governador Fernando Pimentel aproveitou o discurso para defender os avan\u00e7os pol\u00edticos e sociais conquistados pelos brasileiros nas \u00faltimas d\u00e9cadas e reafirmar o desejo da popula\u00e7\u00e3o de \u201cprosseguir no caminho da justi\u00e7a social\u201d.<\/p>\n<p>\u201cSe existe uma coisa que o Brasil n\u00e3o quer neste momento \u00e9 voltar atr\u00e1s. A discuss\u00e3o que n\u00f3s temos que fazer \u00e9 se o Brasil quer caminhar para frente ou retroceder. N\u00e3o \u00e9 discuss\u00e3o se fica esse ou aquele, se o mandato termina ou n\u00e3o. Essa \u00e9 importante e tem a ver com a democracia e com a Constitui\u00e7\u00e3o. Mas o mais importante \u00e9 que o povo brasileiro quer prosseguir no caminho da justi\u00e7a social, da distribui\u00e7\u00e3o de renda, da igualdade econ\u00f4mica, das oportunidades para todos. N\u00f3s n\u00e3o podemos retroceder\u201d, afirmou Pimentel, ressaltando que \u201cO povo quer sim uma economia estabilizada, com crescimento econ\u00f4mico, mas com distribui\u00e7\u00e3o de renda, com justi\u00e7a social, com oportunidades para todos\u201d.<\/p>\n<p><strong>Sa\u00fade<\/strong><\/p>\n<p>O secret\u00e1rio de Esportes, Carlos Henrique, ressaltou, em entrevista \u00e0 imprensa, o alto \u00edndice de pessoas sedent\u00e1rias no pa\u00eds, segundo levantamento do Minist\u00e9rio do Esporte. \u201c\u00c9 um desafio para o poder p\u00fablico envolver a popula\u00e7\u00e3o em atividades f\u00edsicas. Essa a\u00e7\u00e3o \u00e9 muito importante porque envolve a popula\u00e7\u00e3o em eventos esportivos, beneficiando, assim, a qualidade de vida na sua sa\u00fade\u201d, afirmou.<\/p>\n<p>Os equipamentos ser\u00e3o instalados em pra\u00e7as e locais p\u00fablicos abertos, com o objetivo de proporcionar, al\u00e9m da pr\u00e1tica de exerc\u00edcios f\u00edsicos, um espa\u00e7o de lazer e intera\u00e7\u00e3o social para as comunidades.<\/p>\n<p>No conjunto de equipamentos de gin\u00e1stica, est\u00e3o simuladores de caminhada, esqui e cavalgada, al\u00e9m de bancos para exerc\u00edcios para as pernas e bra\u00e7os. Os aparelhos s\u00e3o recomendados para quem deseja iniciar a pr\u00e1tica de atividades f\u00edsicas, acabar com o sedentarismo e para a melhoria na qualidade de vida.<\/p>\n<p>O prefeito de Cataguases, Jos\u00e9 C\u00e9sar Samor, ressaltou a atua\u00e7\u00e3o republicana da nova gest\u00e3o estadual, que, apesar das dificuldades financeiras, vem conseguindo auxiliar o trabalho dos prefeitos e prefeitas. \u201cTenho muita f\u00e9 e esperan\u00e7a que o governador Fernando Pimentel vai colocar o Estado nos trilhos\u201d, disse.<\/p>\n<p>Al\u00e9m de diversos prefeitos, tamb\u00e9m participaram do evento secret\u00e1rios de Estado, deputados estaduais, vereadores e autoridades municipais. (Ag\u00eancia Minas)<\/p>\n","protected":false},"excerpt":{"rendered":"<p>O governador de Minas Gerais, Fernando Pimentel, assinou nesta ter\u00e7a-feira (12\/4), no Audit\u00f3rio JK, na Cidade Administrativa, autoriza\u00e7\u00e3o para in\u00edcio de servi\u00e7o para implanta\u00e7\u00e3o de 523 Academias ao Ar Livre em 330 munic\u00edpios de todas as regi\u00f5es do Estado. Est\u00e3o sendo investidos cerca de R$ 6,9 milh\u00f5es na aquisi\u00e7\u00e3o dos equipamentos. A instala\u00e7\u00e3o das Academias [&hellip;]<\/p>\n","protected":false},"author":1,"featured_media":84303,"comment_status":"open","ping_status":"closed","sticky":false,"template":"","format":"standard","meta":{"amp_status":"","footnotes":""},"categories":[123,40242],"tags":[1503,1018,12826,17334,88425,88418,88419,88420,88421,88422,88426,88424,88423],"class_list":["post-84302","post","type-post","status-publish","format-standard","has-post-thumbnail","hentry","category-gerais","category-saude-2","tag-cataguases","tag-destaque","tag-fernando-pimentel","tag-governador-de-minas-gerais","tag-governo-autoriza-instalacao-de-523-academias-ao-ar-livre-em-330-cidades-mineiras","tag-implantacao-de-523-academias-ao-ar-livre-em-330-municipios-de-minas-gerais","tag-implantacao-de-523-academias-ao-ar-livre-em-330-municipios-mineiros","tag-implantacao-de-523-academias-ao-ar-livre-em-minas-gerais","tag-instalacao-das-academias-ao-ar-livre","tag-instalacao-das-academias-ao-ar-livre-em-minas-gerais","tag-instalacao-de-academias-ao-ar-livre-em-minas-gerais","tag-jose-cesar-samor","tag-prefeito-de-cataguases"],"_links":{"self":[{"href":"https:\/\/aconteceunovale.com.br\/portal\/index.php?rest_route=\/wp\/v2\/posts\/84302","targetHints":{"allow":["GET"]}}],"collection":[{"href":"https:\/\/aconteceunovale.com.br\/portal\/index.php?rest_route=\/wp\/v2\/posts"}],"about":[{"href":"https:\/\/aconteceunovale.com.br\/portal\/index.php?rest_route=\/wp\/v2\/types\/post"}],"author":[{"embeddable":true,"href":"https:\/\/aconteceunovale.com.br\/portal\/index.php?rest_route=\/wp\/v2\/users\/1"}],"replies":[{"embeddable":true,"href":"https:\/\/aconteceunovale.com.br\/portal\/index.php?rest_route=%2Fwp%2Fv2%2Fcomments&post=84302"}],"version-history":[{"count":0,"href":"https:\/\/aconteceunovale.com.br\/portal\/index.php?rest_route=\/wp\/v2\/posts\/84302\/revisions"}],"wp:featuredmedia":[{"embeddable":true,"href":"https:\/\/aconteceunovale.com.br\/portal\/index.php?rest_route=\/wp\/v2\/media\/84303"}],"wp:attachment":[{"href":"https:\/\/aconteceunovale.com.br\/portal\/index.php?rest_route=%2Fwp%2Fv2%2Fmedia&parent=84302"}],"wp:term":[{"taxonomy":"category","embeddable":true,"href":"https:\/\/aconteceunovale.com.br\/portal\/index.php?rest_route=%2Fwp%2Fv2%2Fcategories&post=84302"},{"taxonomy":"post_tag","embeddable":true,"href":"https:\/\/aconteceunovale.com.br\/portal\/index.php?rest_route=%2Fwp%2Fv2%2Ftags&post=84302"}],"curies":[{"name":"wp","href":"https:\/\/api.w.org\/{rel}","templated":true}]}}