{"id":84276,"date":"2016-04-12T19:47:38","date_gmt":"2016-04-12T22:47:38","guid":{"rendered":"http:\/\/aconteceunovale.com.br\/portal\/?p=84276"},"modified":"2016-04-13T16:27:07","modified_gmt":"2016-04-13T19:27:07","slug":"manifestantes-bloqueiam-ferrovia-em-aimores-no-vale-do-rio-doce","status":"publish","type":"post","link":"https:\/\/aconteceunovale.com.br\/portal\/?p=84276","title":{"rendered":"Manifestantes bloqueiam ferrovia em Aimor\u00e9s, no Vale do Rio Doce"},"content":{"rendered":"<p>Um grupo de aproximadamente 50 pessoas ocupou trecho da Estrada de Ferro Vit\u00f3ria a Minas (EFVM), no munic\u00edpio de Aimor\u00e9s, na tarde desta ter\u00e7a-feira (12\/4). Os manifestantes s\u00e3o integrantes do Movimento de Atingidos por Barragens (MAB) e reivindicam solu\u00e7\u00f5es para os problemas que estariam afetando os produtores da regi\u00e3o.<\/p>\n<p>A agricultora Elaine Souza Ahnert afirma que o grupo \u00e9 composto por pessoas de Aimor\u00e9s, Resplendor e Itueta. Ela diz que a produ\u00e7\u00e3o de hortali\u00e7as e a cria\u00e7\u00e3o de gado foram afetadas ap\u00f3s a contamina\u00e7\u00e3o do Rio Doce pelos rejeitos de min\u00e9rio liberados no rompimento da barragem de Fund\u00e3o, em Mariana. Segundo ela, as cria\u00e7\u00f5es dos produtores est\u00e3o morrendo de sede e n\u00e3o h\u00e1 \u00e1gua para a agricultura.<\/p>\n<p>Al\u00e9m disso, Elaine tamb\u00e9m destaca que a constru\u00e7\u00e3o da Barragem de Aimor\u00e9s deixou muitas fam\u00edlias sem trabalho. Para construir a barragem, terras foram desapropriadas e os donos delas indenizados, mas os trabalhadores que eram empregados nessas fazendas n\u00e3o receberam nada, al\u00e9m de terem perdido seus empregos. Agora, o grupo aguarda uma indeniza\u00e7\u00e3o.<\/p>\n<p><img decoding=\"async\" src=\"http:\/\/aconteceunovale.com.br\/portal\/wp-content\/uploads\/2016\/04\/bloqueio_aimores.jpg\" alt=\"\" \/><em>Grupo bloqueia linha f\u00e9rrea em Aimor\u00e9s (Foto: Jackson Ver\u00edssimo \/ Arquivo Pessoal)<\/em><br \/>\n<\/br><\/p>\n<p><strong>Ferrovia liberada<\/strong><\/p>\n<p>Os manifestantes liberaram o trecho da estrada de ferro Vit\u00f3ria a Minas no in\u00edcio da noite dessa ter\u00e7a-feira. De acordo com a Pol\u00edcia Militar, a desocupa\u00e7\u00e3o ocorreu de forma pac\u00edfica por volta das 20h, ap\u00f3s determina\u00e7\u00e3o do juiz Braulino Correa da Rocha Neto.<\/p>\n<p><em>(Fonte: G1 dos Vales)<\/em><\/p>\n","protected":false},"excerpt":{"rendered":"<p>Um grupo de aproximadamente 50 pessoas ocupou trecho da Estrada de Ferro Vit\u00f3ria a Minas (EFVM), no munic\u00edpio de Aimor\u00e9s, na tarde desta ter\u00e7a-feira (12\/4). Os manifestantes s\u00e3o integrantes do Movimento de Atingidos por Barragens (MAB) e reivindicam solu\u00e7\u00f5es para os problemas que estariam afetando os produtores da regi\u00e3o. A agricultora Elaine Souza Ahnert afirma [&hellip;]<\/p>\n","protected":false},"author":1,"featured_media":84277,"comment_status":"open","ping_status":"closed","sticky":false,"template":"","format":"standard","meta":{"amp_status":"","footnotes":""},"categories":[121],"tags":[273,66374,88386,88384,88385,298,88387,88382,88381,88380,88383,309],"class_list":["post-84276","post","type-post","status-publish","format-standard","has-post-thumbnail","hentry","category-leste","tag-aimores","tag-bloqueio-da-efvm","tag-bloqueio-da-efvm-em-aimores","tag-bloqueio-de-ferrovia-da-vale","tag-bloqueio-de-ferrovia-em-aimores","tag-itueta","tag-manifestantes-bloqueiam-a-efvm","tag-manifestantes-bloqueiam-ferrovia-da-vale","tag-manifestantes-bloqueiam-ferrovia-da-vale-em-aimores","tag-manifestantes-bloqueiam-ferrovia-em-aimores","tag-manifestantes-bloqueiam-ferrovia-no-vale-do-rio-doce","tag-resplendor"],"_links":{"self":[{"href":"https:\/\/aconteceunovale.com.br\/portal\/index.php?rest_route=\/wp\/v2\/posts\/84276","targetHints":{"allow":["GET"]}}],"collection":[{"href":"https:\/\/aconteceunovale.com.br\/portal\/index.php?rest_route=\/wp\/v2\/posts"}],"about":[{"href":"https:\/\/aconteceunovale.com.br\/portal\/index.php?rest_route=\/wp\/v2\/types\/post"}],"author":[{"embeddable":true,"href":"https:\/\/aconteceunovale.com.br\/portal\/index.php?rest_route=\/wp\/v2\/users\/1"}],"replies":[{"embeddable":true,"href":"https:\/\/aconteceunovale.com.br\/portal\/index.php?rest_route=%2Fwp%2Fv2%2Fcomments&post=84276"}],"version-history":[{"count":0,"href":"https:\/\/aconteceunovale.com.br\/portal\/index.php?rest_route=\/wp\/v2\/posts\/84276\/revisions"}],"wp:featuredmedia":[{"embeddable":true,"href":"https:\/\/aconteceunovale.com.br\/portal\/index.php?rest_route=\/wp\/v2\/media\/84277"}],"wp:attachment":[{"href":"https:\/\/aconteceunovale.com.br\/portal\/index.php?rest_route=%2Fwp%2Fv2%2Fmedia&parent=84276"}],"wp:term":[{"taxonomy":"category","embeddable":true,"href":"https:\/\/aconteceunovale.com.br\/portal\/index.php?rest_route=%2Fwp%2Fv2%2Fcategories&post=84276"},{"taxonomy":"post_tag","embeddable":true,"href":"https:\/\/aconteceunovale.com.br\/portal\/index.php?rest_route=%2Fwp%2Fv2%2Ftags&post=84276"}],"curies":[{"name":"wp","href":"https:\/\/api.w.org\/{rel}","templated":true}]}}