{"id":84210,"date":"2016-04-11T22:34:17","date_gmt":"2016-04-12T01:34:17","guid":{"rendered":"http:\/\/aconteceunovale.com.br\/portal\/?p=84210"},"modified":"2016-04-12T17:19:08","modified_gmt":"2016-04-12T20:19:08","slug":"governador-de-minas-gerais-e-indiciado-pela-policia-federal","status":"publish","type":"post","link":"https:\/\/aconteceunovale.com.br\/portal\/?p=84210","title":{"rendered":"Governador de Minas Gerais \u00e9 indiciado pela Pol\u00edcia Federal"},"content":{"rendered":"<p>O governador de Minas Gerais, Fernando Pimentel, foi indiciado pela Pol\u00edcia Federal por corrup\u00e7\u00e3o passiva, organiza\u00e7\u00e3o criminosa, lavagem de dinheiro e tr\u00e1fico de influ\u00eancia. As acusa\u00e7\u00f5es constam na conclus\u00e3o de dois inqu\u00e9ritos da Opera\u00e7\u00e3o Acr\u00f4nimo, instaurada para investigar vantagens concedidas a empresas na elabora\u00e7\u00e3o de pol\u00edticas p\u00fablicas.<\/p>\n<p>Caber\u00e1 agora \u00e0 Procuradoria-Geral da Rep\u00fablica decidir se concorda com o indiciamento e se leva a den\u00fancia \u00e0 Justi\u00e7a. Na condi\u00e7\u00e3o de governador, Pimentel tem foro garantido no Superior Tribunal de Justi\u00e7a (STJ).<\/p>\n<p>Em um dos inqu\u00e9ritos, a Pol\u00edcia Federal considera haver ind\u00edcios de que o governador, quando foi ministro do Desenvolvimento, Ind\u00fastria e Com\u00e9rcio Exterior entre 2011 e 2014, intercedeu para favorecer a montadora Caoa. Em 2012, foi lan\u00e7ado pelo minist\u00e9rio o Programa Inovar Auto, que concedia incentivos fiscais a ind\u00fastrias do setor automotivo.<\/p>\n<p>Para garantir sua manuten\u00e7\u00e3o no programa, a Caoa teria pago R$ 2,1 milh\u00f5es. Segundo a Pol\u00edcia Federal, o valor foi repassado a duas empresas de Benedito Oliveira Neto &#8211; conhecido como Ben\u00e9 e dono da Gr\u00e1fica Brasil &#8211; que n\u00e3o prestaram servi\u00e7os \u00e0 montadora e foram usadas apenas para emitir notas fiscais frias e receber as verbas. Ben\u00e9 atuou na campanha de Pimentel ao governo de Minas.<\/p>\n<p><strong>Depoimento<\/strong><\/p>\n<p>Como Fernando Pimentel tem foro privilegiado no STJ, o indiciamento dependia de autoriza\u00e7\u00e3o pr\u00e9via, o que foi concedida pelo ministro Herman Benjamin em fevereiro. Em seu despacho, ele reiterou a import\u00e2ncia de que todas as etapas da investiga\u00e7\u00e3o fossem cumpridas. O governador foi intimado para depor na sexta-feira (8), mas n\u00e3o compareceu. Seria a \u00faltima etapa da investiga\u00e7\u00e3o.<\/p>\n<p>Em nota, o advogado de Fernando Pimentel, Eug\u00eanio Pacelli, informou que \u201cele tem todo o interesse em depor, mas nos limites da lei e com obedi\u00eancia \u00e0 jurisprud\u00eancia do Supremo Tribunal Federal (STF)\u201d. Pacelli defendeu que \u00e9 direito do investigado ter acesso a todas as informa\u00e7\u00f5es antes de prestar depoimento.<\/p>\n<p>O advogado disse ainda esperar que a posi\u00e7\u00e3o do Minist\u00e9rio P\u00fablico Federal (MPF) seja a de garantir ao governador o direito de ser ouvido no \u00e2mbito adequado. No in\u00edcio do ano, o MPF discordou da Pol\u00edcia Federal. A vice-procuradora-geral da Rep\u00fablica, Ela Wiecko, deu parecer contr\u00e1rio ao pedido para indiciar o governador. Segundo ela, n\u00e3o caberia \u00e0 Pol\u00edcia Federal indiciar \u201cautoridades com prerrogativa de fun\u00e7\u00e3o\u201d no STJ.<\/p>\n<p><img decoding=\"async\" src=\"http:\/\/aconteceunovale.com.br\/portal\/wp-content\/uploads\/2016\/02\/pimentel_pm.jpg\" alt=\"\" \/><em>Governador de Minas Gerais \u00e9 indiciado pela PF (Foto: Divulga\u00e7\u00e3o)<\/em><br \/>\n<\/br><\/p>\n<p><em>(Fonte: Ag\u00eancia Minas)<\/em><\/p>\n","protected":false},"excerpt":{"rendered":"<p>O governador de Minas Gerais, Fernando Pimentel, foi indiciado pela Pol\u00edcia Federal por corrup\u00e7\u00e3o passiva, organiza\u00e7\u00e3o criminosa, lavagem de dinheiro e tr\u00e1fico de influ\u00eancia. As acusa\u00e7\u00f5es constam na conclus\u00e3o de dois inqu\u00e9ritos da Opera\u00e7\u00e3o Acr\u00f4nimo, instaurada para investigar vantagens concedidas a empresas na elabora\u00e7\u00e3o de pol\u00edticas p\u00fablicas. Caber\u00e1 agora \u00e0 Procuradoria-Geral da Rep\u00fablica decidir se [&hellip;]<\/p>\n","protected":false},"author":1,"featured_media":79916,"comment_status":"open","ping_status":"closed","sticky":false,"template":"","format":"standard","meta":{"amp_status":"","footnotes":""},"categories":[6,123,40240],"tags":[12826,20507,17334,88251,4610,73614,81865,81864,131,46843,20966,772,80281,758,88250,28510],"class_list":["post-84210","post","type-post","status-publish","format-standard","has-post-thumbnail","hentry","category-br","category-gerais","category-politica-2","tag-fernando-pimentel","tag-governador","tag-governador-de-minas-gerais","tag-governador-de-minas-gerais-e-indiciado-pela-policia-federal","tag-governo-federal","tag-indiciamento","tag-indiciamento-fernando-pimentel","tag-investigacao-fernando-pimentel","tag-minas-gerais","tag-operacao-acronimo","tag-pf","tag-policia-federal","tag-processo-fernando-pimentel","tag-pt","tag-superior-tribunal-de-justica","tag-supremo-tribunal-federal"],"_links":{"self":[{"href":"https:\/\/aconteceunovale.com.br\/portal\/index.php?rest_route=\/wp\/v2\/posts\/84210","targetHints":{"allow":["GET"]}}],"collection":[{"href":"https:\/\/aconteceunovale.com.br\/portal\/index.php?rest_route=\/wp\/v2\/posts"}],"about":[{"href":"https:\/\/aconteceunovale.com.br\/portal\/index.php?rest_route=\/wp\/v2\/types\/post"}],"author":[{"embeddable":true,"href":"https:\/\/aconteceunovale.com.br\/portal\/index.php?rest_route=\/wp\/v2\/users\/1"}],"replies":[{"embeddable":true,"href":"https:\/\/aconteceunovale.com.br\/portal\/index.php?rest_route=%2Fwp%2Fv2%2Fcomments&post=84210"}],"version-history":[{"count":0,"href":"https:\/\/aconteceunovale.com.br\/portal\/index.php?rest_route=\/wp\/v2\/posts\/84210\/revisions"}],"wp:featuredmedia":[{"embeddable":true,"href":"https:\/\/aconteceunovale.com.br\/portal\/index.php?rest_route=\/wp\/v2\/media\/79916"}],"wp:attachment":[{"href":"https:\/\/aconteceunovale.com.br\/portal\/index.php?rest_route=%2Fwp%2Fv2%2Fmedia&parent=84210"}],"wp:term":[{"taxonomy":"category","embeddable":true,"href":"https:\/\/aconteceunovale.com.br\/portal\/index.php?rest_route=%2Fwp%2Fv2%2Fcategories&post=84210"},{"taxonomy":"post_tag","embeddable":true,"href":"https:\/\/aconteceunovale.com.br\/portal\/index.php?rest_route=%2Fwp%2Fv2%2Ftags&post=84210"}],"curies":[{"name":"wp","href":"https:\/\/api.w.org\/{rel}","templated":true}]}}