{"id":84207,"date":"2016-04-11T22:25:02","date_gmt":"2016-04-12T01:25:02","guid":{"rendered":"http:\/\/aconteceunovale.com.br\/portal\/?p=84207"},"modified":"2016-04-11T22:25:02","modified_gmt":"2016-04-12T01:25:02","slug":"assista-a-integra-da-coletiva-sobre-a-operacao-mar-de-lama-em-governador-valadares","status":"publish","type":"post","link":"https:\/\/aconteceunovale.com.br\/portal\/?p=84207","title":{"rendered":"Assista \u00e0 \u00edntegra da coletiva sobre a Opera\u00e7\u00e3o Mar de Lama em Governador Valadares"},"content":{"rendered":"<p>A Pol\u00edcia Federal deflagrou na manh\u00e3 desta segunda-feira, 11 de abril, a Opera\u00e7\u00e3o Mar de Lama, com o objetivo de desarticular uma organiza\u00e7\u00e3o criminosa instalada na Prefeitura Municipal de Governador Valadares e no Servi\u00e7o Aut\u00f4nomo de \u00c1gua e Esgoto (SAAE) do munic\u00edpio.<\/p>\n<p>O grupo criminoso, respons\u00e1vel por fraudes de R$ 1,5 bilh\u00f5es, era composto por agentes p\u00fablicos do alto escal\u00e3o da administra\u00e7\u00e3o p\u00fablica municipal e financiado por empres\u00e1rios contratantes com o servi\u00e7o p\u00fablico. A Opera\u00e7\u00e3o conta com o apoio do Minist\u00e9rio P\u00fablico Federal (MPF) e da Controladoria-Geral da Uni\u00e3o (CGU).<\/p>\n<p>Confira todas as informa\u00e7\u00f5es no v\u00eddeo abaixo:<\/p>\n<p><iframe loading=\"lazy\" width=\"640\" height=\"360\" src=\"https:\/\/www.youtube.com\/embed\/hZNL56vp8tY\" frameborder=\"0\" allowfullscreen><\/iframe><\/p>\n","protected":false},"excerpt":{"rendered":"<p>A Pol\u00edcia Federal deflagrou na manh\u00e3 desta segunda-feira, 11 de abril, a Opera\u00e7\u00e3o Mar de Lama, com o objetivo de desarticular uma organiza\u00e7\u00e3o criminosa instalada na Prefeitura Municipal de Governador Valadares e no Servi\u00e7o Aut\u00f4nomo de \u00c1gua e Esgoto (SAAE) do munic\u00edpio. O grupo criminoso, respons\u00e1vel por fraudes de R$ 1,5 bilh\u00f5es, era composto por [&hellip;]<\/p>\n","protected":false},"author":1,"featured_media":84208,"comment_status":"open","ping_status":"closed","sticky":false,"template":"","format":"standard","meta":{"amp_status":"","footnotes":""},"categories":[121],"tags":[88052,27930,27927,88047,88077,1018,88078,88076,88072,88053,88057,27921,247,88071,74250,74249,88062,27928,88066,88070,88046,88045,88074,88079,88075,88050,88051,88065,88054,88055,88056,88059,88058,88060,88068,88067,88042,88064,88043,88061,49318,88073,88063,88044,88040,27929],"class_list":["post-84207","post","type-post","status-publish","format-standard","has-post-thumbnail","hentry","category-leste","tag-anania-paula-da-silva","tag-ananias-camelo","tag-cezinha-alvarenga","tag-corrupcao-governador-valadares","tag-corrupcao-saae-de-governador-valadares","tag-destaque","tag-desvio-de-dinheiro-governador-valadares","tag-desvio-de-dinheiro-saae-de-governador-valadares","tag-emilio-frois","tag-geovanne-honorio-da-silva","tag-gledston-gomes-de-araujo","tag-gledston-guetao","tag-governador-valadares","tag-juninho-tabajara","tag-levi-presidente","tag-levi-vieira-da-silva","tag-marinaldo-carlos-de-amorim","tag-milvinho","tag-milvio-jose-da-silva","tag-omir-do-saae","tag-operacao-da-pf-governador-valadares","tag-operacao-da-policia-federal-governador-valadares","tag-operacao-saae-de-governador-valadares","tag-pf-deflagra-operacao-contra-fraudes-em-contratos-em-prefeitura-de-governador-valadares","tag-presos-saae-de-governador-valadares","tag-prisao-de-anania-paula-da-silva","tag-prisao-de-ananias-camelo","tag-prisao-de-cezinha-alvarenga","tag-prisao-de-geovanne-honorio-da-silva","tag-prisao-de-gledston-gomes-de-araujo","tag-prisao-de-gledston-guetao","tag-prisao-de-levi-presidente","tag-prisao-de-levi-vieira-da-silva","tag-prisao-de-marinaldo-carlos-de-amorim","tag-prisao-de-milvinho","tag-prisao-de-milvio-jose-da-silva","tag-prisao-de-politicos-governador-valadares","tag-prisao-de-sezary-de-oliveira-alvarenga","tag-prisao-de-vereadores-governador-valadares","tag-prisao-de-zangado","tag-saae-de-governador-valadares","tag-seleme-hilel","tag-sezary-de-oliveira-alvarenga","tag-vereadores-alvos-de-operacao-em-governador-valadares","tag-vereadores-presos-em-governador-valadares","tag-zangado"],"_links":{"self":[{"href":"https:\/\/aconteceunovale.com.br\/portal\/index.php?rest_route=\/wp\/v2\/posts\/84207","targetHints":{"allow":["GET"]}}],"collection":[{"href":"https:\/\/aconteceunovale.com.br\/portal\/index.php?rest_route=\/wp\/v2\/posts"}],"about":[{"href":"https:\/\/aconteceunovale.com.br\/portal\/index.php?rest_route=\/wp\/v2\/types\/post"}],"author":[{"embeddable":true,"href":"https:\/\/aconteceunovale.com.br\/portal\/index.php?rest_route=\/wp\/v2\/users\/1"}],"replies":[{"embeddable":true,"href":"https:\/\/aconteceunovale.com.br\/portal\/index.php?rest_route=%2Fwp%2Fv2%2Fcomments&post=84207"}],"version-history":[{"count":0,"href":"https:\/\/aconteceunovale.com.br\/portal\/index.php?rest_route=\/wp\/v2\/posts\/84207\/revisions"}],"wp:featuredmedia":[{"embeddable":true,"href":"https:\/\/aconteceunovale.com.br\/portal\/index.php?rest_route=\/wp\/v2\/media\/84208"}],"wp:attachment":[{"href":"https:\/\/aconteceunovale.com.br\/portal\/index.php?rest_route=%2Fwp%2Fv2%2Fmedia&parent=84207"}],"wp:term":[{"taxonomy":"category","embeddable":true,"href":"https:\/\/aconteceunovale.com.br\/portal\/index.php?rest_route=%2Fwp%2Fv2%2Fcategories&post=84207"},{"taxonomy":"post_tag","embeddable":true,"href":"https:\/\/aconteceunovale.com.br\/portal\/index.php?rest_route=%2Fwp%2Fv2%2Ftags&post=84207"}],"curies":[{"name":"wp","href":"https:\/\/api.w.org\/{rel}","templated":true}]}}