{"id":84202,"date":"2016-04-11T22:06:20","date_gmt":"2016-04-12T01:06:20","guid":{"rendered":"http:\/\/aconteceunovale.com.br\/portal\/?p=84202"},"modified":"2016-04-11T22:06:20","modified_gmt":"2016-04-12T01:06:20","slug":"ciclista-morre-apos-ser-atropelado-por-caminhao-em-montes-claros","status":"publish","type":"post","link":"https:\/\/aconteceunovale.com.br\/portal\/?p=84202","title":{"rendered":"Ciclista morre ap\u00f3s ser atropelado por caminh\u00e3o em Montes Claros"},"content":{"rendered":"<p>Um homem de 62 anos morreu ap\u00f3s ser atropelado por um caminh\u00e3o no fim da tarde desta segunda-feira, 11 de abril, no Bairro Vila Tup\u00e3, em Montes Claros (MG). Segundo testemunhas e familiares que compareceram ao local, o homem estava de bicicleta e voltava do trabalho, seguindo para o Bairro Esplanada, onde morava. O caminh\u00e3o estava carregada com cimento e passou por cima do ciclista.<\/p>\n<p>Segundo testemunhas no local, o senhor de 62 anos teria perdido o controle da bicicleta e ca\u00eddo na via, no momento em que o caminh\u00e3o passava. O motorista do ve\u00edculo informou que tinha acabado de carregar o caminh\u00e3o e seguiria para o estado da Bahia.<\/p>\n<p>O condutor estava assustado e foi conduzido \u00e0 delegacia para prestar esclarecimentos. Durante a ocorr\u00eancia, moradores da regi\u00e3o reclamaram do fluxo constante de ve\u00edculos pesados pelo bairro. Segundo eles, acidentes s\u00e3o frequentes na regi\u00e3o.<\/p>\n<p><img decoding=\"async\" src=\"http:\/\/aconteceunovale.com.br\/portal\/wp-content\/uploads\/2016\/04\/acidente_moc.jpg\" alt=\"\" \/><em>Ciclista morreu ap\u00f3s ser atropelado por caminh\u00e3o (Foto: Nat\u00e1lia Jael \/ Arquivo pessoal)<\/em><br \/>\n<\/br><\/p>\n<p><em>(Fonte: G1 Grande Minas)<\/em><\/p>\n","protected":false},"excerpt":{"rendered":"<p>Um homem de 62 anos morreu ap\u00f3s ser atropelado por um caminh\u00e3o no fim da tarde desta segunda-feira, 11 de abril, no Bairro Vila Tup\u00e3, em Montes Claros (MG). Segundo testemunhas e familiares que compareceram ao local, o homem estava de bicicleta e voltava do trabalho, seguindo para o Bairro Esplanada, onde morava. O caminh\u00e3o [&hellip;]<\/p>\n","protected":false},"author":1,"featured_media":84203,"comment_status":"open","ping_status":"closed","sticky":false,"template":"","format":"standard","meta":{"amp_status":"","footnotes":""},"categories":[1236],"tags":[61656,73469,88247,88246,210,88248],"class_list":["post-84202","post","type-post","status-publish","format-standard","has-post-thumbnail","hentry","category-norte_de_minas","tag-acidente-montes-claros","tag-atropelamento-montes-claros","tag-ciclista-atropelado-montes-claros","tag-ciclista-morre-apos-ser-atropelado-por-caminhao-em-montes-claros","tag-montes-claros","tag-morte-por-atropelamento-em-montes-claros"],"_links":{"self":[{"href":"https:\/\/aconteceunovale.com.br\/portal\/index.php?rest_route=\/wp\/v2\/posts\/84202","targetHints":{"allow":["GET"]}}],"collection":[{"href":"https:\/\/aconteceunovale.com.br\/portal\/index.php?rest_route=\/wp\/v2\/posts"}],"about":[{"href":"https:\/\/aconteceunovale.com.br\/portal\/index.php?rest_route=\/wp\/v2\/types\/post"}],"author":[{"embeddable":true,"href":"https:\/\/aconteceunovale.com.br\/portal\/index.php?rest_route=\/wp\/v2\/users\/1"}],"replies":[{"embeddable":true,"href":"https:\/\/aconteceunovale.com.br\/portal\/index.php?rest_route=%2Fwp%2Fv2%2Fcomments&post=84202"}],"version-history":[{"count":0,"href":"https:\/\/aconteceunovale.com.br\/portal\/index.php?rest_route=\/wp\/v2\/posts\/84202\/revisions"}],"wp:featuredmedia":[{"embeddable":true,"href":"https:\/\/aconteceunovale.com.br\/portal\/index.php?rest_route=\/wp\/v2\/media\/84203"}],"wp:attachment":[{"href":"https:\/\/aconteceunovale.com.br\/portal\/index.php?rest_route=%2Fwp%2Fv2%2Fmedia&parent=84202"}],"wp:term":[{"taxonomy":"category","embeddable":true,"href":"https:\/\/aconteceunovale.com.br\/portal\/index.php?rest_route=%2Fwp%2Fv2%2Fcategories&post=84202"},{"taxonomy":"post_tag","embeddable":true,"href":"https:\/\/aconteceunovale.com.br\/portal\/index.php?rest_route=%2Fwp%2Fv2%2Ftags&post=84202"}],"curies":[{"name":"wp","href":"https:\/\/api.w.org\/{rel}","templated":true}]}}