{"id":84137,"date":"2016-04-11T16:21:20","date_gmt":"2016-04-11T19:21:20","guid":{"rendered":"http:\/\/aconteceunovale.com.br\/portal\/?p=84137"},"modified":"2016-04-11T16:21:20","modified_gmt":"2016-04-11T19:21:20","slug":"colisao-frontal-entre-caminhao-e-carro-mata-motorista-na-br-251-no-norte-de-minas","status":"publish","type":"post","link":"https:\/\/aconteceunovale.com.br\/portal\/?p=84137","title":{"rendered":"Colis\u00e3o frontal entre caminh\u00e3o e carro mata motorista na BR-251, no Norte de Minas"},"content":{"rendered":"<p>Uma colis\u00e3o frontal entre um caminh\u00e3o ba\u00fa carregado de carv\u00e3o, com placa de Tremedal (BA), e um Fiat Idea, placa EKK-6675, de S\u00e3o Paulo (SP), registrada na noite desse domingo, 10 de abril, no quil\u00f4metro 483 da BR-251, pr\u00f3ximo a Francisco S\u00e1, na regi\u00e3o Norte de Minas, provocou a morte de uma pessoa e deixou outra ferida. Outros dois ve\u00edculos foram atingidos no acidente, mas os ocupantes n\u00e3o ficaram feridos. <\/p>\n<p>M\u00e1rcio Luiz de Lima, de 37 anos, que conduzia o Fiat Idea, n\u00e3o resistiu aos graves ferimentos e veio a \u00f3bito no local. O passageiro, identificado como Manoel Leite da Silva, de 52 anos, ficou ferido. As duas v\u00edtimas ficaram presas \u00e0s ferragens e foram socorridas por militares do Corpo de Bombeiros de Montes Claros. <\/p>\n<p><img decoding=\"async\" src=\"http:\/\/aconteceunovale.com.br\/portal\/wp-content\/uploads\/2016\/04\/acidente_carvao_251_1.jpg\" alt=\"\" \/><em>Acidente aconteceu no km 483 da BR-251 (Foto: Divulga\u00e7\u00e3o \/ Corpo de Bombeiros)<\/em><br \/>\n<\/br><\/p>\n<p>Os bombeiros trabalharam no local por aproximadamente duas horas e precisaram utilizar um aparelho desencarcerador e t\u00e9cnicas de salvamento terrestre para resgatarem o passageiro e o corpo do motorista. <\/p>\n<p>O Carro ficou bastante destru\u00eddo. O passageiro recebeu atendimento no local e foi conduzido pelo Servi\u00e7o de Atendimento M\u00f3vel de Urg\u00eancia (SAMU) para um hospital em Montes Claros. <\/p>\n<p>O motorista do caminh\u00e3o de carv\u00e3o evadiu do local sem ser identificado. As causas do acidente dever\u00e3o ser apontadas pela Per\u00edcia T\u00e9cnica da Pol\u00edcia Civil. As informa\u00e7\u00f5es iniciais d\u00e3o conta de que o caminhoneiro provocou o acidente ao desviar de buracos na rodovia.<\/p>\n<p>A Pol\u00edcia Rodovi\u00e1ria Federal (PRF) esteve presente para controlar o tr\u00e2nsito, que precisou ser parcialmente interditado no momento do resgate.<\/p>\n<p><img decoding=\"async\" src=\"http:\/\/aconteceunovale.com.br\/portal\/wp-content\/uploads\/2016\/04\/acidente_carvao_251_2.jpg\" alt=\"\" \/><em>Acidente aconteceu no km 483 da BR-251 (Foto: Divulga\u00e7\u00e3o \/ Corpo de Bombeiros)<\/em><br \/>\n<\/br><\/p>\n<p><img decoding=\"async\" src=\"http:\/\/aconteceunovale.com.br\/portal\/wp-content\/uploads\/2016\/04\/acidente_carvao_251_3.jpg\" alt=\"\" \/><em>Acidente aconteceu no km 483 da BR-251 (Foto: Divulga\u00e7\u00e3o \/ Corpo de Bombeiros)<\/em><\/p>\n","protected":false},"excerpt":{"rendered":"<p>Uma colis\u00e3o frontal entre um caminh\u00e3o ba\u00fa carregado de carv\u00e3o, com placa de Tremedal (BA), e um Fiat Idea, placa EKK-6675, de S\u00e3o Paulo (SP), registrada na noite desse domingo, 10 de abril, no quil\u00f4metro 483 da BR-251, pr\u00f3ximo a Francisco S\u00e1, na regi\u00e3o Norte de Minas, provocou a morte de uma pessoa e deixou [&hellip;]<\/p>\n","protected":false},"author":1,"featured_media":84138,"comment_status":"open","ping_status":"closed","sticky":false,"template":"","format":"standard","meta":{"amp_status":"","footnotes":""},"categories":[1236],"tags":[88112,88113,88114,2034,88121,88120,88119,88118,88117,1395,88116,88115,210,2382,88111],"class_list":["post-84137","post","type-post","status-publish","format-standard","has-post-thumbnail","hentry","category-norte_de_minas","tag-acidente-com-caminhao-de-carvao-de-tremedal","tag-acidente-com-caminhao-de-tremedal","tag-acidente-com-fiat-idea-de-sao-paulo","tag-acidente-em-francisco-sa","tag-acidente-na-br-251-francisco-sa","tag-acidente-perto-de-francisco-sa","tag-colisao-frontal-entre-caminhao-e-carro-mata-motorista-na-br-251","tag-colisao-frontal-entre-caminhao-e-carro-mata-motorista-na-br-251-em-francisco-sa","tag-colisao-frontal-entre-caminhao-e-carro-mata-motorista-na-br-251-no-norte-de-minas","tag-francisco-sa","tag-manoel-leite-da-silva","tag-marcio-luiz-de-lima","tag-montes-claros","tag-sao-paulo","tag-tremedal"],"_links":{"self":[{"href":"https:\/\/aconteceunovale.com.br\/portal\/index.php?rest_route=\/wp\/v2\/posts\/84137","targetHints":{"allow":["GET"]}}],"collection":[{"href":"https:\/\/aconteceunovale.com.br\/portal\/index.php?rest_route=\/wp\/v2\/posts"}],"about":[{"href":"https:\/\/aconteceunovale.com.br\/portal\/index.php?rest_route=\/wp\/v2\/types\/post"}],"author":[{"embeddable":true,"href":"https:\/\/aconteceunovale.com.br\/portal\/index.php?rest_route=\/wp\/v2\/users\/1"}],"replies":[{"embeddable":true,"href":"https:\/\/aconteceunovale.com.br\/portal\/index.php?rest_route=%2Fwp%2Fv2%2Fcomments&post=84137"}],"version-history":[{"count":0,"href":"https:\/\/aconteceunovale.com.br\/portal\/index.php?rest_route=\/wp\/v2\/posts\/84137\/revisions"}],"wp:featuredmedia":[{"embeddable":true,"href":"https:\/\/aconteceunovale.com.br\/portal\/index.php?rest_route=\/wp\/v2\/media\/84138"}],"wp:attachment":[{"href":"https:\/\/aconteceunovale.com.br\/portal\/index.php?rest_route=%2Fwp%2Fv2%2Fmedia&parent=84137"}],"wp:term":[{"taxonomy":"category","embeddable":true,"href":"https:\/\/aconteceunovale.com.br\/portal\/index.php?rest_route=%2Fwp%2Fv2%2Fcategories&post=84137"},{"taxonomy":"post_tag","embeddable":true,"href":"https:\/\/aconteceunovale.com.br\/portal\/index.php?rest_route=%2Fwp%2Fv2%2Ftags&post=84137"}],"curies":[{"name":"wp","href":"https:\/\/api.w.org\/{rel}","templated":true}]}}