{"id":84029,"date":"2016-04-09T19:25:03","date_gmt":"2016-04-09T22:25:03","guid":{"rendered":"http:\/\/aconteceunovale.com.br\/portal\/?p=84029"},"modified":"2016-04-10T20:30:22","modified_gmt":"2016-04-10T23:30:22","slug":"processo-seletivo-para-o-samu-do-vale-do-aco-e-microrregiao-de-caratinga-vai-ofertar-194-vagas","status":"publish","type":"post","link":"https:\/\/aconteceunovale.com.br\/portal\/?p=84029","title":{"rendered":"Processo seletivo para o Samu do Vale do A\u00e7o e Microrregi\u00e3o de Caratinga vai ofertar 194 vagas"},"content":{"rendered":"<p>O Cons\u00f3rcio Intermunicipal de Sa\u00fade dos Vales (Cisvales) publicou o edital do processo seletivo para efetivar a implanta\u00e7\u00e3o do Servi\u00e7o de Atendimento M\u00f3vel de Urg\u00eancia (Samu) no Vale do A\u00e7o e Microrregi\u00e3o de Caratinga. S\u00e3o oferecidas 194 vagas para cargos de n\u00edvel fundamental, t\u00e9cnico e superior. Os sal\u00e1rios variam de R$ 1,3 mil a R$ 7,8 mil mais benef\u00edcios para carga hor\u00e1ria de at\u00e9 40 horas semanais, conforme o cargo preterido.<\/p>\n<p>O edital Cisvales 01\/2016 est\u00e1 dispon\u00edvel no site do Instituto Iniciativa Global, empresa contratada para realizar o processo de sele\u00e7\u00e3o de profissionais para o Samu Regional. As inscri\u00e7\u00f5es come\u00e7am no dia 11 de abril e encerram em 2 de maio e ser\u00e3o feitas exclusivamente no site da Iniciativa Global (<a href=\"http:\/\/www.iniciativaglobal.org.br\/site\/processo_seletivo.aspx\" target=\"_blank\">clique aqui e selecione o item Cisvales 01\/2016<\/a>). As provas ser\u00e3o realizadas no dia 15 de maio, simultaneamente, nas cidades de Ipatinga, Coronel Fabriciano e Caratinga. As taxas variam de R$ 50 a R$ 160, dependo do grau de escolaridade exigido para o cargo.<\/p>\n<p>S\u00e3o ofertadas vagas para m\u00e9dicos (35), enfermeiros (18), t\u00e9cnicos em enfermagem (60), condutores socorrista (75), assistentes administrativos (5) e t\u00e9cnico em contabilidade (1). H\u00e1 vagas reservadas para pessoas com defici\u00eancia, conforme determina a Legisla\u00e7\u00e3o Federal. Os cargos ser\u00e3o preenchidos nos munic\u00edpios que v\u00e3o abrigar as bases do servi\u00e7o regional previstas inicialmente (veja ao final do texto). O processo seletivo tem validade de um ano, prorrog\u00e1vel por igual per\u00edodo. A convoca\u00e7\u00e3o ser\u00e1 imediata.<\/p>\n<p>\u201cO concurso p\u00fablico \u00e9 um passo fundamental para a concretiza\u00e7\u00e3o do Samu Regional. Estamos acelerando o processo de estrutura\u00e7\u00e3o, para que esse benef\u00edcio seja estendido para as demais cidades da regi\u00e3o, como j\u00e1 acontece em Ipatinga. \u00c9 uma medida para preservar a vida, garantindo melhor assist\u00eancia aos mun\u00edcipes\u201d, observa a prefeita de Ipatinga e presidente do Cisvales, Cec\u00edlia Ferramenta.<\/p>\n<p><img decoding=\"async\" alt=\"\" src=\"http:\/\/aconteceunovale.com.br\/portal\/wp-content\/uploads\/2016\/04\/samu_cisvales.jpg\" \/><em>A Central de Regula\u00e7\u00e3o funcionar\u00e1 em Ipatinga (Foto: Divulga\u00e7\u00e3o)<\/em><br \/>\n<\/br><\/p>\n<p><strong>Funcionamento<\/strong><\/p>\n<p>A secret\u00e1ria executiva do Cisvales, Charlene Costa explica que o processo seletivo \u00e9 uma das \u00faltimas etapas para colocar o Samu Regional em opera\u00e7\u00e3o. \u201cOs aprovados ser\u00e3o capacitados na sequ\u00eancia, para que todas as unidades estejam em funcionamento com previs\u00e3o at\u00e9 meados deste ano\u201d, antecipa. Um treinamento complementar ser\u00e1 oferecido para os munic\u00edpios que integram o cons\u00f3rcio de forma a garantir a excel\u00eancia do Samu Regional. O cons\u00f3rcio tamb\u00e9m j\u00e1 assegurou junto ao governo do Estado as ambul\u00e2ncias para prestar o socorro para a popula\u00e7\u00e3o e recursos para aquisi\u00e7\u00e3o de equipamentos, mobili\u00e1rios e insumos necess\u00e1rios para implanta\u00e7\u00e3o do servi\u00e7o.<\/p>\n<p>Os profissionais concursados do Samu de Ipatinga ser\u00e3o incorporados \u00e0 rede municipal de Sa\u00fade. A frota, bem como a atual estrutura do servi\u00e7o, tamb\u00e9m passar\u00e1 a integrar o Samu Regional. As quatro bases atuais na cidade ser\u00e3o mantidas.<\/p>\n<p><strong>Gest\u00e3o compartilhada <\/strong><\/p>\n<p>O Samu Regional ser\u00e1 gerido pelo Cons\u00f3rcio Intermunicipal de Sa\u00fade dos Vales (Cisvales), com custeio rateado entre Uni\u00e3o, Estado e munic\u00edpios. Inicialmente, 20 munic\u00edpios est\u00e3o pactuados para receber o servi\u00e7o, com possibilidade de estender para 35 cidades, beneficiando cerca de 800 mil pessoas da Regi\u00e3o Metropolitana do Vale do A\u00e7o e Microrregi\u00e3o de Caratinga.<\/p>\n<p>O projeto prev\u00ea a instala\u00e7\u00e3o de 15 bases descentralizadas e distribu\u00eddas estrategicamente entre os munic\u00edpios que integram o cons\u00f3rcio. Tr\u00eas delas ser\u00e3o equipadas com Unidade de Suporte Avan\u00e7ado (USA), tamb\u00e9m conhecida com UTI M\u00f3vel, e outros 12 com Unidades Suporte B\u00e1sico (USB). A Central de Regula\u00e7\u00e3o, para onde ser\u00e3o direcionados todas as chamadas do 192 funcionar\u00e1 tamb\u00e9m no munic\u00edpio, que j\u00e1 conta com o servi\u00e7o h\u00e1 13 anos.<\/p>\n<p>Quadro de vagas por cidades (bases do Samu regional):<\/p>\n<table width=\"102%\" border=\"0\" cellspacing=\"0\" cellpadding=\"0\">\n<tbody>\n<tr>\n<td>\n<p align=\"center\"><strong>CARGO<\/strong><\/p>\n<\/td>\n<td>\n<p align=\"center\"><strong>CIDADE<\/strong><\/p>\n<\/td>\n<td>\n<p align=\"center\"><strong>TOTAL DE VAGAS<\/strong><\/p>\n<\/td>\n<td>\n<p align=\"center\"><strong>AMPLA CONCORR\u00caNCIA<\/strong><\/p>\n<\/td>\n<td>\n<p align=\"center\"><strong>DEFICIENTES<\/strong><\/p>\n<\/td>\n<\/tr>\n<tr>\n<td nowrap=\"nowrap\">Assistente Administrativo<\/td>\n<td nowrap=\"nowrap\">Ipatinga<\/td>\n<td nowrap=\"nowrap\">\n<p align=\"center\">5<\/p>\n<\/td>\n<td nowrap=\"nowrap\">\n<p align=\"center\">4<\/p>\n<\/td>\n<td nowrap=\"nowrap\">\n<p align=\"center\">1<\/p>\n<\/td>\n<\/tr>\n<tr>\n<td nowrap=\"nowrap\">Condutor Socorrista<\/td>\n<td nowrap=\"nowrap\">A\u00e7ucena<\/td>\n<td nowrap=\"nowrap\">\n<p align=\"center\">5<\/p>\n<\/td>\n<td nowrap=\"nowrap\">\n<p align=\"center\">4<\/p>\n<\/td>\n<td nowrap=\"nowrap\">\n<p align=\"center\">1<\/p>\n<\/td>\n<\/tr>\n<tr>\n<td nowrap=\"nowrap\">Condutor Socorrista<\/td>\n<td nowrap=\"nowrap\">Ant\u00f4nio Dias<\/td>\n<td nowrap=\"nowrap\">\n<p align=\"center\">5<\/p>\n<\/td>\n<td nowrap=\"nowrap\">\n<p align=\"center\">4<\/p>\n<\/td>\n<td nowrap=\"nowrap\">\n<p align=\"center\">1<\/p>\n<\/td>\n<\/tr>\n<tr>\n<td nowrap=\"nowrap\">Condutor Socorrista<\/td>\n<td nowrap=\"nowrap\">Belo Oriente<\/td>\n<td nowrap=\"nowrap\">\n<p align=\"center\">5<\/p>\n<\/td>\n<td nowrap=\"nowrap\">\n<p align=\"center\">4<\/p>\n<\/td>\n<td nowrap=\"nowrap\">\n<p align=\"center\">1<\/p>\n<\/td>\n<\/tr>\n<tr>\n<td nowrap=\"nowrap\">Condutor Socorrista<\/td>\n<td nowrap=\"nowrap\">Caratinga<\/td>\n<td nowrap=\"nowrap\">\n<p align=\"center\">10<\/p>\n<\/td>\n<td nowrap=\"nowrap\">\n<p align=\"center\">9<\/p>\n<\/td>\n<td nowrap=\"nowrap\">\n<p align=\"center\">1<\/p>\n<\/td>\n<\/tr>\n<tr>\n<td nowrap=\"nowrap\">Condutor Socorrista<\/td>\n<td nowrap=\"nowrap\">Coronel Fabriciano<\/td>\n<td nowrap=\"nowrap\">\n<p align=\"center\">10<\/p>\n<\/td>\n<td nowrap=\"nowrap\">\n<p align=\"center\">9<\/p>\n<\/td>\n<td nowrap=\"nowrap\">\n<p align=\"center\">1<\/p>\n<\/td>\n<\/tr>\n<tr>\n<td nowrap=\"nowrap\">Condutor Socorrista<\/td>\n<td nowrap=\"nowrap\">Inhapim<\/td>\n<td nowrap=\"nowrap\">\n<p align=\"center\">5<\/p>\n<\/td>\n<td nowrap=\"nowrap\">\n<p align=\"center\">4<\/p>\n<\/td>\n<td nowrap=\"nowrap\">\n<p align=\"center\">1<\/p>\n<\/td>\n<\/tr>\n<tr>\n<td nowrap=\"nowrap\">Condutor Socorrista<\/td>\n<td nowrap=\"nowrap\">Ipatinga<\/td>\n<td nowrap=\"nowrap\">\n<p align=\"center\">20<\/p>\n<\/td>\n<td nowrap=\"nowrap\">\n<p align=\"center\">18<\/p>\n<\/td>\n<td nowrap=\"nowrap\">\n<p align=\"center\">2<\/p>\n<\/td>\n<\/tr>\n<tr>\n<td nowrap=\"nowrap\">Condutor Socorrista<\/td>\n<td nowrap=\"nowrap\">Periquito<\/td>\n<td nowrap=\"nowrap\">\n<p align=\"center\">5<\/p>\n<\/td>\n<td nowrap=\"nowrap\">\n<p align=\"center\">4<\/p>\n<\/td>\n<td nowrap=\"nowrap\">\n<p align=\"center\">1<\/p>\n<\/td>\n<\/tr>\n<tr>\n<td nowrap=\"nowrap\">Condutor Socorrista<\/td>\n<td nowrap=\"nowrap\">Santana do Para\u00edso<\/td>\n<td nowrap=\"nowrap\">\n<p align=\"center\">5<\/p>\n<\/td>\n<td nowrap=\"nowrap\">\n<p align=\"center\">4<\/p>\n<\/td>\n<td nowrap=\"nowrap\">\n<p align=\"center\">1<\/p>\n<\/td>\n<\/tr>\n<tr>\n<td nowrap=\"nowrap\">Condutor Socorrista<\/td>\n<td nowrap=\"nowrap\">Tim\u00f3teo<\/td>\n<td nowrap=\"nowrap\">\n<p align=\"center\">5<\/p>\n<\/td>\n<td nowrap=\"nowrap\">\n<p align=\"center\">4<\/p>\n<\/td>\n<td nowrap=\"nowrap\">\n<p align=\"center\">1<\/p>\n<\/td>\n<\/tr>\n<tr>\n<td nowrap=\"nowrap\">Enfermeiro<\/td>\n<td nowrap=\"nowrap\">Caratinga<\/td>\n<td nowrap=\"nowrap\">\n<p align=\"center\">6<\/p>\n<\/td>\n<td nowrap=\"nowrap\">\n<p align=\"center\">5<\/p>\n<\/td>\n<td nowrap=\"nowrap\">\n<p align=\"center\">1<\/p>\n<\/td>\n<\/tr>\n<tr>\n<td nowrap=\"nowrap\">Enfermeiro<\/td>\n<td nowrap=\"nowrap\">Coronel Fabriciano<\/td>\n<td nowrap=\"nowrap\">\n<p align=\"center\">6<\/p>\n<\/td>\n<td nowrap=\"nowrap\">\n<p align=\"center\">5<\/p>\n<\/td>\n<td nowrap=\"nowrap\">\n<p align=\"center\">1<\/p>\n<\/td>\n<\/tr>\n<tr>\n<td nowrap=\"nowrap\">Enfermeiro<\/td>\n<td nowrap=\"nowrap\">Ipatinga<\/td>\n<td nowrap=\"nowrap\">\n<p align=\"center\">6<\/p>\n<\/td>\n<td nowrap=\"nowrap\">\n<p align=\"center\">5<\/p>\n<\/td>\n<td nowrap=\"nowrap\">\n<p align=\"center\">1<\/p>\n<\/td>\n<\/tr>\n<tr>\n<td nowrap=\"nowrap\">M\u00e9dico Intervencionista\/Regulador<\/td>\n<td nowrap=\"nowrap\">Caratinga<\/td>\n<td nowrap=\"nowrap\">\n<p align=\"center\">7<\/p>\n<\/td>\n<td nowrap=\"nowrap\">\n<p align=\"center\">6<\/p>\n<\/td>\n<td nowrap=\"nowrap\">\n<p align=\"center\">1<\/p>\n<\/td>\n<\/tr>\n<tr>\n<td nowrap=\"nowrap\">M\u00e9dico Intervencionista\/Regulador<\/td>\n<td nowrap=\"nowrap\">Coronel Fabriciano<\/td>\n<td nowrap=\"nowrap\">\n<p align=\"center\">7<\/p>\n<\/td>\n<td nowrap=\"nowrap\">\n<p align=\"center\">6<\/p>\n<\/td>\n<td nowrap=\"nowrap\">\n<p align=\"center\">1<\/p>\n<\/td>\n<\/tr>\n<tr>\n<td nowrap=\"nowrap\">M\u00e9dico Intervencionista\/Regulador<\/td>\n<td nowrap=\"nowrap\">Ipatinga<\/td>\n<td nowrap=\"nowrap\">\n<p align=\"center\">21<\/p>\n<\/td>\n<td nowrap=\"nowrap\">\n<p align=\"center\">19<\/p>\n<\/td>\n<td nowrap=\"nowrap\">\n<p align=\"center\">2<\/p>\n<\/td>\n<\/tr>\n<tr>\n<td nowrap=\"nowrap\">T\u00e9cnico de Enfermagem<\/td>\n<td nowrap=\"nowrap\">A\u00e7ucena<\/td>\n<td nowrap=\"nowrap\">\n<p align=\"center\">5<\/p>\n<\/td>\n<td nowrap=\"nowrap\">\n<p align=\"center\">4<\/p>\n<\/td>\n<td nowrap=\"nowrap\">\n<p align=\"center\">1<\/p>\n<\/td>\n<\/tr>\n<tr>\n<td nowrap=\"nowrap\">T\u00e9cnico de Enfermagem<\/td>\n<td nowrap=\"nowrap\">Ant\u00f4nio Dias<\/td>\n<td nowrap=\"nowrap\">\n<p align=\"center\">5<\/p>\n<\/td>\n<td nowrap=\"nowrap\">\n<p align=\"center\">4<\/p>\n<\/td>\n<td nowrap=\"nowrap\">\n<p align=\"center\">1<\/p>\n<\/td>\n<\/tr>\n<tr>\n<td nowrap=\"nowrap\">T\u00e9cnico de Enfermagem<\/td>\n<td nowrap=\"nowrap\">Belo Oriente<\/td>\n<td nowrap=\"nowrap\">\n<p align=\"center\">5<\/p>\n<\/td>\n<td nowrap=\"nowrap\">\n<p align=\"center\">4<\/p>\n<\/td>\n<td nowrap=\"nowrap\">\n<p align=\"center\">1<\/p>\n<\/td>\n<\/tr>\n<tr>\n<td nowrap=\"nowrap\">T\u00e9cnico de Enfermagem<\/td>\n<td nowrap=\"nowrap\">Caratinga<\/td>\n<td nowrap=\"nowrap\">\n<p align=\"center\">5<\/p>\n<\/td>\n<td nowrap=\"nowrap\">\n<p align=\"center\">4<\/p>\n<\/td>\n<td nowrap=\"nowrap\">\n<p align=\"center\">1<\/p>\n<\/td>\n<\/tr>\n<tr>\n<td nowrap=\"nowrap\">T\u00e9cnico de Enfermagem<\/td>\n<td nowrap=\"nowrap\">Coronel Fabriciano<\/td>\n<td nowrap=\"nowrap\">\n<p align=\"center\">5<\/p>\n<\/td>\n<td nowrap=\"nowrap\">\n<p align=\"center\">4<\/p>\n<\/td>\n<td nowrap=\"nowrap\">\n<p align=\"center\">1<\/p>\n<\/td>\n<\/tr>\n<tr>\n<td nowrap=\"nowrap\">T\u00e9cnico de Enfermagem<\/td>\n<td nowrap=\"nowrap\">Inhapim<\/td>\n<td nowrap=\"nowrap\">\n<p align=\"center\">5<\/p>\n<\/td>\n<td nowrap=\"nowrap\">\n<p align=\"center\">4<\/p>\n<\/td>\n<td nowrap=\"nowrap\">\n<p align=\"center\">1<\/p>\n<\/td>\n<\/tr>\n<tr>\n<td nowrap=\"nowrap\">T\u00e9cnico de Enfermagem<\/td>\n<td nowrap=\"nowrap\">Ipatinga<\/td>\n<td nowrap=\"nowrap\">\n<p align=\"center\">15<\/p>\n<\/td>\n<td nowrap=\"nowrap\">\n<p align=\"center\">13<\/p>\n<\/td>\n<td nowrap=\"nowrap\">\n<p align=\"center\">2<\/p>\n<\/td>\n<\/tr>\n<tr>\n<td nowrap=\"nowrap\">T\u00e9cnico de Enfermagem<\/td>\n<td nowrap=\"nowrap\">Periquito<\/td>\n<td nowrap=\"nowrap\">\n<p align=\"center\">5<\/p>\n<\/td>\n<td nowrap=\"nowrap\">\n<p align=\"center\">4<\/p>\n<\/td>\n<td nowrap=\"nowrap\">\n<p align=\"center\">1<\/p>\n<\/td>\n<\/tr>\n<tr>\n<td nowrap=\"nowrap\">T\u00e9cnico de Enfermagem<\/td>\n<td nowrap=\"nowrap\">Santana do Para\u00edso<\/td>\n<td nowrap=\"nowrap\">\n<p align=\"center\">5<\/p>\n<\/td>\n<td nowrap=\"nowrap\">\n<p align=\"center\">4<\/p>\n<\/td>\n<td nowrap=\"nowrap\">\n<p align=\"center\">1<\/p>\n<\/td>\n<\/tr>\n<tr>\n<td nowrap=\"nowrap\">T\u00e9cnico de Enfermagem<\/td>\n<td nowrap=\"nowrap\">Tim\u00f3teo<\/td>\n<td nowrap=\"nowrap\">\n<p align=\"center\">5<\/p>\n<\/td>\n<td nowrap=\"nowrap\">\n<p align=\"center\">4<\/p>\n<\/td>\n<td nowrap=\"nowrap\">\n<p align=\"center\">1<\/p>\n<\/td>\n<\/tr>\n<tr>\n<td nowrap=\"nowrap\">T\u00e9cnico em Contabilidade<\/td>\n<td nowrap=\"nowrap\">Ipatinga<\/td>\n<td nowrap=\"nowrap\">\n<p align=\"center\">1<\/p>\n<\/td>\n<td nowrap=\"nowrap\">\n<p align=\"center\">1<\/p>\n<\/td>\n<td nowrap=\"nowrap\">\n<p align=\"center\">0<\/p>\n<\/td>\n<\/tr>\n<\/tbody>\n<\/table>\n<p><em>(Fonte: Prefeitura de Ipatinga)<\/em><\/p>\n","protected":false},"excerpt":{"rendered":"<p>O Cons\u00f3rcio Intermunicipal de Sa\u00fade dos Vales (Cisvales) publicou o edital do processo seletivo para efetivar a implanta\u00e7\u00e3o do Servi\u00e7o de Atendimento M\u00f3vel de Urg\u00eancia (Samu) no Vale do A\u00e7o e Microrregi\u00e3o de Caratinga. S\u00e3o oferecidas 194 vagas para cargos de n\u00edvel fundamental, t\u00e9cnico e superior. Os sal\u00e1rios variam de R$ 1,3 mil a R$ [&hellip;]<\/p>\n","protected":false},"author":1,"featured_media":84030,"comment_status":"open","ping_status":"closed","sticky":false,"template":"","format":"standard","meta":{"amp_status":"","footnotes":""},"categories":[40237,40236,121],"tags":[237,78525,87864,72757,72756,1524,1018,201,87862,87861,87859,87856,87858,87855,87865,87860,87857,87863],"class_list":["post-84029","post","type-post","status-publish","format-standard","has-post-thumbnail","hentry","category-concursos","category-empregos-2","category-leste","tag-caratinga","tag-cecilia-ferramenta","tag-charlene-costa","tag-cisvales","tag-consorcio-intermunicipal-de-saude-dos-vales","tag-coronel-fabriciano","tag-destaque","tag-ipatinga","tag-presidente-do-cisvales","tag-processo-seletivo-cisvales","tag-processo-seletivo-para-o-samu-da-microrregiao-de-caratinga","tag-processo-seletivo-para-o-samu-do-vale-do-aco","tag-processo-seletivo-para-o-samu-do-vale-do-aco-e-microrregiao-de-caratinga","tag-processo-seletivo-para-o-samu-do-vale-do-aco-e-microrregiao-de-caratinga-tem-quase-200-vagas","tag-processo-seletivo-para-o-samu-do-vale-do-aco-e-microrregiao-de-caratinga-vai-ofertar-194-vagas","tag-samu-da-microrregiao-de-caratinga","tag-samu-do-vale-do-aco","tag-secretaria-executiva-do-cisvales"],"_links":{"self":[{"href":"https:\/\/aconteceunovale.com.br\/portal\/index.php?rest_route=\/wp\/v2\/posts\/84029","targetHints":{"allow":["GET"]}}],"collection":[{"href":"https:\/\/aconteceunovale.com.br\/portal\/index.php?rest_route=\/wp\/v2\/posts"}],"about":[{"href":"https:\/\/aconteceunovale.com.br\/portal\/index.php?rest_route=\/wp\/v2\/types\/post"}],"author":[{"embeddable":true,"href":"https:\/\/aconteceunovale.com.br\/portal\/index.php?rest_route=\/wp\/v2\/users\/1"}],"replies":[{"embeddable":true,"href":"https:\/\/aconteceunovale.com.br\/portal\/index.php?rest_route=%2Fwp%2Fv2%2Fcomments&post=84029"}],"version-history":[{"count":0,"href":"https:\/\/aconteceunovale.com.br\/portal\/index.php?rest_route=\/wp\/v2\/posts\/84029\/revisions"}],"wp:featuredmedia":[{"embeddable":true,"href":"https:\/\/aconteceunovale.com.br\/portal\/index.php?rest_route=\/wp\/v2\/media\/84030"}],"wp:attachment":[{"href":"https:\/\/aconteceunovale.com.br\/portal\/index.php?rest_route=%2Fwp%2Fv2%2Fmedia&parent=84029"}],"wp:term":[{"taxonomy":"category","embeddable":true,"href":"https:\/\/aconteceunovale.com.br\/portal\/index.php?rest_route=%2Fwp%2Fv2%2Fcategories&post=84029"},{"taxonomy":"post_tag","embeddable":true,"href":"https:\/\/aconteceunovale.com.br\/portal\/index.php?rest_route=%2Fwp%2Fv2%2Ftags&post=84029"}],"curies":[{"name":"wp","href":"https:\/\/api.w.org\/{rel}","templated":true}]}}