{"id":84025,"date":"2016-04-09T19:01:29","date_gmt":"2016-04-09T22:01:29","guid":{"rendered":"http:\/\/aconteceunovale.com.br\/portal\/?p=84025"},"modified":"2016-04-09T19:01:29","modified_gmt":"2016-04-09T22:01:29","slug":"crianca-de-cinco-anos-e-baleada-na-cabeca-no-municipio-de-periquito","status":"publish","type":"post","link":"https:\/\/aconteceunovale.com.br\/portal\/?p=84025","title":{"rendered":"Crian\u00e7a de cinco anos \u00e9 baleada na cabe\u00e7a no munic\u00edpio de Periquito"},"content":{"rendered":"<p>Uma brincadeira inocente entre primos teve um fim tr\u00e1gico na tarde dessa sexta-feira (9\/4), na Rua Acesita, em Pedra Corrida, distrito de Periquito, no Vale do Rio Doce. Uma crian\u00e7a de cinco anos foi encaminhada em estado grave para o Hospital Municipal ap\u00f3s ser baleada na cabe\u00e7a. Segundo informa\u00e7\u00f5es da Pol\u00edcia Militar (PM), a arma ainda n\u00e3o foi encontrada e o respons\u00e1vel por ela n\u00e3o foi localizado. <\/p>\n<p>De acordo com a m\u00e3e da v\u00edtima, Marilaine Alves, o fato aconteceu por volta das 14h30, quando ela estava na porta da casa de sua prima conversando com seus parentes e seu filho no interior da casa, brincando com o primo, quando ouviu o disparo. \u201cOs dois t\u00eam cinco anos e costumam brincar juntos. N\u00f3s ouvimos o disparo e entramos. Vi meu sobrinho correndo para fora, assustado, mas n\u00e3o vi meu filho atr\u00e1s dele. Entrei no quarto e vi meu filho totalmente ensanguentado devido ao tiro na cabe\u00e7a\u201d, ressaltou a m\u00e3e, enfatizando que seu filho tinha sido alvejado na cabe\u00e7a. <\/p>\n<p>\u201cPeguei meu filho e fui para o posto de sa\u00fade, mas como n\u00e3o tinha suporte para esse tipo de atendimento, encontramos um carro particular para trazer meu filho para o hospital, em Valadares. J\u00e1 na cidade, encontramos uma viatura policial, que nos deu apoio no sentido de transportar meu filho dentro da cidade para o hospital, e agora ele esta na sala de cirurgia\u201d, afirmou Marilaine, temendo pela vida do filho. \u201cEst\u00e1 nas m\u00e3os de Deus. Temo pela vida dele, mas sei que Deus vai aben\u00e7oar e ele vai se salvar\u201d, ressaltou. <\/p>\n<p><strong>Arma<\/strong><\/p>\n<p>Segundo informa\u00e7\u00f5es da pol\u00edcia, confirmadas pela m\u00e3e da v\u00edtima, a arma \u00e9 do esposo de sua prima. \u201cA meu ver, onde tem crian\u00e7a n\u00e3o deve ter arma, e se eu soubesse que a arma estava l\u00e1 ou at\u00e9 mesmo que ele tinha arma n\u00e3o o deixaria [o filho] entrar na casa\u201d, afirmou Marilaine. <\/p>\n<p>O sargento Alyrio Ferreira destacou que arma ainda n\u00e3o foi localizada. \u201cJ\u00e1 temos uma equipe de Periquito, pertencente ao 43\u00ba Batalh\u00e3o em Valadares, no local do fato tentando encontrar a arma utilizada acidentalmente pela crian\u00e7a, e ainda estamos \u00e0 procura do pai da crian\u00e7a que atirou\u201d, concluiu.<\/p>\n<p><img decoding=\"async\" src=\"http:\/\/aconteceunovale.com.br\/portal\/wp-content\/uploads\/2016\/04\/mae_crianca_baleada_periquito.jpg\" alt=\"\" \/><em>A m\u00e3e da crian\u00e7a, Marilaine Alves, disse que estava na porta da casa de sua prima quando ouviu o disparo &#8211; Foto: Ant\u00f4nio Cota \/ Di\u00e1rio do Rio Doce<\/em><br \/>\n<\/br><\/p>\n<p><em>(Fonte: Di\u00e1rio do Rio Doce)<\/em><\/p>\n","protected":false},"excerpt":{"rendered":"<p>Uma brincadeira inocente entre primos teve um fim tr\u00e1gico na tarde dessa sexta-feira (9\/4), na Rua Acesita, em Pedra Corrida, distrito de Periquito, no Vale do Rio Doce. Uma crian\u00e7a de cinco anos foi encaminhada em estado grave para o Hospital Municipal ap\u00f3s ser baleada na cabe\u00e7a. Segundo informa\u00e7\u00f5es da Pol\u00edcia Militar (PM), a arma [&hellip;]<\/p>\n","protected":false},"author":1,"featured_media":71442,"comment_status":"open","ping_status":"closed","sticky":false,"template":"","format":"standard","meta":{"amp_status":"","footnotes":""},"categories":[121],"tags":[87851,87848,87852,87849,87854,87853,87850,1670],"class_list":["post-84025","post","type-post","status-publish","format-standard","has-post-thumbnail","hentry","category-leste","tag-crianca-baleada-em-pedra-corrida","tag-crianca-baleada-em-periquito","tag-crianca-baleada-na-cabeca-em-pedra-corrida","tag-crianca-baleada-na-cabeca-em-periquito","tag-crianca-de-cinco-anos-e-baleada-na-cabeca-no-municipio-de-periquito","tag-marilaine-alves","tag-pedra-corrida","tag-periquito"],"_links":{"self":[{"href":"https:\/\/aconteceunovale.com.br\/portal\/index.php?rest_route=\/wp\/v2\/posts\/84025","targetHints":{"allow":["GET"]}}],"collection":[{"href":"https:\/\/aconteceunovale.com.br\/portal\/index.php?rest_route=\/wp\/v2\/posts"}],"about":[{"href":"https:\/\/aconteceunovale.com.br\/portal\/index.php?rest_route=\/wp\/v2\/types\/post"}],"author":[{"embeddable":true,"href":"https:\/\/aconteceunovale.com.br\/portal\/index.php?rest_route=\/wp\/v2\/users\/1"}],"replies":[{"embeddable":true,"href":"https:\/\/aconteceunovale.com.br\/portal\/index.php?rest_route=%2Fwp%2Fv2%2Fcomments&post=84025"}],"version-history":[{"count":0,"href":"https:\/\/aconteceunovale.com.br\/portal\/index.php?rest_route=\/wp\/v2\/posts\/84025\/revisions"}],"wp:featuredmedia":[{"embeddable":true,"href":"https:\/\/aconteceunovale.com.br\/portal\/index.php?rest_route=\/wp\/v2\/media\/71442"}],"wp:attachment":[{"href":"https:\/\/aconteceunovale.com.br\/portal\/index.php?rest_route=%2Fwp%2Fv2%2Fmedia&parent=84025"}],"wp:term":[{"taxonomy":"category","embeddable":true,"href":"https:\/\/aconteceunovale.com.br\/portal\/index.php?rest_route=%2Fwp%2Fv2%2Fcategories&post=84025"},{"taxonomy":"post_tag","embeddable":true,"href":"https:\/\/aconteceunovale.com.br\/portal\/index.php?rest_route=%2Fwp%2Fv2%2Ftags&post=84025"}],"curies":[{"name":"wp","href":"https:\/\/api.w.org\/{rel}","templated":true}]}}