{"id":83985,"date":"2016-04-09T12:48:49","date_gmt":"2016-04-09T15:48:49","guid":{"rendered":"http:\/\/aconteceunovale.com.br\/portal\/?p=83985"},"modified":"2016-04-09T12:48:49","modified_gmt":"2016-04-09T15:48:49","slug":"producao-de-hortalicas-e-opcao-de-renda-para-produtores-dos-vales-do-jequitinhonha-e-mucuri","status":"publish","type":"post","link":"https:\/\/aconteceunovale.com.br\/portal\/?p=83985","title":{"rendered":"Produ\u00e7\u00e3o de hortali\u00e7as \u00e9 op\u00e7\u00e3o de renda para produtores dos vales do Jequitinhonha e Mucuri"},"content":{"rendered":"<p>A produ\u00e7\u00e3o sustent\u00e1vel de hortali\u00e7as \u00e9 uma atividade que vem crescendo na regi\u00e3o da Universidade Federal dos Vales do Jequitinhonha e Mucuri (UFVJM), em Diamantina. Para contribuir com este trabalho, o N\u00facleo de Estudos de Agroecologia e Produ\u00e7\u00e3o Org\u00e2nica (NEAPO) da UFVJM, realizou uma capacita\u00e7\u00e3o para t\u00e9cnicos extensionistas da Empresa de Assist\u00eancia T\u00e9cnica e Extens\u00e3o Rural do Estado de Minas Gerais (Emater-MG).<\/p>\n<p>O treinamento aconteceu na UFVJM &#8211; Campus Diamantina, em 17 de mar\u00e7o, em parceria com a Empresa Brasileira de Pesquisa Agropecu\u00e1ria (Embrapa). A iniciativa integra a\u00e7\u00f5es do Plano Nacional de Agroecologia e Produ\u00e7\u00e3o Org\u00e2nica (Planapo), pol\u00edtica p\u00fablica do Governo Federal, para o desenvolvimento rural sustent\u00e1vel, que vem apoiando a\u00e7\u00f5es em Agroecologia e produ\u00e7\u00e3o org\u00e2nica.<\/p>\n<p>Um dos pontos importantes dessa pol\u00edtica est\u00e1 no interc\u00e2mbio de conhecimento entre os 138 n\u00facleos semelhantes por todo Brasil. A Embrapa Milho e Sorgo (Sete Lagoas-MG) conta com um n\u00facleo, coordenado pelo pesquisador Walter Jos\u00e9 Rodrigues Matrangolo. Este n\u00facleo, tamb\u00e9m financiado pelo Conselho Nacional de Desenvolvimento Cient\u00edfico e Tecnol\u00f3gico (CNPq), \u00e9 intitulado &#8220;Constitui\u00e7\u00e3o do N\u00facleo de Agroecologia na Embrapa Milho e Sorgo e fortalecimento da equipe multiinstitucional do CVT\/MG &#8211; Grupo Guayi&#8221;.<\/p>\n<p><img decoding=\"async\" src=\"http:\/\/aconteceunovale.com.br\/portal\/wp-content\/uploads\/2016\/04\/producao_hortalicas.jpg\" alt=\"\" \/><em>Produ\u00e7\u00e3o de hortali\u00e7as \u00e9 op\u00e7\u00e3o de renda para produtores &#8211; Foto: Aur\u00e9lio Favarin \/ Embrapa<\/em><br \/>\n<\/br><\/p>\n<p>Walter Matrangolo ressaltou que a capacita\u00e7\u00e3o visa dar contribui\u00e7\u00f5es t\u00e9cnicas para os extensionistas da Emater atuarem com a produ\u00e7\u00e3o sustent\u00e1vel de hortali\u00e7as. &#8220;A agricultura de base ecol\u00f3gica vem se apresentando como alternativa para gera\u00e7\u00e3o de emprego e renda na regi\u00e3o, devido \u00e0 diminui\u00e7\u00e3o das atividades de minera\u00e7\u00e3o&#8221;, conta.<\/p>\n<p>O projeto tem como objetivo implantar um N\u00facleo de Estudos em Agroecologia e Produ\u00e7\u00e3o Org\u00e2nica na UFVJM, o NEAPO-UFVJM. De acordo com o professor Valter Carvalho de Andrade Junior, da UFVJM &#8211; Diamantina, o objetivo espec\u00edfico \u00e9 implantar um projeto piloto de produ\u00e7\u00e3o agroecol\u00f3gica com a Associa\u00e7\u00e3o &#8220;A Grande Vit\u00f3ria&#8221;, em S\u00e3o Jo\u00e3o da Chapada, distrito de Diamantina. &#8220;A longo prazo, pretendemos implantar um centro de refer\u00eancia e de estudos em agroecologia e produ\u00e7\u00e3o org\u00e2nica na UFVJM, onde ser\u00e3o implementadas a\u00e7\u00f5es de ensino, pesquisa e extens\u00e3o na referida \u00e1rea&#8221;, informou o professor.<\/p>\n<p>Valter Carvalho destacou que a comunidade est\u00e1 sendo beneficiada com uma estrutura completa de casa de vegeta\u00e7\u00e3o para produ\u00e7\u00e3o de mudas, viveiro telado e sistema de irriga\u00e7\u00e3o por gotejamento, organizada em uma \u00e1rea de aproximadamente dois mil metros quadrados, onde est\u00e1 sendo montado o projeto piloto. A comunidade pode, tamb\u00e9m, participar de capacita\u00e7\u00e3o t\u00e9cnica, que vai desde o planejamento at\u00e9 a comercializa\u00e7\u00e3o dos produtos. &#8220;Tudo isso est\u00e1 sendo feito com a participa\u00e7\u00e3o de produtores da associa\u00e7\u00e3o. Eles s\u00e3o parceiros ativos e participam com opini\u00f5es, sugest\u00f5es e troca de experi\u00eancias&#8221;, disse Carvalho.<\/p>\n<p><strong>Produ\u00e7\u00e3o sustent\u00e1vel de hortali\u00e7as<\/strong><\/p>\n<p>O treinamento, ministrado por professores da UFVJM e pelo pesquisador da Embrapa, Walter Matrangolo, abordou quest\u00f5es t\u00e9cnicas e culturais, tais como: planejamento, defini\u00e7\u00f5es e conceitos de produ\u00e7\u00e3o sustent\u00e1vel; extens\u00e3o rural; produ\u00e7\u00e3o de mudas de hortali\u00e7as; manejo de irriga\u00e7\u00e3o; manejo do solo e aduba\u00e7\u00e3o; manejo de doen\u00e7as e de plantas daninhas; componentes de uma horta; a cultura de distanciamento da natureza da civiliza\u00e7\u00e3o contempor\u00e2nea; plantas espont\u00e2neas com potencial para favorecer a presen\u00e7a de agentes de controle biol\u00f3gico e sua rela\u00e7\u00e3o com seguran\u00e7a alimentar e nutricional e poss\u00edveis arranjos em sistemas produtivos biodiversos.<\/p>\n<p>Walter Matrangolo falou tamb\u00e9m das potencialidades de a planta leguminosa brasileira Cratylia argentea compor sistemas agrobiodiversos para a produ\u00e7\u00e3o de hortali\u00e7as; e sobre a metodologia de pesquisa em percep\u00e7\u00e3o ambiental conduzida junto \u00e0 extensionistas e agricultores. Esta metodologia busca estudar o grau de conhecimento dos usu\u00e1rios sobre os  insetos agentes de controle biol\u00f3gico, tendo como refer\u00eancia a publica\u00e7\u00e3o da Embrapa &#8220;Guia para o reconhecimento de inimigos naturais de pragas&#8221;, de autoria da pesquisadora Alessandra de Carvalho Silva (Embrapa Agrobiologia) e equipe.<\/p>\n<p>Os t\u00e9cnicos tiveram uma aula pr\u00e1tica em campo, na Unidade de Implanta\u00e7\u00e3o do Projeto Piloto do NEAPO, para coleta e identifica\u00e7\u00e3o de insetos agentes de controle biol\u00f3gico na horta da UFVJM. &#8220;Os alunos ficaram entusiasmados e se empenharam bastante em coletar e identificar os principais grupos de insetos agentes de controle biol\u00f3gico&#8221;, disse Walter Matrangolo. &#8220;Mesmo com um pequeno esfor\u00e7o e tempo de trabalho, foi coletada uma grande diversidade de organismos agentes de controle biol\u00f3gico, conhecidos popularmente como: joaninhas, fevereiro, mindinho, marimbondo, vespas, aranhas, Louva-Deus. Este fato indica que a \u00e1rea do entorno \u00e0 UFVJM, em Diamantina, apresenta boa qualidade ambiental, e, provavelmente, n\u00e3o recebe agrot\u00f3xicos&#8221;, explica Matrangolo.<\/p>\n<p>O grupo verificou que a presen\u00e7a de vegeta\u00e7\u00e3o nativa \u00e9 fundamental no fornecimento desse importante servi\u00e7o ambiental, que \u00e9 o controle biol\u00f3gico natural. &#8220;Por isso, \u00e9 poss\u00edvel inferir que a regi\u00e3o da Universidade apresenta bom potencial para a produ\u00e7\u00e3o de hortali\u00e7as em bases agroecol\u00f3gicas, pois conta com muitos organismos capazes de impor o controle biol\u00f3gico natural aos insetos fit\u00f3fagos&#8221;, afirmou o pesquisador da Embrapa.<\/p>\n<p><em>(Fonte: Embrapa)<\/em><\/p>\n","protected":false},"excerpt":{"rendered":"<p>A produ\u00e7\u00e3o sustent\u00e1vel de hortali\u00e7as \u00e9 uma atividade que vem crescendo na regi\u00e3o da Universidade Federal dos Vales do Jequitinhonha e Mucuri (UFVJM), em Diamantina. Para contribuir com este trabalho, o N\u00facleo de Estudos de Agroecologia e Produ\u00e7\u00e3o Org\u00e2nica (NEAPO) da UFVJM, realizou uma capacita\u00e7\u00e3o para t\u00e9cnicos extensionistas da Empresa de Assist\u00eancia T\u00e9cnica e Extens\u00e3o [&hellip;]<\/p>\n","protected":false},"author":1,"featured_media":83986,"comment_status":"open","ping_status":"closed","sticky":false,"template":"","format":"standard","meta":{"amp_status":"","footnotes":""},"categories":[120,122],"tags":[87767,198,46007,87766,87765,87759,87758,87768,87763,87756,87757,87764,250,7129,87762,87760,87761],"class_list":["post-83985","post","type-post","status-publish","format-standard","has-post-thumbnail","hentry","category-jequi","category-mucuri","tag-agroecologia","tag-diamantina","tag-embrapa-milho-e-sorgo","tag-hortalicas","tag-hortas","tag-planapo","tag-plano-nacional-de-agroecologia-e-producao-organica","tag-producao-de-hortalicas-e-opcao-de-renda-para-produtores-dos-vales-do-jequitinhonha-e-mucuri","tag-producao-sustentavel-de-hortalicas","tag-producao-sustentavel-de-hortalicas-no-vale-do-jequitinhonha","tag-producao-sustentavel-de-hortalicas-no-vale-do-mucuri","tag-sandra-brito","tag-ufvjm","tag-universidade-federal-dos-vales-do-jequitinhonha-e-mucuri","tag-valter-carvalho-de-andrade-junior","tag-walter-jose-rodrigues-matrangolo","tag-walter-matrangolo"],"_links":{"self":[{"href":"https:\/\/aconteceunovale.com.br\/portal\/index.php?rest_route=\/wp\/v2\/posts\/83985","targetHints":{"allow":["GET"]}}],"collection":[{"href":"https:\/\/aconteceunovale.com.br\/portal\/index.php?rest_route=\/wp\/v2\/posts"}],"about":[{"href":"https:\/\/aconteceunovale.com.br\/portal\/index.php?rest_route=\/wp\/v2\/types\/post"}],"author":[{"embeddable":true,"href":"https:\/\/aconteceunovale.com.br\/portal\/index.php?rest_route=\/wp\/v2\/users\/1"}],"replies":[{"embeddable":true,"href":"https:\/\/aconteceunovale.com.br\/portal\/index.php?rest_route=%2Fwp%2Fv2%2Fcomments&post=83985"}],"version-history":[{"count":0,"href":"https:\/\/aconteceunovale.com.br\/portal\/index.php?rest_route=\/wp\/v2\/posts\/83985\/revisions"}],"wp:featuredmedia":[{"embeddable":true,"href":"https:\/\/aconteceunovale.com.br\/portal\/index.php?rest_route=\/wp\/v2\/media\/83986"}],"wp:attachment":[{"href":"https:\/\/aconteceunovale.com.br\/portal\/index.php?rest_route=%2Fwp%2Fv2%2Fmedia&parent=83985"}],"wp:term":[{"taxonomy":"category","embeddable":true,"href":"https:\/\/aconteceunovale.com.br\/portal\/index.php?rest_route=%2Fwp%2Fv2%2Fcategories&post=83985"},{"taxonomy":"post_tag","embeddable":true,"href":"https:\/\/aconteceunovale.com.br\/portal\/index.php?rest_route=%2Fwp%2Fv2%2Ftags&post=83985"}],"curies":[{"name":"wp","href":"https:\/\/api.w.org\/{rel}","templated":true}]}}