{"id":83909,"date":"2016-04-07T21:36:47","date_gmt":"2016-04-08T00:36:47","guid":{"rendered":"http:\/\/aconteceunovale.com.br\/portal\/?p=83909"},"modified":"2016-04-07T21:36:47","modified_gmt":"2016-04-08T00:36:47","slug":"caminhao-tomba-no-vale-do-mucuri-e-parte-da-carga-de-galoes-de-agua-mineral-saqueada-2","status":"publish","type":"post","link":"https:\/\/aconteceunovale.com.br\/portal\/?p=83909","title":{"rendered":"Caminh\u00e3o tomba no Vale do Mucuri e parte da carga de gal\u00f5es de \u00e1gua mineral saqueada"},"content":{"rendered":"<p>Um acidente envolvendo um caminh\u00e3o que transportava gal\u00f5es de \u00e1gua mineral, na tarde desta quinta-feira (7\/4), na BR-116, munic\u00edpio de Catuji, deixou duas pessoas feridas. Segundo a Pol\u00edcia Rodovi\u00e1ria Federal (PRF), o caminh\u00e3o teria ca\u00eddo em uma canaleta, a beira da pista, e capotado.<\/p>\n<p>Ainda conforme informa\u00e7\u00f5es divulgadas pela PRF, o ve\u00edculo seguia para Vit\u00f3ria da Conquista e chegou a ficar com as rodas para cima. A carga ficou jogada ao redor do ve\u00edculo e v\u00e1rias pessoas, que passavam pelo local, aproveitaram para saquear os gal\u00f5es de \u00e1gua. O carona do caminh\u00e3o ficou preso \u00e0s ferragens, mas foi socorrido pelo Corpo de Bombeiros, que o levou com ferimentos leves para a Unidade de Pronto Atendimento de Te\u00f3filo Otoni.<\/p>\n<p>O tr\u00e2nsito n\u00e3o foi impedido no local e nenhuma pessoa chegou a ser presa por causa do furto de parte da carga. O motorista do ve\u00edculo n\u00e3o precisou ser levado ao hospital.<\/p>\n<p><img decoding=\"async\" src=\"http:\/\/aconteceunovale.com.br\/portal\/wp-content\/uploads\/2016\/04\/saque_agua_mineral_1.jpg\" alt=\"\" \/><\/p>\n<p><img decoding=\"async\" src=\"http:\/\/aconteceunovale.com.br\/portal\/wp-content\/uploads\/2016\/04\/saque_agua_mineral_2.jpg\" alt=\"\" \/><\/p>\n<p><img decoding=\"async\" src=\"http:\/\/aconteceunovale.com.br\/portal\/wp-content\/uploads\/2016\/04\/saque_agua_mineral_3.jpg\" alt=\"\" \/><\/p>\n<p><img decoding=\"async\" src=\"http:\/\/aconteceunovale.com.br\/portal\/wp-content\/uploads\/2016\/04\/saque_agua_mineral_4.jpg\" alt=\"\" \/><\/p>\n<p><img decoding=\"async\" src=\"http:\/\/aconteceunovale.com.br\/portal\/wp-content\/uploads\/2016\/04\/saque_agua_mineral_5.jpg\" alt=\"\" \/><\/p>\n<p><img decoding=\"async\" src=\"http:\/\/aconteceunovale.com.br\/portal\/wp-content\/uploads\/2016\/04\/saque_agua_mineral_6.jpg\" alt=\"\" \/><\/p>\n<p><img decoding=\"async\" src=\"http:\/\/aconteceunovale.com.br\/portal\/wp-content\/uploads\/2016\/04\/saque_agua_mineral_7.jpg\" alt=\"\" \/><\/p>\n<p><img decoding=\"async\" src=\"http:\/\/aconteceunovale.com.br\/portal\/wp-content\/uploads\/2016\/04\/saque_agua_mineral_8.jpg\" alt=\"\" \/><\/p>\n<p><img decoding=\"async\" src=\"http:\/\/aconteceunovale.com.br\/portal\/wp-content\/uploads\/2016\/04\/saque_agua_mineral_9.jpg\" alt=\"\" \/><\/p>\n<p><em>(Fotos cedidas por Micharles Auto Socorro Chapolim e Felipe Auto Socorro Padre Para\u00edso \/ Fonte: G1)<\/em><\/p>\n","protected":false},"excerpt":{"rendered":"<p>Um acidente envolvendo um caminh\u00e3o que transportava gal\u00f5es de \u00e1gua mineral, na tarde desta quinta-feira (7\/4), na BR-116, munic\u00edpio de Catuji, deixou duas pessoas feridas. Segundo a Pol\u00edcia Rodovi\u00e1ria Federal (PRF), o caminh\u00e3o teria ca\u00eddo em uma canaleta, a beira da pista, e capotado. Ainda conforme informa\u00e7\u00f5es divulgadas pela PRF, o ve\u00edculo seguia para Vit\u00f3ria [&hellip;]<\/p>\n","protected":false},"author":1,"featured_media":83905,"comment_status":"open","ping_status":"closed","sticky":false,"template":"","format":"standard","meta":{"amp_status":"","footnotes":""},"categories":[122],"tags":[87565,87566,87569,87568,87567,87562,87563,87564,87561,164,2842],"class_list":["post-83909","post","type-post","status-publish","format-standard","has-post-thumbnail","hentry","category-mucuri","tag-acidente-com-caminhao-de-agua-mineral-na-br-116","tag-acidente-com-carga-de-agua-mineral-que-seguia-para-vitoria-da-conquista","tag-caminhao-tomba-em-catuji-e-parte-da-carga-de-galoes-de-agua-mineral-saqueada","tag-caminhao-tomba-na-br-116-e-parte-da-carga-de-galoes-de-agua-mineral-saqueada","tag-caminhao-tomba-no-vale-do-mucuri-e-parte-da-carga-de-galoes-de-agua-mineral-saqueada","tag-carga-de-galoes-de-agua-mineral-e-saqueada-apos-acidente-na-br-116","tag-carga-de-galoes-de-agua-mineral-e-saqueada-apos-acidente-na-br-116-em-carai","tag-carga-de-galoes-de-agua-mineral-e-saqueada-apos-acidente-na-br-116-em-catuji","tag-carga-de-galoes-de-agua-mineral-e-saqueada-apos-acidente-na-br-116-no-vale-do-mucuri","tag-teofilo-otoni","tag-vitoria-da-conquista"],"_links":{"self":[{"href":"https:\/\/aconteceunovale.com.br\/portal\/index.php?rest_route=\/wp\/v2\/posts\/83909","targetHints":{"allow":["GET"]}}],"collection":[{"href":"https:\/\/aconteceunovale.com.br\/portal\/index.php?rest_route=\/wp\/v2\/posts"}],"about":[{"href":"https:\/\/aconteceunovale.com.br\/portal\/index.php?rest_route=\/wp\/v2\/types\/post"}],"author":[{"embeddable":true,"href":"https:\/\/aconteceunovale.com.br\/portal\/index.php?rest_route=\/wp\/v2\/users\/1"}],"replies":[{"embeddable":true,"href":"https:\/\/aconteceunovale.com.br\/portal\/index.php?rest_route=%2Fwp%2Fv2%2Fcomments&post=83909"}],"version-history":[{"count":0,"href":"https:\/\/aconteceunovale.com.br\/portal\/index.php?rest_route=\/wp\/v2\/posts\/83909\/revisions"}],"wp:featuredmedia":[{"embeddable":true,"href":"https:\/\/aconteceunovale.com.br\/portal\/index.php?rest_route=\/wp\/v2\/media\/83905"}],"wp:attachment":[{"href":"https:\/\/aconteceunovale.com.br\/portal\/index.php?rest_route=%2Fwp%2Fv2%2Fmedia&parent=83909"}],"wp:term":[{"taxonomy":"category","embeddable":true,"href":"https:\/\/aconteceunovale.com.br\/portal\/index.php?rest_route=%2Fwp%2Fv2%2Fcategories&post=83909"},{"taxonomy":"post_tag","embeddable":true,"href":"https:\/\/aconteceunovale.com.br\/portal\/index.php?rest_route=%2Fwp%2Fv2%2Ftags&post=83909"}],"curies":[{"name":"wp","href":"https:\/\/api.w.org\/{rel}","templated":true}]}}