{"id":83869,"date":"2016-04-07T19:10:55","date_gmt":"2016-04-07T22:10:55","guid":{"rendered":"http:\/\/aconteceunovale.com.br\/portal\/?p=83869"},"modified":"2016-04-07T22:12:22","modified_gmt":"2016-04-08T01:12:22","slug":"policia-procura-vitimas-de-medico-preso-por-estupro-em-montes-claros","status":"publish","type":"post","link":"https:\/\/aconteceunovale.com.br\/portal\/?p=83869","title":{"rendered":"Pol\u00edcia procura v\u00edtimas de m\u00e9dico preso por estupro em Montes Claros"},"content":{"rendered":"<p>A delegada Karine Costa Maia, da Delegacia da Mulher de Montes Claros, no Norte de Minas, informou nesta quinta-feira (7\/4) que prosseguem as investiga\u00e7\u00f5es para identificar e ouvir outras vitimas do m\u00e9dico dermatologista Linton Wallis Figueiredo Souza, de 48 anos, preso na tarde de ontem pela suspeita de dopar e estuprar pacientes. Duas estudantes universit\u00e1rias \u2013 uma de 21 e outra de 23 anos \u2013, disseram que foram abusadas sexualmente pelo m\u00e9dico depois de serem sedadas na clinica dele para um procedimento de tratamento a laser no rosto.<\/p>\n<p>O suspeito teve decretada a pris\u00e3o tempor\u00e1ria por 30 dias e est\u00e1 recolhido em cela especial do Pres\u00eddio Regional de Montes Claros. Em mais de tr\u00eas horas de depoimento na delegacia, ontem \u00e0 noite, o dermatologista negou a acusa\u00e7\u00e3o e alegou que a necessidade de \u201cexame completo\u201d nas pacientes, inclusive, em partes intimas, para verificar quest\u00e3o hormonal. \u201cMas ele entrou em contradi\u00e7\u00e3o mais de uma vez\u201d, disse a delegada Karine Maia.<\/p>\n<p>Ela  disse que uma outra vitima j\u00e1 procurou a delegacia e dever\u00e1 prestar depoimento na tarde desta quinta-feira. \u201cA nossa expectativa \u00e9 outras vitimas apare\u00e7am para prestarem depoimentos, a fim de que possamos dar um basta na situa\u00e7\u00e3o e fazer justi\u00e7a\u201d, afirmou a delegada.<\/p>\n<p>De acordo com boletim de ocorr\u00eancia da Pol\u00edcia Militar, a paciente M.A.L, de 21, alega que, em 17 de mar\u00e7o, por volta das 14h, foi \u00e0 cl\u00ednica dermatol\u00f3gica de Linton Wallis Figueiredo Souza para fazer um procedimento est\u00e9tico. Ela alegou que, logo ap\u00f3s chegar ao estabelecimento, no Centro de Montes Claros, o m\u00e9dico a colocou em cima de uma maca, numa sala. Na sequ\u00eancia, ele teria dado a ela um comprimido que, supostamente, seria usado no procedimento. A mulher disse que ap\u00f3s tomar o rem\u00e9dio adormeceu e permaneceu sedada por mais de tr\u00eas horas.<\/p>\n<p>A paciente alegou que permaneceu sonolenta at\u00e9 as 10 horas do dia seguinte e que, ao chegar em casa, sentiu um desconforto na regi\u00e3o genital. Orientada por uma tia, ela foi at\u00e9 a um m\u00e9dico ginecologista, que a examinou e recomendou que procurasse a Pol\u00edcia Civil para registrar o abuso sexual.<\/p>\n<p><img decoding=\"async\" src=\"http:\/\/aconteceunovale.com.br\/portal\/wp-content\/uploads\/2016\/04\/coletiva_moc.jpg\" alt=\"\" \/><em>&#8220;Ele entrou em contradi\u00e7\u00e3o mais de uma vez&#8221;, disse a delegada (Foto: Divulga\u00e7\u00e3o \/ PCMG)<\/em><br \/>\n<\/br><\/p>\n<p><img decoding=\"async\" src=\"http:\/\/aconteceunovale.com.br\/portal\/wp-content\/uploads\/2016\/04\/medico_preso_moc_1.jpg\" alt=\"\" \/><em>M\u00e9dico (camisa azul) foi preso em seu consult\u00f3rio (Foto: Mauro Miranda Ferreira \/ WebTerra)<\/em><br \/>\n<\/br><\/p>\n<p><strong>Entrevista com a delegada Karine Costa<\/strong><\/p>\n<p><iframe loading=\"lazy\" width=\"640\" height=\"360\" src=\"https:\/\/www.youtube.com\/embed\/ZYDJPN2YaKw\" frameborder=\"0\" allowfullscreen><\/iframe><br \/>\n<\/br><\/p>\n<p><strong>Imagens do momento da pris\u00e3o<\/strong><\/p>\n<p><iframe loading=\"lazy\" width=\"640\" height=\"360\" src=\"https:\/\/www.youtube.com\/embed\/bZ-_y1fbPII\" frameborder=\"0\" allowfullscreen><\/iframe><br \/>\n<\/br><\/p>\n<p><em>(Fonte: Estado de Minas \/ Rep\u00f3rter: Luiz Ribeiro)<\/em><\/p>\n","protected":false},"excerpt":{"rendered":"<p>A delegada Karine Costa Maia, da Delegacia da Mulher de Montes Claros, no Norte de Minas, informou nesta quinta-feira (7\/4) que prosseguem as investiga\u00e7\u00f5es para identificar e ouvir outras vitimas do m\u00e9dico dermatologista Linton Wallis Figueiredo Souza, de 48 anos, preso na tarde de ontem pela suspeita de dopar e estuprar pacientes. Duas estudantes universit\u00e1rias [&hellip;]<\/p>\n","protected":false},"author":1,"featured_media":83870,"comment_status":"open","ping_status":"closed","sticky":false,"template":"","format":"standard","meta":{"amp_status":"","footnotes":""},"categories":[1236],"tags":[87523,87524,87522,87361,87332,87329,1018,87325,87357,87358,87323,87331,87327,210,87360,87359,87420,87333,87525,87330,87328,87326,87324],"class_list":["post-83869","post","type-post","status-publish","format-standard","has-post-thumbnail","hentry","category-norte_de_minas","tag-carine-costa-maia","tag-delegacia-da-mulher-de-montes-claros","tag-delegada-carine-costa-maia-da-delegacia-da-mulher-de-montes-claros","tag-dermaesthetic","tag-dermatologista-estuprador-montes-claros","tag-dermatologista-preso-em-montes-claros","tag-destaque","tag-dr-linton-wallis-figueiredo-souza","tag-estupro-dermaesthetic","tag-estupro-na-dermaesthetic","tag-linton-wallis-figueiredo-souza","tag-medico-estuprador-montes-claros","tag-medico-preso-em-montes-claros","tag-montes-claros","tag-mulheres-estupradas-na-clinica-dermaesthetic","tag-mulheres-estupradas-na-dermaesthetic","tag-policia-civil-prende-medico-suspeito-de-dopar-pacientes-para-cometer-estupros","tag-policia-prende-medico-suspeito-de-estuprar-pacientes-em-montes-claros","tag-policia-procura-vitimas-de-medico-preso-por-estupro-em-montes-claros","tag-prisao-de-dermatologista-em-montes-claros","tag-prisao-de-medico-em-montes-claros","tag-prisao-dr-linton-wallis-figueiredo-souza","tag-prisao-linton-wallis-figueiredo-souza"],"_links":{"self":[{"href":"https:\/\/aconteceunovale.com.br\/portal\/index.php?rest_route=\/wp\/v2\/posts\/83869","targetHints":{"allow":["GET"]}}],"collection":[{"href":"https:\/\/aconteceunovale.com.br\/portal\/index.php?rest_route=\/wp\/v2\/posts"}],"about":[{"href":"https:\/\/aconteceunovale.com.br\/portal\/index.php?rest_route=\/wp\/v2\/types\/post"}],"author":[{"embeddable":true,"href":"https:\/\/aconteceunovale.com.br\/portal\/index.php?rest_route=\/wp\/v2\/users\/1"}],"replies":[{"embeddable":true,"href":"https:\/\/aconteceunovale.com.br\/portal\/index.php?rest_route=%2Fwp%2Fv2%2Fcomments&post=83869"}],"version-history":[{"count":0,"href":"https:\/\/aconteceunovale.com.br\/portal\/index.php?rest_route=\/wp\/v2\/posts\/83869\/revisions"}],"wp:featuredmedia":[{"embeddable":true,"href":"https:\/\/aconteceunovale.com.br\/portal\/index.php?rest_route=\/wp\/v2\/media\/83870"}],"wp:attachment":[{"href":"https:\/\/aconteceunovale.com.br\/portal\/index.php?rest_route=%2Fwp%2Fv2%2Fmedia&parent=83869"}],"wp:term":[{"taxonomy":"category","embeddable":true,"href":"https:\/\/aconteceunovale.com.br\/portal\/index.php?rest_route=%2Fwp%2Fv2%2Fcategories&post=83869"},{"taxonomy":"post_tag","embeddable":true,"href":"https:\/\/aconteceunovale.com.br\/portal\/index.php?rest_route=%2Fwp%2Fv2%2Ftags&post=83869"}],"curies":[{"name":"wp","href":"https:\/\/api.w.org\/{rel}","templated":true}]}}