{"id":83867,"date":"2016-04-07T18:47:40","date_gmt":"2016-04-07T21:47:40","guid":{"rendered":"http:\/\/aconteceunovale.com.br\/portal\/?p=83867"},"modified":"2016-04-07T18:47:40","modified_gmt":"2016-04-07T21:47:40","slug":"mpf-pede-prisao-do-ministro-da-saude-e-do-secretario-de-saude-de-sao-paulo","status":"publish","type":"post","link":"https:\/\/aconteceunovale.com.br\/portal\/?p=83867","title":{"rendered":"MPF pede pris\u00e3o do ministro da Sa\u00fade e do secret\u00e1rio de Sa\u00fade de S\u00e3o Paulo"},"content":{"rendered":"<p>O Minist\u00e9rio P\u00fablico Federal (MPF) em Mar\u00edlia, no interior de S\u00e3o Paulo, pediu a pris\u00e3o do ministro da Sa\u00fade, Marcelo Castro, e do secret\u00e1rio estadual de Sa\u00fade, David Uip, por descumprimento de decis\u00e3o judicial que determinou o fornecimento do medicamento Hemp Oil \u2013 Cannabidiol a crian\u00e7as e adolescentes portadores de encefalopatia epil\u00e9ptica e s\u00edndrome de lennox-gastaut.<\/p>\n<p>Segundo o MPF, a liminar que determina o fornecimento do medicamento est\u00e1 sendo desrespeitada desde janeiro. O Minist\u00e9rio P\u00fablico destacou que h\u00e1 fam\u00edlias sem recursos financeiros para arcar com os custos da importa\u00e7\u00e3o do cannabidiol, e que, por conta da interrup\u00e7\u00e3o do tratamento, alguns pacientes voltaram a apresentar crises de convuls\u00e3o.<\/p>\n<p>\u201cEles precisam do rem\u00e9dio, extra\u00eddo da maconha, para controlar os graves ataques convulsivos, j\u00e1 que s\u00e3o resistentes \u00e0 terapia padronizada pelo SUS. Relat\u00f3rios m\u00e9dicos indicam que, sem o medicamento, a qualidade de vida dos pacientes \u00e9 altamente prejudicada e o risco de a situa\u00e7\u00e3o de alguns deles evoluir para estado de mal epil\u00e9ptico e morte \u00e9 alto\u201d, informou nota divulgada pela assessoria de imprensa do MPF.<\/p>\n<p>Segundo o procurador da Rep\u00fablica Jefferson Aparecido Dias, autor das a\u00e7\u00f5es, o n\u00e3o cumprimento da decis\u00e3o liminar representa ato de extrema gravidade em preju\u00edzo da sa\u00fade das crian\u00e7as e adolescentes.<\/p>\n<p>\u201cTendo em vista a insist\u00eancia daqueles que respondem pela Uni\u00e3o e pelo estado de S\u00e3o Paulo, que at\u00e9 o presente momento continuam agindo de forma atentat\u00f3ria \u00e0 jurisdi\u00e7\u00e3o, cab\u00edvel a pris\u00e3o como meio coercitivo para o cumprimento do provimento jurisdicional, qual seja a entrega do f\u00e1rmaco cannabidiol aos tutelados nas a\u00e7\u00f5es civis p\u00fablicas\u201d, afirmou o procurador, de acordo com a nota do MPF.<\/p>\n<p><strong>Nota<\/strong><\/p>\n<p>Em nota, o minist\u00e9rio da Sa\u00fade informou que cumpre todas as determina\u00e7\u00f5es judiciais para fornecimento de medicamentos ou custeio de tratamentos de sa\u00fade. Segundo o texto, a pasta realizou em 2015 23 compras para atender processos judiciais que determinam a oferta de medicamento a base de Canabidiol, totalizando um gasto de R$ 816,2 mil.<\/p>\n<p>\u201cSobre o processo para atender pacientes do munic\u00edpio de Mar\u00edlia (SP), o Minist\u00e9rio da Sa\u00fade j\u00e1 est\u00e1 em contato com a Secretaria Estadual de Sa\u00fade de S\u00e3o Paulo e adotar\u00e1 as provid\u00eancias necess\u00e1rias, em car\u00e1ter emergencial, para que o cumprimento da determina\u00e7\u00e3o judicial. Neste caso, est\u00e1 acordado que a compra e oferta ser\u00e3o realizadas pela Secretaria Estadual de S\u00e3o Paulo\u201d.<\/p>\n<p>O minist\u00e9rio ressaltou ainda que n\u00e3o h\u00e1 decis\u00e3o judicial para pris\u00e3o de gestores do Minist\u00e9rio da Sa\u00fade e da Secret\u00e1ria Estadual de Sa\u00fade de S\u00e3o Paulo.<\/p>\n<p>A Secretaria de Estado da Sa\u00fade disse que entregar\u00e1 amanh\u00e3 (8), na sede do Departamento Regional de Sa\u00fade de Mar\u00edlia, 12 seringas de canabidiol para atender aos pacientes do munic\u00edpio. O medicamento, remanejado da capital paulista, estar\u00e1 dispon\u00edvel para retirada mediante apresenta\u00e7\u00e3o de receita m\u00e9dica.<\/p>\n<p>A pasta destacou que sempre inicia imediatamente o processo de aquisi\u00e7\u00e3o de medicamentos e insumos logo que recebe uma notifica\u00e7\u00e3o por decis\u00e3o judicial. \u201cNo caso do Canabidiol, que \u00e9 importado e sem registro no Brasil, uma s\u00e9rie de exig\u00eancias burocr\u00e1ticas da Anvisa (Ag\u00eancia Nacional de Vigil\u00e2ncia Sanit\u00e1ria) impostas pela RDC n\u00ba. 17, de maio de 2015, v\u00eam causando morosidade aos processos de compra.\u201d<\/p>\n<p>Segundo a secretaria, a Anvisa tem levado at\u00e9 dois meses para emitir as autoriza\u00e7\u00f5es de compra e, ap\u00f3s a libera\u00e7\u00e3o pelo \u00f3rg\u00e3o federal, ainda h\u00e1 os prazos legais de importa\u00e7\u00e3o, que, de acordo com a pasta, n\u00e3o levam menos de 45 dias.<\/p>\n<p>(Ag\u00eancia Brasil)<\/p>\n","protected":false},"excerpt":{"rendered":"<p>O Minist\u00e9rio P\u00fablico Federal (MPF) em Mar\u00edlia, no interior de S\u00e3o Paulo, pediu a pris\u00e3o do ministro da Sa\u00fade, Marcelo Castro, e do secret\u00e1rio estadual de Sa\u00fade, David Uip, por descumprimento de decis\u00e3o judicial que determinou o fornecimento do medicamento Hemp Oil \u2013 Cannabidiol a crian\u00e7as e adolescentes portadores de encefalopatia epil\u00e9ptica e s\u00edndrome de [&hellip;]<\/p>\n","protected":false},"author":1,"featured_media":78665,"comment_status":"open","ping_status":"closed","sticky":false,"template":"","format":"standard","meta":{"amp_status":"","footnotes":""},"categories":[6,40240,40242],"tags":[20778,87520,55300,87518,61754,48472,18887,87513,87512,87515,19707,87521,87519,87514,87516,87517],"class_list":["post-83867","post","type-post","status-publish","format-standard","has-post-thumbnail","hentry","category-br","category-politica-2","category-saude-2","tag-canabidiol","tag-david-uip","tag-descumprimento","tag-fornecimento","tag-marcelo-castro","tag-ministro","tag-mpf","tag-mpf-pede-prisao-do-ministro-da-saude","tag-mpf-pede-prisao-do-ministro-da-saude-e-do-secretario-de-saude-de-sao-paulo","tag-mpf-pede-prisao-do-secretario-de-saude-de-sao-paulo","tag-prisao","tag-prisao-de-david-uip","tag-prisao-de-marcelo-castro","tag-prisao-do-ministro-da-saude","tag-prisao-do-secretario-de-saude-de-sao-paulo","tag-secretario"],"_links":{"self":[{"href":"https:\/\/aconteceunovale.com.br\/portal\/index.php?rest_route=\/wp\/v2\/posts\/83867","targetHints":{"allow":["GET"]}}],"collection":[{"href":"https:\/\/aconteceunovale.com.br\/portal\/index.php?rest_route=\/wp\/v2\/posts"}],"about":[{"href":"https:\/\/aconteceunovale.com.br\/portal\/index.php?rest_route=\/wp\/v2\/types\/post"}],"author":[{"embeddable":true,"href":"https:\/\/aconteceunovale.com.br\/portal\/index.php?rest_route=\/wp\/v2\/users\/1"}],"replies":[{"embeddable":true,"href":"https:\/\/aconteceunovale.com.br\/portal\/index.php?rest_route=%2Fwp%2Fv2%2Fcomments&post=83867"}],"version-history":[{"count":0,"href":"https:\/\/aconteceunovale.com.br\/portal\/index.php?rest_route=\/wp\/v2\/posts\/83867\/revisions"}],"wp:featuredmedia":[{"embeddable":true,"href":"https:\/\/aconteceunovale.com.br\/portal\/index.php?rest_route=\/wp\/v2\/media\/78665"}],"wp:attachment":[{"href":"https:\/\/aconteceunovale.com.br\/portal\/index.php?rest_route=%2Fwp%2Fv2%2Fmedia&parent=83867"}],"wp:term":[{"taxonomy":"category","embeddable":true,"href":"https:\/\/aconteceunovale.com.br\/portal\/index.php?rest_route=%2Fwp%2Fv2%2Fcategories&post=83867"},{"taxonomy":"post_tag","embeddable":true,"href":"https:\/\/aconteceunovale.com.br\/portal\/index.php?rest_route=%2Fwp%2Fv2%2Ftags&post=83867"}],"curies":[{"name":"wp","href":"https:\/\/api.w.org\/{rel}","templated":true}]}}