{"id":83781,"date":"2016-04-06T19:27:21","date_gmt":"2016-04-06T22:27:21","guid":{"rendered":"http:\/\/aconteceunovale.com.br\/portal\/?p=83781"},"modified":"2026-09-02T13:20:58","modified_gmt":"2026-09-02T16:20:58","slug":"policia-procura-pai-e-filho-suspeitos-de-homicidio-em-joaima","status":"publish","type":"post","link":"https:\/\/aconteceunovale.com.br\/portal\/?p=83781","title":{"rendered":"Pol\u00edcia procura pai e filho suspeitos de homic\u00eddio em Joa\u00edma"},"content":{"rendered":"<p>Um jovem de 18 anos foi morto por disparos de arma de fogo na noite desta ter\u00e7a-feira (5\/4) em Joa\u00edma, na regi\u00e3o do Jequitinhonha, e seu corpo foi encontrado pr\u00f3ximo a um c\u00f3rrego do munic\u00edpio. A Pol\u00edcia Civil j\u00e1 tem dois suspeitos para o caso, mas n\u00e3o divulgou o nome dos criminosos para n\u00e3o atrapalhar as investiga\u00e7\u00f5es. Testemunhas afirmaram que viram a v\u00edtima Jhossefe Da Concei\u00e7\u00e3o Vidigal discutir com o ex-companheiro da sua mulher, antes do crime.<\/p>\n<p>A Pol\u00edcia Militar foi acionada por moradores que passavam pelo c\u00f3rrego Fundo e encontraram o corpo. Ap\u00f3s buscas na regi\u00e3o, os policiais foram informados por clientes de um bar da regi\u00e3o que a vitima havia feito amea\u00e7as ao ex-companheiro da sua mulher, pouco tempo antes do crime. Em seguida eles iniciaram uma discuss\u00e3o. A motiva\u00e7\u00e3o da confus\u00e3o n\u00e3o foi esclarecida. <\/p>\n<p>Pouco tempo depois, o jovem foi encontrado sem vida. O suspeito de 39 anos e o filho dele de 17 n\u00e3o foram encontrados pelos militares.<\/p>\n<p>A Pol\u00edcia Civil n\u00e3o confirma a suspeita de participa\u00e7\u00e3o do homem no crime, mas esclarece que os suspeitos j\u00e1 foram identificados e que um inqu\u00e9rito foi aberto para investigar o ocorrido.<\/p>\n<p>O corpo da v\u00edtima Jhossefe Da Concei\u00e7\u00e3o Vidigal foi encaminhado para o Instituto M\u00e9dico Legal (IML) de Almenara. (O Tempo)<\/p>\n","protected":false},"excerpt":{"rendered":"<p>Um jovem de 18 anos foi morto por disparos de arma de fogo na noite desta ter\u00e7a-feira (5\/4) em Joa\u00edma, na regi\u00e3o do Jequitinhonha, e seu corpo foi encontrado pr\u00f3ximo a um c\u00f3rrego do munic\u00edpio. A Pol\u00edcia Civil j\u00e1 tem dois suspeitos para o caso, mas n\u00e3o divulgou o nome dos criminosos para n\u00e3o atrapalhar [&hellip;]<\/p>\n","protected":false},"author":1,"featured_media":71442,"comment_status":"open","ping_status":"closed","sticky":false,"template":"","format":"standard","meta":{"amp_status":"","footnotes":""},"categories":[272555,120],"tags":[87299,87306,87305,87298,87308,87302,87300,611,87304,87303,87301,87307],"class_list":["post-83781","post","type-post","status-publish","format-standard","has-post-thumbnail","hentry","category-joaima","category-jequi","tag-andre-augusto-dos-santos-moreira","tag-assassinado-joaima","tag-assassinato-joaima","tag-carlos-augusto-moreira-dos-santos","tag-carrim-pedreiro","tag-homicidio-joaima","tag-jhossefe-da-conceicao-vidigal","tag-joaima","tag-morte-joaima","tag-morto-joaima","tag-policia-procura-pai-e-filho-suspeitos-de-homicidio-em-joaima","tag-violencia-joaima"],"yoast_head":"<!-- This site is optimized with the Yoast SEO plugin v28.3 - https:\/\/yoast.com\/product\/yoast-seo-wordpress\/ -->\n<title>Pol\u00edcia procura pai e filho suspeitos de homic\u00eddio em Joa\u00edma - Aconteceu no Vale<\/title>\n<meta name=\"robots\" content=\"index, follow, max-snippet:-1, max-image-preview:large, max-video-preview:-1\" \/>\n<link rel=\"canonical\" href=\"https:\/\/aconteceunovale.com.br\/portal\/?p=83781\" \/>\n<meta property=\"og:locale\" content=\"pt_BR\" \/>\n<meta property=\"og:type\" content=\"article\" \/>\n<meta property=\"og:title\" content=\"Pol\u00edcia procura pai e filho suspeitos de homic\u00eddio em Joa\u00edma - Aconteceu no Vale\" \/>\n<meta property=\"og:description\" content=\"Um jovem de 18 anos foi morto por disparos de arma de fogo na noite desta ter\u00e7a-feira (5\/4) em Joa\u00edma, na regi\u00e3o do Jequitinhonha, e seu corpo foi encontrado pr\u00f3ximo a um c\u00f3rrego do munic\u00edpio. A Pol\u00edcia Civil j\u00e1 tem dois suspeitos para o caso, mas n\u00e3o divulgou o nome dos criminosos para n\u00e3o atrapalhar [&hellip;]\" \/>\n<meta property=\"og:url\" content=\"https:\/\/aconteceunovale.com.br\/portal\/?p=83781\" \/>\n<meta property=\"og:site_name\" content=\"Aconteceu no Vale\" \/>\n<meta property=\"article:publisher\" content=\"https:\/\/www.facebook.com\/aconteceunovale\/\" \/>\n<meta property=\"article:published_time\" content=\"2016-04-06T22:27:21+00:00\" \/>\n<meta property=\"article:modified_time\" content=\"2026-09-02T16:20:58+00:00\" \/>\n<meta property=\"og:image\" content=\"https:\/\/aconteceunovale.com.br\/portal\/wp-content\/uploads\/2015\/10\/plantao_giroflex.jpg\" \/>\n\t<meta property=\"og:image:width\" content=\"678\" \/>\n\t<meta property=\"og:image:height\" content=\"389\" \/>\n\t<meta property=\"og:image:type\" content=\"image\/jpeg\" \/>\n<meta name=\"author\" content=\"Aconteceu no Vale\" \/>\n<meta name=\"twitter:card\" content=\"summary_large_image\" \/>\n<meta name=\"twitter:creator\" content=\"@noticiadosvales\" \/>\n<meta name=\"twitter:site\" content=\"@noticiadosvales\" \/>\n<meta name=\"twitter:label1\" content=\"Escrito por\" \/>\n\t<meta name=\"twitter:data1\" content=\"Aconteceu no Vale\" \/>\n\t<meta name=\"twitter:label2\" content=\"Est. tempo de leitura\" \/>\n\t<meta name=\"twitter:data2\" content=\"1 minuto\" \/>\n<script type=\"application\/ld+json\" class=\"yoast-schema-graph\">{\"@context\":\"https:\\\/\\\/schema.org\",\"@graph\":[{\"@type\":\"Article\",\"@id\":\"https:\\\/\\\/aconteceunovale.com.br\\\/portal\\\/?p=83781#article\",\"isPartOf\":{\"@id\":\"https:\\\/\\\/aconteceunovale.com.br\\\/portal\\\/?p=83781\"},\"author\":{\"name\":\"Aconteceu no Vale\",\"@id\":\"https:\\\/\\\/aconteceunovale.com.br\\\/portal\\\/#\\\/schema\\\/person\\\/633529146f2c94272bef50ac2953d589\"},\"headline\":\"Pol\u00edcia procura pai e filho suspeitos de homic\u00eddio em Joa\u00edma\",\"datePublished\":\"2016-04-06T22:27:21+00:00\",\"dateModified\":\"2026-09-02T16:20:58+00:00\",\"mainEntityOfPage\":{\"@id\":\"https:\\\/\\\/aconteceunovale.com.br\\\/portal\\\/?p=83781\"},\"wordCount\":252,\"commentCount\":0,\"image\":{\"@id\":\"https:\\\/\\\/aconteceunovale.com.br\\\/portal\\\/?p=83781#primaryimage\"},\"thumbnailUrl\":\"https:\\\/\\\/aconteceunovale.com.br\\\/portal\\\/wp-content\\\/uploads\\\/2015\\\/10\\\/plantao_giroflex.jpg\",\"keywords\":[\"ANDR\u00c9 AUGUSTO DOS SANTOS MOREIRA\",\"assassinado Joa\u00edma\",\"assassinato Joa\u00edma\",\"CARLOS AUGUSTO MOREIRA DOS SANTOS\",\"carrim pedreiro\",\"homic\u00eddio Joa\u00edma\",\"JHOSSEFE DA CONCEI\u00c7\u00c3O VIDIGAL\",\"Joa\u00edma\",\"morte Joa\u00edma\",\"morto Joa\u00edma\",\"Pol\u00edcia procura pai e filho suspeitos de homic\u00eddio em Joa\u00edma\",\"viol\u00eancia Joa\u00edma\"],\"articleSection\":[\"Joa\u00edma\",\"Vale do Jequitinhonha\"],\"inLanguage\":\"pt-BR\",\"potentialAction\":[{\"@type\":\"CommentAction\",\"name\":\"Comment\",\"target\":[\"https:\\\/\\\/aconteceunovale.com.br\\\/portal\\\/?p=83781#respond\"]}]},{\"@type\":\"WebPage\",\"@id\":\"https:\\\/\\\/aconteceunovale.com.br\\\/portal\\\/?p=83781\",\"url\":\"https:\\\/\\\/aconteceunovale.com.br\\\/portal\\\/?p=83781\",\"name\":\"Pol\u00edcia procura pai e filho suspeitos de homic\u00eddio em Joa\u00edma - Aconteceu no Vale\",\"isPartOf\":{\"@id\":\"https:\\\/\\\/aconteceunovale.com.br\\\/portal\\\/#website\"},\"primaryImageOfPage\":{\"@id\":\"https:\\\/\\\/aconteceunovale.com.br\\\/portal\\\/?p=83781#primaryimage\"},\"image\":{\"@id\":\"https:\\\/\\\/aconteceunovale.com.br\\\/portal\\\/?p=83781#primaryimage\"},\"thumbnailUrl\":\"https:\\\/\\\/aconteceunovale.com.br\\\/portal\\\/wp-content\\\/uploads\\\/2015\\\/10\\\/plantao_giroflex.jpg\",\"datePublished\":\"2016-04-06T22:27:21+00:00\",\"dateModified\":\"2026-09-02T16:20:58+00:00\",\"author\":{\"@id\":\"https:\\\/\\\/aconteceunovale.com.br\\\/portal\\\/#\\\/schema\\\/person\\\/633529146f2c94272bef50ac2953d589\"},\"breadcrumb\":{\"@id\":\"https:\\\/\\\/aconteceunovale.com.br\\\/portal\\\/?p=83781#breadcrumb\"},\"inLanguage\":\"pt-BR\",\"potentialAction\":[{\"@type\":\"ReadAction\",\"target\":[\"https:\\\/\\\/aconteceunovale.com.br\\\/portal\\\/?p=83781\"]}]},{\"@type\":\"ImageObject\",\"inLanguage\":\"pt-BR\",\"@id\":\"https:\\\/\\\/aconteceunovale.com.br\\\/portal\\\/?p=83781#primaryimage\",\"url\":\"https:\\\/\\\/aconteceunovale.com.br\\\/portal\\\/wp-content\\\/uploads\\\/2015\\\/10\\\/plantao_giroflex.jpg\",\"contentUrl\":\"https:\\\/\\\/aconteceunovale.com.br\\\/portal\\\/wp-content\\\/uploads\\\/2015\\\/10\\\/plantao_giroflex.jpg\",\"width\":678,\"height\":389},{\"@type\":\"BreadcrumbList\",\"@id\":\"https:\\\/\\\/aconteceunovale.com.br\\\/portal\\\/?p=83781#breadcrumb\",\"itemListElement\":[{\"@type\":\"ListItem\",\"position\":1,\"name\":\"In\u00edcio\",\"item\":\"https:\\\/\\\/aconteceunovale.com.br\\\/portal\\\/\"},{\"@type\":\"ListItem\",\"position\":2,\"name\":\"Pol\u00edcia procura pai e filho suspeitos de homic\u00eddio em Joa\u00edma\"}]},{\"@type\":\"WebSite\",\"@id\":\"https:\\\/\\\/aconteceunovale.com.br\\\/portal\\\/#website\",\"url\":\"https:\\\/\\\/aconteceunovale.com.br\\\/portal\\\/\",\"name\":\"Aconteceu no Vale\",\"description\":\"Portal de Not\u00edcias\",\"potentialAction\":[{\"@type\":\"SearchAction\",\"target\":{\"@type\":\"EntryPoint\",\"urlTemplate\":\"https:\\\/\\\/aconteceunovale.com.br\\\/portal\\\/?s={search_term_string}\"},\"query-input\":{\"@type\":\"PropertyValueSpecification\",\"valueRequired\":true,\"valueName\":\"search_term_string\"}}],\"inLanguage\":\"pt-BR\"},{\"@type\":\"Person\",\"@id\":\"https:\\\/\\\/aconteceunovale.com.br\\\/portal\\\/#\\\/schema\\\/person\\\/633529146f2c94272bef50ac2953d589\",\"name\":\"Aconteceu no Vale\",\"description\":\"Equipe de reportagem do Aconteceu no Vale, portal de not\u00edcias do Vale do Jequitinhonha, em Minas Gerais. Cobrimos as 51 cidades do Vale desde 2013. Sugest\u00f5es de pauta e pedidos de corre\u00e7\u00e3o: contato@aconteceunovale.com.br\",\"sameAs\":[\"http:\\\/\\\/www.aconteceunovale.com.br\"],\"url\":\"https:\\\/\\\/aconteceunovale.com.br\\\/portal\\\/?author=1\"}]}<\/script>\n<!-- \/ Yoast SEO plugin. -->","yoast_head_json":{"title":"Pol\u00edcia procura pai e filho suspeitos de homic\u00eddio em Joa\u00edma - Aconteceu no Vale","robots":{"index":"index","follow":"follow","max-snippet":"max-snippet:-1","max-image-preview":"max-image-preview:large","max-video-preview":"max-video-preview:-1"},"canonical":"https:\/\/aconteceunovale.com.br\/portal\/?p=83781","og_locale":"pt_BR","og_type":"article","og_title":"Pol\u00edcia procura pai e filho suspeitos de homic\u00eddio em Joa\u00edma - Aconteceu no Vale","og_description":"Um jovem de 18 anos foi morto por disparos de arma de fogo na noite desta ter\u00e7a-feira (5\/4) em Joa\u00edma, na regi\u00e3o do Jequitinhonha, e seu corpo foi encontrado pr\u00f3ximo a um c\u00f3rrego do munic\u00edpio. A Pol\u00edcia Civil j\u00e1 tem dois suspeitos para o caso, mas n\u00e3o divulgou o nome dos criminosos para n\u00e3o atrapalhar [&hellip;]","og_url":"https:\/\/aconteceunovale.com.br\/portal\/?p=83781","og_site_name":"Aconteceu no Vale","article_publisher":"https:\/\/www.facebook.com\/aconteceunovale\/","article_published_time":"2016-04-06T22:27:21+00:00","article_modified_time":"2026-09-02T16:20:58+00:00","og_image":[{"width":678,"height":389,"url":"https:\/\/aconteceunovale.com.br\/portal\/wp-content\/uploads\/2015\/10\/plantao_giroflex.jpg","type":"image\/jpeg"}],"author":"Aconteceu no Vale","twitter_card":"summary_large_image","twitter_creator":"@noticiadosvales","twitter_site":"@noticiadosvales","twitter_misc":{"Escrito por":"Aconteceu no Vale","Est. tempo de leitura":"1 minuto"},"schema":{"@context":"https:\/\/schema.org","@graph":[{"@type":"Article","@id":"https:\/\/aconteceunovale.com.br\/portal\/?p=83781#article","isPartOf":{"@id":"https:\/\/aconteceunovale.com.br\/portal\/?p=83781"},"author":{"name":"Aconteceu no Vale","@id":"https:\/\/aconteceunovale.com.br\/portal\/#\/schema\/person\/633529146f2c94272bef50ac2953d589"},"headline":"Pol\u00edcia procura pai e filho suspeitos de homic\u00eddio em Joa\u00edma","datePublished":"2016-04-06T22:27:21+00:00","dateModified":"2026-09-02T16:20:58+00:00","mainEntityOfPage":{"@id":"https:\/\/aconteceunovale.com.br\/portal\/?p=83781"},"wordCount":252,"commentCount":0,"image":{"@id":"https:\/\/aconteceunovale.com.br\/portal\/?p=83781#primaryimage"},"thumbnailUrl":"https:\/\/aconteceunovale.com.br\/portal\/wp-content\/uploads\/2015\/10\/plantao_giroflex.jpg","keywords":["ANDR\u00c9 AUGUSTO DOS SANTOS MOREIRA","assassinado Joa\u00edma","assassinato Joa\u00edma","CARLOS AUGUSTO MOREIRA DOS SANTOS","carrim pedreiro","homic\u00eddio Joa\u00edma","JHOSSEFE DA CONCEI\u00c7\u00c3O VIDIGAL","Joa\u00edma","morte Joa\u00edma","morto Joa\u00edma","Pol\u00edcia procura pai e filho suspeitos de homic\u00eddio em Joa\u00edma","viol\u00eancia Joa\u00edma"],"articleSection":["Joa\u00edma","Vale do Jequitinhonha"],"inLanguage":"pt-BR","potentialAction":[{"@type":"CommentAction","name":"Comment","target":["https:\/\/aconteceunovale.com.br\/portal\/?p=83781#respond"]}]},{"@type":"WebPage","@id":"https:\/\/aconteceunovale.com.br\/portal\/?p=83781","url":"https:\/\/aconteceunovale.com.br\/portal\/?p=83781","name":"Pol\u00edcia procura pai e filho suspeitos de homic\u00eddio em Joa\u00edma - Aconteceu no Vale","isPartOf":{"@id":"https:\/\/aconteceunovale.com.br\/portal\/#website"},"primaryImageOfPage":{"@id":"https:\/\/aconteceunovale.com.br\/portal\/?p=83781#primaryimage"},"image":{"@id":"https:\/\/aconteceunovale.com.br\/portal\/?p=83781#primaryimage"},"thumbnailUrl":"https:\/\/aconteceunovale.com.br\/portal\/wp-content\/uploads\/2015\/10\/plantao_giroflex.jpg","datePublished":"2016-04-06T22:27:21+00:00","dateModified":"2026-09-02T16:20:58+00:00","author":{"@id":"https:\/\/aconteceunovale.com.br\/portal\/#\/schema\/person\/633529146f2c94272bef50ac2953d589"},"breadcrumb":{"@id":"https:\/\/aconteceunovale.com.br\/portal\/?p=83781#breadcrumb"},"inLanguage":"pt-BR","potentialAction":[{"@type":"ReadAction","target":["https:\/\/aconteceunovale.com.br\/portal\/?p=83781"]}]},{"@type":"ImageObject","inLanguage":"pt-BR","@id":"https:\/\/aconteceunovale.com.br\/portal\/?p=83781#primaryimage","url":"https:\/\/aconteceunovale.com.br\/portal\/wp-content\/uploads\/2015\/10\/plantao_giroflex.jpg","contentUrl":"https:\/\/aconteceunovale.com.br\/portal\/wp-content\/uploads\/2015\/10\/plantao_giroflex.jpg","width":678,"height":389},{"@type":"BreadcrumbList","@id":"https:\/\/aconteceunovale.com.br\/portal\/?p=83781#breadcrumb","itemListElement":[{"@type":"ListItem","position":1,"name":"In\u00edcio","item":"https:\/\/aconteceunovale.com.br\/portal\/"},{"@type":"ListItem","position":2,"name":"Pol\u00edcia procura pai e filho suspeitos de homic\u00eddio em Joa\u00edma"}]},{"@type":"WebSite","@id":"https:\/\/aconteceunovale.com.br\/portal\/#website","url":"https:\/\/aconteceunovale.com.br\/portal\/","name":"Aconteceu no Vale","description":"Portal de Not\u00edcias","potentialAction":[{"@type":"SearchAction","target":{"@type":"EntryPoint","urlTemplate":"https:\/\/aconteceunovale.com.br\/portal\/?s={search_term_string}"},"query-input":{"@type":"PropertyValueSpecification","valueRequired":true,"valueName":"search_term_string"}}],"inLanguage":"pt-BR"},{"@type":"Person","@id":"https:\/\/aconteceunovale.com.br\/portal\/#\/schema\/person\/633529146f2c94272bef50ac2953d589","name":"Aconteceu no Vale","description":"Equipe de reportagem do Aconteceu no Vale, portal de not\u00edcias do Vale do Jequitinhonha, em Minas Gerais. Cobrimos as 51 cidades do Vale desde 2013. Sugest\u00f5es de pauta e pedidos de corre\u00e7\u00e3o: contato@aconteceunovale.com.br","sameAs":["http:\/\/www.aconteceunovale.com.br"],"url":"https:\/\/aconteceunovale.com.br\/portal\/?author=1"}]}},"_links":{"self":[{"href":"https:\/\/aconteceunovale.com.br\/portal\/index.php?rest_route=\/wp\/v2\/posts\/83781","targetHints":{"allow":["GET"]}}],"collection":[{"href":"https:\/\/aconteceunovale.com.br\/portal\/index.php?rest_route=\/wp\/v2\/posts"}],"about":[{"href":"https:\/\/aconteceunovale.com.br\/portal\/index.php?rest_route=\/wp\/v2\/types\/post"}],"author":[{"embeddable":true,"href":"https:\/\/aconteceunovale.com.br\/portal\/index.php?rest_route=\/wp\/v2\/users\/1"}],"replies":[{"embeddable":true,"href":"https:\/\/aconteceunovale.com.br\/portal\/index.php?rest_route=%2Fwp%2Fv2%2Fcomments&post=83781"}],"version-history":[{"count":1,"href":"https:\/\/aconteceunovale.com.br\/portal\/index.php?rest_route=\/wp\/v2\/posts\/83781\/revisions"}],"predecessor-version":[{"id":201206,"href":"https:\/\/aconteceunovale.com.br\/portal\/index.php?rest_route=\/wp\/v2\/posts\/83781\/revisions\/201206"}],"wp:featuredmedia":[{"embeddable":true,"href":"https:\/\/aconteceunovale.com.br\/portal\/index.php?rest_route=\/wp\/v2\/media\/71442"}],"wp:attachment":[{"href":"https:\/\/aconteceunovale.com.br\/portal\/index.php?rest_route=%2Fwp%2Fv2%2Fmedia&parent=83781"}],"wp:term":[{"taxonomy":"category","embeddable":true,"href":"https:\/\/aconteceunovale.com.br\/portal\/index.php?rest_route=%2Fwp%2Fv2%2Fcategories&post=83781"},{"taxonomy":"post_tag","embeddable":true,"href":"https:\/\/aconteceunovale.com.br\/portal\/index.php?rest_route=%2Fwp%2Fv2%2Ftags&post=83781"}],"curies":[{"name":"wp","href":"https:\/\/api.w.org\/{rel}","templated":true}]}}