{"id":83773,"date":"2016-04-06T18:57:38","date_gmt":"2016-04-06T21:57:38","guid":{"rendered":"http:\/\/aconteceunovale.com.br\/portal\/?p=83773"},"modified":"2016-04-06T19:02:30","modified_gmt":"2016-04-06T22:02:30","slug":"facebook-libera-transmissao-ao-vivo-para-todos-os-usuarios","status":"publish","type":"post","link":"https:\/\/aconteceunovale.com.br\/portal\/?p=83773","title":{"rendered":"Facebook libera transmiss\u00e3o ao vivo para todos os usu\u00e1rios"},"content":{"rendered":"<p>O fundador e diretor-executivo do Facebook, Marck Zuckerberg, anunciou nesta quarta-feira (6\/4), em seu perfil na rede social, a primeira mudan\u00e7a na ferramenta que permite gravar e transmitir v\u00eddeos em tempo real. Inicialmente dispon\u00edvel apenas para celebridades e p\u00e1ginas, as transmiss\u00f5es ao vivo fizeram sucesso, e agora ficam dispon\u00edveis para os perfis pessoais comuns. De acordo com um post feito por Zuckerberg em sua p\u00e1gina oficial, a ferramenta vai facilitar a cria\u00e7\u00e3o e o compartilhamento de v\u00eddeos ao vivo. <\/p>\n<p>&#8220;Hoje estamos lan\u00e7ando o Facebook Live para todos os usu\u00e1rios &#8211; para facilitar criar, compartilhar e descobrir v\u00eddeos ao vivo. O Live \u00e9 como ter uma c\u00e2mera no seu bolso. Qualquer um com um smartphone agora tem o poder de transmitir ao vivo para o mundo todo. Quando voc\u00ea interage ao vivo, se sente conectado de uma forma mais pessoal. Essa \u00e9 uma mudan\u00e7a enorme na maneira como n\u00f3s nos comunicamos, e vai criar novas oportunidades de intera\u00e7\u00e3o entre as pessoas.&#8221;<\/p>\n<p>Outra novidade \u00e9 que a transmiss\u00e3o ganha tamb\u00e9m os bot\u00f5es de rea\u00e7\u00e3o &#8221;curti&#8221;, &#8221;amei&#8221;, &#8221;uau&#8221;, &#8221;haha&#8221;, &#8221;triste&#8221; e &#8221;grr&#8221;. A ferramenta chega para competir com concorrentes como o Periscope, do Twitter, que permitem transmiss\u00f5es ao vivo em v\u00eddeo usando o celular. A principal diferen\u00e7a do Live \u00e9 que o alcance do Facebook \u00e9 maior. Al\u00e9m disso, ele se aproveita do uso das notifica\u00e7\u00f5es para avisar os f\u00e3s de que est\u00e1 acontecendo um evento ao vivo naquele momento.<\/p>\n<p><img decoding=\"async\" src=\"http:\/\/aconteceunovale.com.br\/portal\/wp-content\/uploads\/2016\/04\/facebook_ao_vivo.jpg\" alt=\"\" \/><em>Novidade foi anunciada por Marck Zuckerberg (Foto: Arquivo Pessoal)<\/em><br \/>\n<\/br><\/p>\n<p>(Via Estado de Minas)<\/p>\n","protected":false},"excerpt":{"rendered":"<p>O fundador e diretor-executivo do Facebook, Marck Zuckerberg, anunciou nesta quarta-feira (6\/4), em seu perfil na rede social, a primeira mudan\u00e7a na ferramenta que permite gravar e transmitir v\u00eddeos em tempo real. Inicialmente dispon\u00edvel apenas para celebridades e p\u00e1ginas, as transmiss\u00f5es ao vivo fizeram sucesso, e agora ficam dispon\u00edveis para os perfis pessoais comuns. De [&hellip;]<\/p>\n","protected":false},"author":1,"featured_media":83774,"comment_status":"open","ping_status":"closed","sticky":false,"template":"","format":"standard","meta":{"amp_status":"","footnotes":""},"categories":[40247],"tags":[87284,87290,87289,87288,87286,87285,87287,87291],"class_list":["post-83773","post","type-post","status-publish","format-standard","has-post-thumbnail","hentry","category-tecnologia-2","tag-diretor-executivo-do-facebook","tag-facebook-libera-transmissao-ao-vivo","tag-facebook-libera-transmissao-ao-vivo-para-todos-os-usuarios","tag-facebook-live","tag-fundador-do-facebook","tag-marck-zuckerberg","tag-periscope","tag-transmissao-ao-vivo-facebook"],"yoast_head":"<!-- This site is optimized with the Yoast SEO plugin v28.3 - https:\/\/yoast.com\/product\/yoast-seo-wordpress\/ -->\n<title>Facebook libera transmiss\u00e3o ao vivo para todos os usu\u00e1rios - Aconteceu no Vale<\/title>\n<meta name=\"robots\" content=\"index, follow, max-snippet:-1, max-image-preview:large, max-video-preview:-1\" \/>\n<link rel=\"canonical\" href=\"https:\/\/aconteceunovale.com.br\/portal\/?p=83773\" \/>\n<meta property=\"og:locale\" content=\"pt_BR\" \/>\n<meta property=\"og:type\" content=\"article\" \/>\n<meta property=\"og:title\" content=\"Facebook libera transmiss\u00e3o ao vivo para todos os usu\u00e1rios - Aconteceu no Vale\" \/>\n<meta property=\"og:description\" content=\"O fundador e diretor-executivo do Facebook, Marck Zuckerberg, anunciou nesta quarta-feira (6\/4), em seu perfil na rede social, a primeira mudan\u00e7a na ferramenta que permite gravar e transmitir v\u00eddeos em tempo real. Inicialmente dispon\u00edvel apenas para celebridades e p\u00e1ginas, as transmiss\u00f5es ao vivo fizeram sucesso, e agora ficam dispon\u00edveis para os perfis pessoais comuns. De [&hellip;]\" \/>\n<meta property=\"og:url\" content=\"https:\/\/aconteceunovale.com.br\/portal\/?p=83773\" \/>\n<meta property=\"og:site_name\" content=\"Aconteceu no Vale\" \/>\n<meta property=\"article:publisher\" content=\"https:\/\/www.facebook.com\/aconteceunovale\/\" \/>\n<meta property=\"article:published_time\" content=\"2016-04-06T21:57:38+00:00\" \/>\n<meta property=\"article:modified_time\" content=\"2016-04-06T22:02:30+00:00\" \/>\n<meta property=\"og:image\" content=\"https:\/\/aconteceunovale.com.br\/portal\/wp-content\/uploads\/2016\/04\/facebook_ao_vivo.jpg\" \/>\n\t<meta property=\"og:image:width\" content=\"678\" \/>\n\t<meta property=\"og:image:height\" content=\"399\" \/>\n\t<meta property=\"og:image:type\" content=\"image\/jpeg\" \/>\n<meta name=\"author\" content=\"Aconteceu no Vale\" \/>\n<meta name=\"twitter:card\" content=\"summary_large_image\" \/>\n<meta name=\"twitter:creator\" content=\"@noticiadosvales\" \/>\n<meta name=\"twitter:site\" content=\"@noticiadosvales\" \/>\n<meta name=\"twitter:label1\" content=\"Escrito por\" \/>\n\t<meta name=\"twitter:data1\" content=\"Aconteceu no Vale\" \/>\n\t<meta name=\"twitter:label2\" content=\"Est. tempo de leitura\" \/>\n\t<meta name=\"twitter:data2\" content=\"1 minuto\" \/>\n<script type=\"application\/ld+json\" class=\"yoast-schema-graph\">{\"@context\":\"https:\\\/\\\/schema.org\",\"@graph\":[{\"@type\":\"Article\",\"@id\":\"https:\\\/\\\/aconteceunovale.com.br\\\/portal\\\/?p=83773#article\",\"isPartOf\":{\"@id\":\"https:\\\/\\\/aconteceunovale.com.br\\\/portal\\\/?p=83773\"},\"author\":{\"name\":\"Aconteceu no Vale\",\"@id\":\"https:\\\/\\\/aconteceunovale.com.br\\\/portal\\\/#\\\/schema\\\/person\\\/633529146f2c94272bef50ac2953d589\"},\"headline\":\"Facebook libera transmiss\u00e3o ao vivo para todos os usu\u00e1rios\",\"datePublished\":\"2016-04-06T21:57:38+00:00\",\"dateModified\":\"2016-04-06T22:02:30+00:00\",\"mainEntityOfPage\":{\"@id\":\"https:\\\/\\\/aconteceunovale.com.br\\\/portal\\\/?p=83773\"},\"wordCount\":281,\"commentCount\":0,\"image\":{\"@id\":\"https:\\\/\\\/aconteceunovale.com.br\\\/portal\\\/?p=83773#primaryimage\"},\"thumbnailUrl\":\"https:\\\/\\\/aconteceunovale.com.br\\\/portal\\\/wp-content\\\/uploads\\\/2016\\\/04\\\/facebook_ao_vivo.jpg\",\"keywords\":[\"diretor-executivo do Facebook\",\"Facebook libera transmiss\u00e3o ao vivo\",\"Facebook libera transmiss\u00e3o ao vivo para todos os usu\u00e1rios\",\"Facebook Live\",\"fundador do Facebook\",\"Marck Zuckerberg\",\"Periscope\",\"Transmiss\u00e3o ao vivo Facebook\"],\"articleSection\":[\"Tecnologia\"],\"inLanguage\":\"pt-BR\",\"potentialAction\":[{\"@type\":\"CommentAction\",\"name\":\"Comment\",\"target\":[\"https:\\\/\\\/aconteceunovale.com.br\\\/portal\\\/?p=83773#respond\"]}]},{\"@type\":\"WebPage\",\"@id\":\"https:\\\/\\\/aconteceunovale.com.br\\\/portal\\\/?p=83773\",\"url\":\"https:\\\/\\\/aconteceunovale.com.br\\\/portal\\\/?p=83773\",\"name\":\"Facebook libera transmiss\u00e3o ao vivo para todos os usu\u00e1rios - Aconteceu no Vale\",\"isPartOf\":{\"@id\":\"https:\\\/\\\/aconteceunovale.com.br\\\/portal\\\/#website\"},\"primaryImageOfPage\":{\"@id\":\"https:\\\/\\\/aconteceunovale.com.br\\\/portal\\\/?p=83773#primaryimage\"},\"image\":{\"@id\":\"https:\\\/\\\/aconteceunovale.com.br\\\/portal\\\/?p=83773#primaryimage\"},\"thumbnailUrl\":\"https:\\\/\\\/aconteceunovale.com.br\\\/portal\\\/wp-content\\\/uploads\\\/2016\\\/04\\\/facebook_ao_vivo.jpg\",\"datePublished\":\"2016-04-06T21:57:38+00:00\",\"dateModified\":\"2016-04-06T22:02:30+00:00\",\"author\":{\"@id\":\"https:\\\/\\\/aconteceunovale.com.br\\\/portal\\\/#\\\/schema\\\/person\\\/633529146f2c94272bef50ac2953d589\"},\"breadcrumb\":{\"@id\":\"https:\\\/\\\/aconteceunovale.com.br\\\/portal\\\/?p=83773#breadcrumb\"},\"inLanguage\":\"pt-BR\",\"potentialAction\":[{\"@type\":\"ReadAction\",\"target\":[\"https:\\\/\\\/aconteceunovale.com.br\\\/portal\\\/?p=83773\"]}]},{\"@type\":\"ImageObject\",\"inLanguage\":\"pt-BR\",\"@id\":\"https:\\\/\\\/aconteceunovale.com.br\\\/portal\\\/?p=83773#primaryimage\",\"url\":\"https:\\\/\\\/aconteceunovale.com.br\\\/portal\\\/wp-content\\\/uploads\\\/2016\\\/04\\\/facebook_ao_vivo.jpg\",\"contentUrl\":\"https:\\\/\\\/aconteceunovale.com.br\\\/portal\\\/wp-content\\\/uploads\\\/2016\\\/04\\\/facebook_ao_vivo.jpg\",\"width\":678,\"height\":399},{\"@type\":\"BreadcrumbList\",\"@id\":\"https:\\\/\\\/aconteceunovale.com.br\\\/portal\\\/?p=83773#breadcrumb\",\"itemListElement\":[{\"@type\":\"ListItem\",\"position\":1,\"name\":\"In\u00edcio\",\"item\":\"https:\\\/\\\/aconteceunovale.com.br\\\/portal\\\/\"},{\"@type\":\"ListItem\",\"position\":2,\"name\":\"Facebook libera transmiss\u00e3o ao vivo para todos os usu\u00e1rios\"}]},{\"@type\":\"WebSite\",\"@id\":\"https:\\\/\\\/aconteceunovale.com.br\\\/portal\\\/#website\",\"url\":\"https:\\\/\\\/aconteceunovale.com.br\\\/portal\\\/\",\"name\":\"Aconteceu no Vale\",\"description\":\"Portal de Not\u00edcias\",\"potentialAction\":[{\"@type\":\"SearchAction\",\"target\":{\"@type\":\"EntryPoint\",\"urlTemplate\":\"https:\\\/\\\/aconteceunovale.com.br\\\/portal\\\/?s={search_term_string}\"},\"query-input\":{\"@type\":\"PropertyValueSpecification\",\"valueRequired\":true,\"valueName\":\"search_term_string\"}}],\"inLanguage\":\"pt-BR\"},{\"@type\":\"Person\",\"@id\":\"https:\\\/\\\/aconteceunovale.com.br\\\/portal\\\/#\\\/schema\\\/person\\\/633529146f2c94272bef50ac2953d589\",\"name\":\"Aconteceu no Vale\",\"description\":\"Equipe de reportagem do Aconteceu no Vale, portal de not\u00edcias do Vale do Jequitinhonha, em Minas Gerais. Cobrimos as 51 cidades do Vale desde 2013. Sugest\u00f5es de pauta e pedidos de corre\u00e7\u00e3o: contato@aconteceunovale.com.br\",\"sameAs\":[\"http:\\\/\\\/www.aconteceunovale.com.br\"],\"url\":\"https:\\\/\\\/aconteceunovale.com.br\\\/portal\\\/?author=1\"}]}<\/script>\n<!-- \/ Yoast SEO plugin. -->","yoast_head_json":{"title":"Facebook libera transmiss\u00e3o ao vivo para todos os usu\u00e1rios - Aconteceu no Vale","robots":{"index":"index","follow":"follow","max-snippet":"max-snippet:-1","max-image-preview":"max-image-preview:large","max-video-preview":"max-video-preview:-1"},"canonical":"https:\/\/aconteceunovale.com.br\/portal\/?p=83773","og_locale":"pt_BR","og_type":"article","og_title":"Facebook libera transmiss\u00e3o ao vivo para todos os usu\u00e1rios - Aconteceu no Vale","og_description":"O fundador e diretor-executivo do Facebook, Marck Zuckerberg, anunciou nesta quarta-feira (6\/4), em seu perfil na rede social, a primeira mudan\u00e7a na ferramenta que permite gravar e transmitir v\u00eddeos em tempo real. Inicialmente dispon\u00edvel apenas para celebridades e p\u00e1ginas, as transmiss\u00f5es ao vivo fizeram sucesso, e agora ficam dispon\u00edveis para os perfis pessoais comuns. De [&hellip;]","og_url":"https:\/\/aconteceunovale.com.br\/portal\/?p=83773","og_site_name":"Aconteceu no Vale","article_publisher":"https:\/\/www.facebook.com\/aconteceunovale\/","article_published_time":"2016-04-06T21:57:38+00:00","article_modified_time":"2016-04-06T22:02:30+00:00","og_image":[{"width":678,"height":399,"url":"https:\/\/aconteceunovale.com.br\/portal\/wp-content\/uploads\/2016\/04\/facebook_ao_vivo.jpg","type":"image\/jpeg"}],"author":"Aconteceu no Vale","twitter_card":"summary_large_image","twitter_creator":"@noticiadosvales","twitter_site":"@noticiadosvales","twitter_misc":{"Escrito por":"Aconteceu no Vale","Est. tempo de leitura":"1 minuto"},"schema":{"@context":"https:\/\/schema.org","@graph":[{"@type":"Article","@id":"https:\/\/aconteceunovale.com.br\/portal\/?p=83773#article","isPartOf":{"@id":"https:\/\/aconteceunovale.com.br\/portal\/?p=83773"},"author":{"name":"Aconteceu no Vale","@id":"https:\/\/aconteceunovale.com.br\/portal\/#\/schema\/person\/633529146f2c94272bef50ac2953d589"},"headline":"Facebook libera transmiss\u00e3o ao vivo para todos os usu\u00e1rios","datePublished":"2016-04-06T21:57:38+00:00","dateModified":"2016-04-06T22:02:30+00:00","mainEntityOfPage":{"@id":"https:\/\/aconteceunovale.com.br\/portal\/?p=83773"},"wordCount":281,"commentCount":0,"image":{"@id":"https:\/\/aconteceunovale.com.br\/portal\/?p=83773#primaryimage"},"thumbnailUrl":"https:\/\/aconteceunovale.com.br\/portal\/wp-content\/uploads\/2016\/04\/facebook_ao_vivo.jpg","keywords":["diretor-executivo do Facebook","Facebook libera transmiss\u00e3o ao vivo","Facebook libera transmiss\u00e3o ao vivo para todos os usu\u00e1rios","Facebook Live","fundador do Facebook","Marck Zuckerberg","Periscope","Transmiss\u00e3o ao vivo Facebook"],"articleSection":["Tecnologia"],"inLanguage":"pt-BR","potentialAction":[{"@type":"CommentAction","name":"Comment","target":["https:\/\/aconteceunovale.com.br\/portal\/?p=83773#respond"]}]},{"@type":"WebPage","@id":"https:\/\/aconteceunovale.com.br\/portal\/?p=83773","url":"https:\/\/aconteceunovale.com.br\/portal\/?p=83773","name":"Facebook libera transmiss\u00e3o ao vivo para todos os usu\u00e1rios - Aconteceu no Vale","isPartOf":{"@id":"https:\/\/aconteceunovale.com.br\/portal\/#website"},"primaryImageOfPage":{"@id":"https:\/\/aconteceunovale.com.br\/portal\/?p=83773#primaryimage"},"image":{"@id":"https:\/\/aconteceunovale.com.br\/portal\/?p=83773#primaryimage"},"thumbnailUrl":"https:\/\/aconteceunovale.com.br\/portal\/wp-content\/uploads\/2016\/04\/facebook_ao_vivo.jpg","datePublished":"2016-04-06T21:57:38+00:00","dateModified":"2016-04-06T22:02:30+00:00","author":{"@id":"https:\/\/aconteceunovale.com.br\/portal\/#\/schema\/person\/633529146f2c94272bef50ac2953d589"},"breadcrumb":{"@id":"https:\/\/aconteceunovale.com.br\/portal\/?p=83773#breadcrumb"},"inLanguage":"pt-BR","potentialAction":[{"@type":"ReadAction","target":["https:\/\/aconteceunovale.com.br\/portal\/?p=83773"]}]},{"@type":"ImageObject","inLanguage":"pt-BR","@id":"https:\/\/aconteceunovale.com.br\/portal\/?p=83773#primaryimage","url":"https:\/\/aconteceunovale.com.br\/portal\/wp-content\/uploads\/2016\/04\/facebook_ao_vivo.jpg","contentUrl":"https:\/\/aconteceunovale.com.br\/portal\/wp-content\/uploads\/2016\/04\/facebook_ao_vivo.jpg","width":678,"height":399},{"@type":"BreadcrumbList","@id":"https:\/\/aconteceunovale.com.br\/portal\/?p=83773#breadcrumb","itemListElement":[{"@type":"ListItem","position":1,"name":"In\u00edcio","item":"https:\/\/aconteceunovale.com.br\/portal\/"},{"@type":"ListItem","position":2,"name":"Facebook libera transmiss\u00e3o ao vivo para todos os usu\u00e1rios"}]},{"@type":"WebSite","@id":"https:\/\/aconteceunovale.com.br\/portal\/#website","url":"https:\/\/aconteceunovale.com.br\/portal\/","name":"Aconteceu no Vale","description":"Portal de Not\u00edcias","potentialAction":[{"@type":"SearchAction","target":{"@type":"EntryPoint","urlTemplate":"https:\/\/aconteceunovale.com.br\/portal\/?s={search_term_string}"},"query-input":{"@type":"PropertyValueSpecification","valueRequired":true,"valueName":"search_term_string"}}],"inLanguage":"pt-BR"},{"@type":"Person","@id":"https:\/\/aconteceunovale.com.br\/portal\/#\/schema\/person\/633529146f2c94272bef50ac2953d589","name":"Aconteceu no Vale","description":"Equipe de reportagem do Aconteceu no Vale, portal de not\u00edcias do Vale do Jequitinhonha, em Minas Gerais. Cobrimos as 51 cidades do Vale desde 2013. Sugest\u00f5es de pauta e pedidos de corre\u00e7\u00e3o: contato@aconteceunovale.com.br","sameAs":["http:\/\/www.aconteceunovale.com.br"],"url":"https:\/\/aconteceunovale.com.br\/portal\/?author=1"}]}},"_links":{"self":[{"href":"https:\/\/aconteceunovale.com.br\/portal\/index.php?rest_route=\/wp\/v2\/posts\/83773","targetHints":{"allow":["GET"]}}],"collection":[{"href":"https:\/\/aconteceunovale.com.br\/portal\/index.php?rest_route=\/wp\/v2\/posts"}],"about":[{"href":"https:\/\/aconteceunovale.com.br\/portal\/index.php?rest_route=\/wp\/v2\/types\/post"}],"author":[{"embeddable":true,"href":"https:\/\/aconteceunovale.com.br\/portal\/index.php?rest_route=\/wp\/v2\/users\/1"}],"replies":[{"embeddable":true,"href":"https:\/\/aconteceunovale.com.br\/portal\/index.php?rest_route=%2Fwp%2Fv2%2Fcomments&post=83773"}],"version-history":[{"count":0,"href":"https:\/\/aconteceunovale.com.br\/portal\/index.php?rest_route=\/wp\/v2\/posts\/83773\/revisions"}],"wp:featuredmedia":[{"embeddable":true,"href":"https:\/\/aconteceunovale.com.br\/portal\/index.php?rest_route=\/wp\/v2\/media\/83774"}],"wp:attachment":[{"href":"https:\/\/aconteceunovale.com.br\/portal\/index.php?rest_route=%2Fwp%2Fv2%2Fmedia&parent=83773"}],"wp:term":[{"taxonomy":"category","embeddable":true,"href":"https:\/\/aconteceunovale.com.br\/portal\/index.php?rest_route=%2Fwp%2Fv2%2Fcategories&post=83773"},{"taxonomy":"post_tag","embeddable":true,"href":"https:\/\/aconteceunovale.com.br\/portal\/index.php?rest_route=%2Fwp%2Fv2%2Ftags&post=83773"}],"curies":[{"name":"wp","href":"https:\/\/api.w.org\/{rel}","templated":true}]}}