{"id":83768,"date":"2016-04-06T18:46:59","date_gmt":"2016-04-06T21:46:59","guid":{"rendered":"http:\/\/aconteceunovale.com.br\/portal\/?p=83768"},"modified":"2016-04-06T18:46:59","modified_gmt":"2016-04-06T21:46:59","slug":"acidente-entre-picape-e-caminhao-dos-correios-deixa-dois-feridos-no-norte-de-minas","status":"publish","type":"post","link":"https:\/\/aconteceunovale.com.br\/portal\/?p=83768","title":{"rendered":"Acidente entre picape e caminh\u00e3o dos Correios deixa dois feridos no Norte de Minas"},"content":{"rendered":"<p>O acidente entre um caminh\u00e3o e uma picape deixou duas pessoas feridas na manh\u00e3 desta quarta-feira, 6 de abril, na BR-365, na divisa entre Montes Claros e Claro dos Po\u00e7\u00f5es, na Regi\u00e3o Norte de Minas Gerais. As causas da batida ainda s\u00e3o apuradas pela Pol\u00edcia. <\/p>\n<p>De acordo com a Pol\u00edcia Rodovi\u00e1ria Federal (PRF), a ocorr\u00eancia foi registrada por volta das 8h. Um caminh\u00e3o dos Correios bateu contra um ve\u00edculo Saveiro pr\u00f3ximo ao km 37. Com o impacto, o passageiro da picape ficou preso \u00e0s ferragens. <\/p>\n<p>O Corpo de Bombeiros teve que utilizar equipamentos especiais para rebater o teto e desencarcerar a v\u00edtima, que recebeu os primeiros socorros no local e depois foi encaminhada para o hospital pelo Servi\u00e7o de Atendimento M\u00f3vel de Urg\u00eancia (Samu). A motorista do ve\u00edculo sofreu escoria\u00e7\u00f5es. J\u00e1 no caminh\u00e3o, ningu\u00e9m se feriu. <\/p>\n<p>Segundo a PRF, o tr\u00e2nsito foi interrompido em meia pista, o que causou um pequeno congestionamento.<\/p>\n<p><img decoding=\"async\" src=\"http:\/\/aconteceunovale.com.br\/portal\/wp-content\/uploads\/2016\/04\/acidente_365_cp_2.jpg\" alt=\"\" \/><em>Passageiro ficou preso \u00e0s ferragens (foto: Corpo de Bombeiros\/Divulga\u00e7\u00e3o)<\/em><br \/>\n<\/br><\/p>\n<p><img decoding=\"async\" src=\"http:\/\/aconteceunovale.com.br\/portal\/wp-content\/uploads\/2016\/04\/acidente_365_cp_1.jpg\" alt=\"\" \/><em>Passageiro ficou preso \u00e0s ferragens (foto: Corpo de Bombeiros\/Divulga\u00e7\u00e3o)<\/em><br \/>\n<\/br><\/p>\n<p>(Fonte: Estado de Minas)<\/p>\n","protected":false},"excerpt":{"rendered":"<p>O acidente entre um caminh\u00e3o e uma picape deixou duas pessoas feridas na manh\u00e3 desta quarta-feira, 6 de abril, na BR-365, na divisa entre Montes Claros e Claro dos Po\u00e7\u00f5es, na Regi\u00e3o Norte de Minas Gerais. As causas da batida ainda s\u00e3o apuradas pela Pol\u00edcia. De acordo com a Pol\u00edcia Rodovi\u00e1ria Federal (PRF), a ocorr\u00eancia [&hellip;]<\/p>\n","protected":false},"author":1,"featured_media":83770,"comment_status":"open","ping_status":"closed","sticky":false,"template":"","format":"standard","meta":{"amp_status":"","footnotes":""},"categories":[1236],"tags":[87282,87283,31358,87281,2801,210],"class_list":["post-83768","post","type-post","status-publish","format-standard","has-post-thumbnail","hentry","category-norte_de_minas","tag-acidente-caminhao-dos-correios-na-br-365","tag-acidente-caminhao-dos-correios-norte-de-minas","tag-acidente-em-claro-dos-pocoes","tag-acidente-entre-picape-e-caminhao-dos-correios-deixa-dois-feridos-no-norte-de-minas","tag-claro-dos-pocoes","tag-montes-claros"],"yoast_head":"<!-- This site is optimized with the Yoast SEO plugin v28.3 - https:\/\/yoast.com\/product\/yoast-seo-wordpress\/ -->\n<title>Acidente entre picape e caminh\u00e3o dos Correios deixa dois feridos no Norte de Minas - Aconteceu no Vale<\/title>\n<meta name=\"robots\" content=\"index, follow, max-snippet:-1, max-image-preview:large, max-video-preview:-1\" \/>\n<link rel=\"canonical\" href=\"https:\/\/aconteceunovale.com.br\/portal\/?p=83768\" \/>\n<meta property=\"og:locale\" content=\"pt_BR\" \/>\n<meta property=\"og:type\" content=\"article\" \/>\n<meta property=\"og:title\" content=\"Acidente entre picape e caminh\u00e3o dos Correios deixa dois feridos no Norte de Minas - Aconteceu no Vale\" \/>\n<meta property=\"og:description\" content=\"O acidente entre um caminh\u00e3o e uma picape deixou duas pessoas feridas na manh\u00e3 desta quarta-feira, 6 de abril, na BR-365, na divisa entre Montes Claros e Claro dos Po\u00e7\u00f5es, na Regi\u00e3o Norte de Minas Gerais. As causas da batida ainda s\u00e3o apuradas pela Pol\u00edcia. De acordo com a Pol\u00edcia Rodovi\u00e1ria Federal (PRF), a ocorr\u00eancia [&hellip;]\" \/>\n<meta property=\"og:url\" content=\"https:\/\/aconteceunovale.com.br\/portal\/?p=83768\" \/>\n<meta property=\"og:site_name\" content=\"Aconteceu no Vale\" \/>\n<meta property=\"article:publisher\" content=\"https:\/\/www.facebook.com\/aconteceunovale\/\" \/>\n<meta property=\"article:published_time\" content=\"2016-04-06T21:46:59+00:00\" \/>\n<meta property=\"og:image\" content=\"https:\/\/aconteceunovale.com.br\/portal\/wp-content\/uploads\/2016\/04\/acidente_365_cp_2.jpg\" \/>\n\t<meta property=\"og:image:width\" content=\"678\" \/>\n\t<meta property=\"og:image:height\" content=\"381\" \/>\n\t<meta property=\"og:image:type\" content=\"image\/jpeg\" \/>\n<meta name=\"author\" content=\"Aconteceu no Vale\" \/>\n<meta name=\"twitter:card\" content=\"summary_large_image\" \/>\n<meta name=\"twitter:creator\" content=\"@noticiadosvales\" \/>\n<meta name=\"twitter:site\" content=\"@noticiadosvales\" \/>\n<meta name=\"twitter:label1\" content=\"Escrito por\" \/>\n\t<meta name=\"twitter:data1\" content=\"Aconteceu no Vale\" \/>\n\t<meta name=\"twitter:label2\" content=\"Est. tempo de leitura\" \/>\n\t<meta name=\"twitter:data2\" content=\"1 minuto\" \/>\n<script type=\"application\/ld+json\" class=\"yoast-schema-graph\">{\"@context\":\"https:\\\/\\\/schema.org\",\"@graph\":[{\"@type\":\"Article\",\"@id\":\"https:\\\/\\\/aconteceunovale.com.br\\\/portal\\\/?p=83768#article\",\"isPartOf\":{\"@id\":\"https:\\\/\\\/aconteceunovale.com.br\\\/portal\\\/?p=83768\"},\"author\":{\"name\":\"Aconteceu no Vale\",\"@id\":\"https:\\\/\\\/aconteceunovale.com.br\\\/portal\\\/#\\\/schema\\\/person\\\/633529146f2c94272bef50ac2953d589\"},\"headline\":\"Acidente entre picape e caminh\u00e3o dos Correios deixa dois feridos no Norte de Minas\",\"datePublished\":\"2016-04-06T21:46:59+00:00\",\"mainEntityOfPage\":{\"@id\":\"https:\\\/\\\/aconteceunovale.com.br\\\/portal\\\/?p=83768\"},\"wordCount\":211,\"commentCount\":0,\"image\":{\"@id\":\"https:\\\/\\\/aconteceunovale.com.br\\\/portal\\\/?p=83768#primaryimage\"},\"thumbnailUrl\":\"https:\\\/\\\/aconteceunovale.com.br\\\/portal\\\/wp-content\\\/uploads\\\/2016\\\/04\\\/acidente_365_cp_2.jpg\",\"keywords\":[\"Acidente caminh\u00e3o dos correios na br 365\",\"acidente caminh\u00e3o dos correios norte de minas\",\"acidente em claro dos po\u00e7\u00f5es\",\"Acidente entre picape e caminh\u00e3o dos Correios deixa dois feridos no Norte de Minas\",\"Claro dos Po\u00e7\u00f5es\",\"Montes Claros\"],\"articleSection\":[\"Norte de Minas\"],\"inLanguage\":\"pt-BR\",\"potentialAction\":[{\"@type\":\"CommentAction\",\"name\":\"Comment\",\"target\":[\"https:\\\/\\\/aconteceunovale.com.br\\\/portal\\\/?p=83768#respond\"]}]},{\"@type\":\"WebPage\",\"@id\":\"https:\\\/\\\/aconteceunovale.com.br\\\/portal\\\/?p=83768\",\"url\":\"https:\\\/\\\/aconteceunovale.com.br\\\/portal\\\/?p=83768\",\"name\":\"Acidente entre picape e caminh\u00e3o dos Correios deixa dois feridos no Norte de Minas - Aconteceu no Vale\",\"isPartOf\":{\"@id\":\"https:\\\/\\\/aconteceunovale.com.br\\\/portal\\\/#website\"},\"primaryImageOfPage\":{\"@id\":\"https:\\\/\\\/aconteceunovale.com.br\\\/portal\\\/?p=83768#primaryimage\"},\"image\":{\"@id\":\"https:\\\/\\\/aconteceunovale.com.br\\\/portal\\\/?p=83768#primaryimage\"},\"thumbnailUrl\":\"https:\\\/\\\/aconteceunovale.com.br\\\/portal\\\/wp-content\\\/uploads\\\/2016\\\/04\\\/acidente_365_cp_2.jpg\",\"datePublished\":\"2016-04-06T21:46:59+00:00\",\"author\":{\"@id\":\"https:\\\/\\\/aconteceunovale.com.br\\\/portal\\\/#\\\/schema\\\/person\\\/633529146f2c94272bef50ac2953d589\"},\"breadcrumb\":{\"@id\":\"https:\\\/\\\/aconteceunovale.com.br\\\/portal\\\/?p=83768#breadcrumb\"},\"inLanguage\":\"pt-BR\",\"potentialAction\":[{\"@type\":\"ReadAction\",\"target\":[\"https:\\\/\\\/aconteceunovale.com.br\\\/portal\\\/?p=83768\"]}]},{\"@type\":\"ImageObject\",\"inLanguage\":\"pt-BR\",\"@id\":\"https:\\\/\\\/aconteceunovale.com.br\\\/portal\\\/?p=83768#primaryimage\",\"url\":\"https:\\\/\\\/aconteceunovale.com.br\\\/portal\\\/wp-content\\\/uploads\\\/2016\\\/04\\\/acidente_365_cp_2.jpg\",\"contentUrl\":\"https:\\\/\\\/aconteceunovale.com.br\\\/portal\\\/wp-content\\\/uploads\\\/2016\\\/04\\\/acidente_365_cp_2.jpg\",\"width\":678,\"height\":381},{\"@type\":\"BreadcrumbList\",\"@id\":\"https:\\\/\\\/aconteceunovale.com.br\\\/portal\\\/?p=83768#breadcrumb\",\"itemListElement\":[{\"@type\":\"ListItem\",\"position\":1,\"name\":\"In\u00edcio\",\"item\":\"https:\\\/\\\/aconteceunovale.com.br\\\/portal\\\/\"},{\"@type\":\"ListItem\",\"position\":2,\"name\":\"Acidente entre picape e caminh\u00e3o dos Correios deixa dois feridos no Norte de Minas\"}]},{\"@type\":\"WebSite\",\"@id\":\"https:\\\/\\\/aconteceunovale.com.br\\\/portal\\\/#website\",\"url\":\"https:\\\/\\\/aconteceunovale.com.br\\\/portal\\\/\",\"name\":\"Aconteceu no Vale\",\"description\":\"Portal de Not\u00edcias\",\"potentialAction\":[{\"@type\":\"SearchAction\",\"target\":{\"@type\":\"EntryPoint\",\"urlTemplate\":\"https:\\\/\\\/aconteceunovale.com.br\\\/portal\\\/?s={search_term_string}\"},\"query-input\":{\"@type\":\"PropertyValueSpecification\",\"valueRequired\":true,\"valueName\":\"search_term_string\"}}],\"inLanguage\":\"pt-BR\"},{\"@type\":\"Person\",\"@id\":\"https:\\\/\\\/aconteceunovale.com.br\\\/portal\\\/#\\\/schema\\\/person\\\/633529146f2c94272bef50ac2953d589\",\"name\":\"Aconteceu no Vale\",\"description\":\"Equipe de reportagem do Aconteceu no Vale, portal de not\u00edcias do Vale do Jequitinhonha, em Minas Gerais. Cobrimos as 51 cidades do Vale desde 2013. Sugest\u00f5es de pauta e pedidos de corre\u00e7\u00e3o: contato@aconteceunovale.com.br\",\"sameAs\":[\"http:\\\/\\\/www.aconteceunovale.com.br\"],\"url\":\"https:\\\/\\\/aconteceunovale.com.br\\\/portal\\\/?author=1\"}]}<\/script>\n<!-- \/ Yoast SEO plugin. -->","yoast_head_json":{"title":"Acidente entre picape e caminh\u00e3o dos Correios deixa dois feridos no Norte de Minas - Aconteceu no Vale","robots":{"index":"index","follow":"follow","max-snippet":"max-snippet:-1","max-image-preview":"max-image-preview:large","max-video-preview":"max-video-preview:-1"},"canonical":"https:\/\/aconteceunovale.com.br\/portal\/?p=83768","og_locale":"pt_BR","og_type":"article","og_title":"Acidente entre picape e caminh\u00e3o dos Correios deixa dois feridos no Norte de Minas - Aconteceu no Vale","og_description":"O acidente entre um caminh\u00e3o e uma picape deixou duas pessoas feridas na manh\u00e3 desta quarta-feira, 6 de abril, na BR-365, na divisa entre Montes Claros e Claro dos Po\u00e7\u00f5es, na Regi\u00e3o Norte de Minas Gerais. As causas da batida ainda s\u00e3o apuradas pela Pol\u00edcia. De acordo com a Pol\u00edcia Rodovi\u00e1ria Federal (PRF), a ocorr\u00eancia [&hellip;]","og_url":"https:\/\/aconteceunovale.com.br\/portal\/?p=83768","og_site_name":"Aconteceu no Vale","article_publisher":"https:\/\/www.facebook.com\/aconteceunovale\/","article_published_time":"2016-04-06T21:46:59+00:00","og_image":[{"width":678,"height":381,"url":"https:\/\/aconteceunovale.com.br\/portal\/wp-content\/uploads\/2016\/04\/acidente_365_cp_2.jpg","type":"image\/jpeg"}],"author":"Aconteceu no Vale","twitter_card":"summary_large_image","twitter_creator":"@noticiadosvales","twitter_site":"@noticiadosvales","twitter_misc":{"Escrito por":"Aconteceu no Vale","Est. tempo de leitura":"1 minuto"},"schema":{"@context":"https:\/\/schema.org","@graph":[{"@type":"Article","@id":"https:\/\/aconteceunovale.com.br\/portal\/?p=83768#article","isPartOf":{"@id":"https:\/\/aconteceunovale.com.br\/portal\/?p=83768"},"author":{"name":"Aconteceu no Vale","@id":"https:\/\/aconteceunovale.com.br\/portal\/#\/schema\/person\/633529146f2c94272bef50ac2953d589"},"headline":"Acidente entre picape e caminh\u00e3o dos Correios deixa dois feridos no Norte de Minas","datePublished":"2016-04-06T21:46:59+00:00","mainEntityOfPage":{"@id":"https:\/\/aconteceunovale.com.br\/portal\/?p=83768"},"wordCount":211,"commentCount":0,"image":{"@id":"https:\/\/aconteceunovale.com.br\/portal\/?p=83768#primaryimage"},"thumbnailUrl":"https:\/\/aconteceunovale.com.br\/portal\/wp-content\/uploads\/2016\/04\/acidente_365_cp_2.jpg","keywords":["Acidente caminh\u00e3o dos correios na br 365","acidente caminh\u00e3o dos correios norte de minas","acidente em claro dos po\u00e7\u00f5es","Acidente entre picape e caminh\u00e3o dos Correios deixa dois feridos no Norte de Minas","Claro dos Po\u00e7\u00f5es","Montes Claros"],"articleSection":["Norte de Minas"],"inLanguage":"pt-BR","potentialAction":[{"@type":"CommentAction","name":"Comment","target":["https:\/\/aconteceunovale.com.br\/portal\/?p=83768#respond"]}]},{"@type":"WebPage","@id":"https:\/\/aconteceunovale.com.br\/portal\/?p=83768","url":"https:\/\/aconteceunovale.com.br\/portal\/?p=83768","name":"Acidente entre picape e caminh\u00e3o dos Correios deixa dois feridos no Norte de Minas - Aconteceu no Vale","isPartOf":{"@id":"https:\/\/aconteceunovale.com.br\/portal\/#website"},"primaryImageOfPage":{"@id":"https:\/\/aconteceunovale.com.br\/portal\/?p=83768#primaryimage"},"image":{"@id":"https:\/\/aconteceunovale.com.br\/portal\/?p=83768#primaryimage"},"thumbnailUrl":"https:\/\/aconteceunovale.com.br\/portal\/wp-content\/uploads\/2016\/04\/acidente_365_cp_2.jpg","datePublished":"2016-04-06T21:46:59+00:00","author":{"@id":"https:\/\/aconteceunovale.com.br\/portal\/#\/schema\/person\/633529146f2c94272bef50ac2953d589"},"breadcrumb":{"@id":"https:\/\/aconteceunovale.com.br\/portal\/?p=83768#breadcrumb"},"inLanguage":"pt-BR","potentialAction":[{"@type":"ReadAction","target":["https:\/\/aconteceunovale.com.br\/portal\/?p=83768"]}]},{"@type":"ImageObject","inLanguage":"pt-BR","@id":"https:\/\/aconteceunovale.com.br\/portal\/?p=83768#primaryimage","url":"https:\/\/aconteceunovale.com.br\/portal\/wp-content\/uploads\/2016\/04\/acidente_365_cp_2.jpg","contentUrl":"https:\/\/aconteceunovale.com.br\/portal\/wp-content\/uploads\/2016\/04\/acidente_365_cp_2.jpg","width":678,"height":381},{"@type":"BreadcrumbList","@id":"https:\/\/aconteceunovale.com.br\/portal\/?p=83768#breadcrumb","itemListElement":[{"@type":"ListItem","position":1,"name":"In\u00edcio","item":"https:\/\/aconteceunovale.com.br\/portal\/"},{"@type":"ListItem","position":2,"name":"Acidente entre picape e caminh\u00e3o dos Correios deixa dois feridos no Norte de Minas"}]},{"@type":"WebSite","@id":"https:\/\/aconteceunovale.com.br\/portal\/#website","url":"https:\/\/aconteceunovale.com.br\/portal\/","name":"Aconteceu no Vale","description":"Portal de Not\u00edcias","potentialAction":[{"@type":"SearchAction","target":{"@type":"EntryPoint","urlTemplate":"https:\/\/aconteceunovale.com.br\/portal\/?s={search_term_string}"},"query-input":{"@type":"PropertyValueSpecification","valueRequired":true,"valueName":"search_term_string"}}],"inLanguage":"pt-BR"},{"@type":"Person","@id":"https:\/\/aconteceunovale.com.br\/portal\/#\/schema\/person\/633529146f2c94272bef50ac2953d589","name":"Aconteceu no Vale","description":"Equipe de reportagem do Aconteceu no Vale, portal de not\u00edcias do Vale do Jequitinhonha, em Minas Gerais. Cobrimos as 51 cidades do Vale desde 2013. Sugest\u00f5es de pauta e pedidos de corre\u00e7\u00e3o: contato@aconteceunovale.com.br","sameAs":["http:\/\/www.aconteceunovale.com.br"],"url":"https:\/\/aconteceunovale.com.br\/portal\/?author=1"}]}},"_links":{"self":[{"href":"https:\/\/aconteceunovale.com.br\/portal\/index.php?rest_route=\/wp\/v2\/posts\/83768","targetHints":{"allow":["GET"]}}],"collection":[{"href":"https:\/\/aconteceunovale.com.br\/portal\/index.php?rest_route=\/wp\/v2\/posts"}],"about":[{"href":"https:\/\/aconteceunovale.com.br\/portal\/index.php?rest_route=\/wp\/v2\/types\/post"}],"author":[{"embeddable":true,"href":"https:\/\/aconteceunovale.com.br\/portal\/index.php?rest_route=\/wp\/v2\/users\/1"}],"replies":[{"embeddable":true,"href":"https:\/\/aconteceunovale.com.br\/portal\/index.php?rest_route=%2Fwp%2Fv2%2Fcomments&post=83768"}],"version-history":[{"count":0,"href":"https:\/\/aconteceunovale.com.br\/portal\/index.php?rest_route=\/wp\/v2\/posts\/83768\/revisions"}],"wp:featuredmedia":[{"embeddable":true,"href":"https:\/\/aconteceunovale.com.br\/portal\/index.php?rest_route=\/wp\/v2\/media\/83770"}],"wp:attachment":[{"href":"https:\/\/aconteceunovale.com.br\/portal\/index.php?rest_route=%2Fwp%2Fv2%2Fmedia&parent=83768"}],"wp:term":[{"taxonomy":"category","embeddable":true,"href":"https:\/\/aconteceunovale.com.br\/portal\/index.php?rest_route=%2Fwp%2Fv2%2Fcategories&post=83768"},{"taxonomy":"post_tag","embeddable":true,"href":"https:\/\/aconteceunovale.com.br\/portal\/index.php?rest_route=%2Fwp%2Fv2%2Ftags&post=83768"}],"curies":[{"name":"wp","href":"https:\/\/api.w.org\/{rel}","templated":true}]}}