{"id":83670,"date":"2016-04-05T17:15:24","date_gmt":"2016-04-05T20:15:24","guid":{"rendered":"http:\/\/aconteceunovale.com.br\/portal\/?p=83670"},"modified":"2016-04-05T17:15:24","modified_gmt":"2016-04-05T20:15:24","slug":"norte-e-noroeste-de-minas-elegem-representante-para-o-concurso-miss-prisional-2016","status":"publish","type":"post","link":"https:\/\/aconteceunovale.com.br\/portal\/?p=83670","title":{"rendered":"Norte e Noroeste de Minas elegem representante para o Concurso Miss Prisional 2016"},"content":{"rendered":"<p>Uma manh\u00e3 inteira de cuidados com direito a manicure, cabeleireiros e maquiadores. Depois, hora de trocar o uniforme da Subsecretaria de Administra\u00e7\u00e3o Prisional (Suapi) por vestidos de festa e desfilar na passarela. Foi assim a ter\u00e7a-feira (5\/4) de seis detentas das cidades de Montes Claros, Pirapora e Una\u00ed, que concorreram ao t\u00edtulo de Miss Prisional Norte e Noroeste de Minas. N\u00fabia Rayane Fonseca da Silva, de 22 anos, foi a grande vencedora desta etapa e vai representar as regi\u00f5es na grande final, em junho, em Belo Horizonte.<\/p>\n<p>N\u00fabia cumpre pena no Pres\u00eddio Alvorada, em Montes Claros, h\u00e1 tr\u00eas anos e dez meses e viu no concurso uma oportunidade de se sentir mais valorizada. \u201cEstar aqui e poder olhar as pessoas de igual para igual \u00e9 muito importante para a gente, para a nossa autoestima. Isso demonstra que podemos ser feliz independente do lugar em que estivermos\u201d, disse, emocionada, ap\u00f3s o an\u00fancio do resultado.<\/p>\n<p>As seis concorrentes desfilaram para um j\u00fari composto por promotores, defensores p\u00fablicos, representantes da Pastoral Carcer\u00e1ria e funcion\u00e1rios de unidades prisionais. Durante o desfile os jurados avaliaram os quesitos beleza, simpatia, postura, corpo, rosto e desenvoltura. Mais que um concurso que destaca a beleza das recuperandas em Minas, o Miss Prisional e suas etapas regionais t\u00eam como objetivo resgatar a autoestima das mulheres privadas de liberdade, humanizar o cumprimento da pena e promover a ressocializa\u00e7\u00e3o.<\/p>\n<p>O diretor refer\u00eancia da regi\u00e3o Norte da Suapi e diretor geral do Pres\u00eddio Alvorada, Neemias Moreira dos Santos, ressalta que eventos como este s\u00e3o de grande import\u00e2ncia no processo de ressocializa\u00e7\u00e3o das custodiadas. \u201c\u00c9 nossa responsabilidade resgatar a autoestima dessas mulheres, ajud\u00e1-las a valorizar a liberdade para que elas voltem pessoas melhores para a sociedade\u201d, salientou.<\/p>\n<p><img decoding=\"async\" src=\"http:\/\/aconteceunovale.com.br\/portal\/wp-content\/uploads\/2016\/04\/CAP_9220.jpg\" alt=\"\" \/><em>As concorrentes desfilaram para um j\u00fari composto por promotores, defensores p\u00fablicos, representantes da Pastoral Carcer\u00e1ria e funcion\u00e1rios de unidades prisionais (Foto: Carlos Alberto\/Imprensa-MG)<\/em><br \/>\n<\/br><\/p>\n<p><strong>2\u00ba e 3\u00ba lugares<\/strong><\/p>\n<p>Paloma Caetano de Jesus, 23 anos, conquistou o segundo lugar na seletiva. Ela tamb\u00e9m cumpre pena no Pres\u00eddio Alvorada, em Montes Claros. O terceiro lugar ficou com D\u00e9bora Oliveira Dias, 27 anos, do Pres\u00eddio de Una\u00ed.<\/p>\n<p>Juraci Caetano de Jesus, m\u00e3e de Paloma, presa que ficou com o segundo lugar, assistiu emocionada ao desfile da filha e estava feliz pela oportunidade de estarem juntas, mesmo que por pouco tempo. \u201cEstar aqui hoje, a vendo t\u00e3o bonita e sendo aplaudida pelas pessoas \u00e9 um orgulho. Tenho certeza que esse tipo de evento a ajuda a erguer a cabe\u00e7a para sair da pris\u00e3o uma pessoa melhor\u201d afirmou.<\/p>\n<p><strong>As seletivas<\/strong><\/p>\n<p>Antes de chegar \u00e0 etapa regional, as presas passaram por uma pr\u00e9-sele\u00e7\u00e3o nas unidades de origem. Para participar, elas devem ter at\u00e9 40 anos de idade, trabalhar ou estudar, e ter bom comportamento.<\/p>\n<p>Al\u00e9m do Norte e Noroeste, tamb\u00e9m j\u00e1 realizaram suas seletivas as regi\u00f5es do Tri\u00e2ngulo Mineiro, Sul de Minas, Centro Oeste, Vale do Rio Doce e Vale do A\u00e7o. As pr\u00f3ximas etapas acontecer\u00e3o na Zona da Mata e na Regi\u00e3o Metropolitana de Belo Horizonte, respectivamente. Em junho, as vencedoras de cada regi\u00e3o ir\u00e3o concorrer ao t\u00edtulo de Miss Prisional 2016, durante evento no p\u00e1tio de banho de sol do Complexo Penitenci\u00e1rio Estev\u00e3o Pinto, em Belo Horizonte. (Ag\u00eancia Minas)<\/p>\n","protected":false},"excerpt":{"rendered":"<p>Uma manh\u00e3 inteira de cuidados com direito a manicure, cabeleireiros e maquiadores. Depois, hora de trocar o uniforme da Subsecretaria de Administra\u00e7\u00e3o Prisional (Suapi) por vestidos de festa e desfilar na passarela. Foi assim a ter\u00e7a-feira (5\/4) de seis detentas das cidades de Montes Claros, Pirapora e Una\u00ed, que concorreram ao t\u00edtulo de Miss Prisional [&hellip;]<\/p>\n","protected":false},"author":1,"featured_media":83671,"comment_status":"open","ping_status":"closed","sticky":false,"template":"","format":"standard","meta":{"amp_status":"","footnotes":""},"categories":[1236],"tags":[87068,87070,84262,87077,87074,82658,87072,210,87075,87067,87073,87076,254,43041,87078,87069,87071,222],"class_list":["post-83670","post","type-post","status-publish","format-standard","has-post-thumbnail","hentry","category-norte_de_minas","tag-candidatas-concurso-miss-prisional-2016","tag-candidatas-miss-prisional-2016","tag-concurso-miss-prisional-2016","tag-debora-oliveira-dias","tag-diretor-geral-do-presidio-alvorada","tag-miss-prisional-2016","tag-miss-prisional-norte-e-noroeste-de-minas","tag-montes-claros","tag-neemias-moreira-dos-santos","tag-norte-e-noroeste-de-minas-elegem-representante-para-o-concurso-miss-prisional-2016","tag-nubia-rayane-fonseca-da-silva","tag-paloma-caetano-de-jesus","tag-pirapora","tag-presidio-alvorada","tag-presidio-de-unai","tag-representante-concurso-miss-prisional-2016","tag-representante-miss-prisional-2016","tag-unai"],"_links":{"self":[{"href":"https:\/\/aconteceunovale.com.br\/portal\/index.php?rest_route=\/wp\/v2\/posts\/83670","targetHints":{"allow":["GET"]}}],"collection":[{"href":"https:\/\/aconteceunovale.com.br\/portal\/index.php?rest_route=\/wp\/v2\/posts"}],"about":[{"href":"https:\/\/aconteceunovale.com.br\/portal\/index.php?rest_route=\/wp\/v2\/types\/post"}],"author":[{"embeddable":true,"href":"https:\/\/aconteceunovale.com.br\/portal\/index.php?rest_route=\/wp\/v2\/users\/1"}],"replies":[{"embeddable":true,"href":"https:\/\/aconteceunovale.com.br\/portal\/index.php?rest_route=%2Fwp%2Fv2%2Fcomments&post=83670"}],"version-history":[{"count":0,"href":"https:\/\/aconteceunovale.com.br\/portal\/index.php?rest_route=\/wp\/v2\/posts\/83670\/revisions"}],"wp:featuredmedia":[{"embeddable":true,"href":"https:\/\/aconteceunovale.com.br\/portal\/index.php?rest_route=\/wp\/v2\/media\/83671"}],"wp:attachment":[{"href":"https:\/\/aconteceunovale.com.br\/portal\/index.php?rest_route=%2Fwp%2Fv2%2Fmedia&parent=83670"}],"wp:term":[{"taxonomy":"category","embeddable":true,"href":"https:\/\/aconteceunovale.com.br\/portal\/index.php?rest_route=%2Fwp%2Fv2%2Fcategories&post=83670"},{"taxonomy":"post_tag","embeddable":true,"href":"https:\/\/aconteceunovale.com.br\/portal\/index.php?rest_route=%2Fwp%2Fv2%2Ftags&post=83670"}],"curies":[{"name":"wp","href":"https:\/\/api.w.org\/{rel}","templated":true}]}}