{"id":83667,"date":"2016-04-05T11:16:19","date_gmt":"2016-04-05T14:16:19","guid":{"rendered":"http:\/\/aconteceunovale.com.br\/portal\/?p=83667"},"modified":"2016-04-05T11:16:19","modified_gmt":"2016-04-05T14:16:19","slug":"principio-de-incendio-assusta-funcionarios-de-clinica-em-montes-claros","status":"publish","type":"post","link":"https:\/\/aconteceunovale.com.br\/portal\/?p=83667","title":{"rendered":"Princ\u00edpio de inc\u00eandio assusta funcion\u00e1rios de cl\u00ednica em Montes Claros"},"content":{"rendered":"<p>Um princ\u00edpio inc\u00eandio assustou funcion\u00e1rios de uma cl\u00ednica de fisioterapia, em Montes Claros, Regi\u00e3o Norte de Minas, na tarde dessa segunda-feira (4\/4). A ocorr\u00eancia foi registrada na Rua S\u00e3o Jo\u00e3o, 25, no Bairro Todos os Santos. <\/p>\n<p>De acordo com o Corpo de Bombeiros, a fia\u00e7\u00e3o de equipamentos sofreu um curto-circuito. As chamas atingiram cabos de um computador, impressora, internet, al\u00e9m do port\u00e3o eletr\u00f4nico. As paredes tamb\u00e9m foram danificadas pela fuma\u00e7a. <\/p>\n<p>Os bombeiros desligaram a energia, apagaram o fogo e orientaram os funcion\u00e1rios. Ningu\u00e9m se feriu.<\/p>\n<p><img decoding=\"async\" src=\"http:\/\/aconteceunovale.com.br\/portal\/wp-content\/uploads\/2016\/04\/incendio_moc.jpg\" alt=\"\" \/><em>Fogo foi causado por curto circuito (Foto: Divulga\u00e7\u00e3o \/ Bombeiros)<\/em><\/p>\n","protected":false},"excerpt":{"rendered":"<p>Um princ\u00edpio inc\u00eandio assustou funcion\u00e1rios de uma cl\u00ednica de fisioterapia, em Montes Claros, Regi\u00e3o Norte de Minas, na tarde dessa segunda-feira (4\/4). A ocorr\u00eancia foi registrada na Rua S\u00e3o Jo\u00e3o, 25, no Bairro Todos os Santos. De acordo com o Corpo de Bombeiros, a fia\u00e7\u00e3o de equipamentos sofreu um curto-circuito. As chamas atingiram cabos de [&hellip;]<\/p>\n","protected":false},"author":1,"featured_media":83668,"comment_status":"open","ping_status":"closed","sticky":false,"template":"","format":"standard","meta":{"amp_status":"","footnotes":""},"categories":[1236],"tags":[87066,71004,210,87065],"class_list":["post-83667","post","type-post","status-publish","format-standard","has-post-thumbnail","hentry","category-norte_de_minas","tag-incendio-em-clinica-de-montes-claros","tag-incendio-montes-claros","tag-montes-claros","tag-principio-de-incendio-assusta-funcionarios-de-clinica-em-montes-claros"],"_links":{"self":[{"href":"https:\/\/aconteceunovale.com.br\/portal\/index.php?rest_route=\/wp\/v2\/posts\/83667","targetHints":{"allow":["GET"]}}],"collection":[{"href":"https:\/\/aconteceunovale.com.br\/portal\/index.php?rest_route=\/wp\/v2\/posts"}],"about":[{"href":"https:\/\/aconteceunovale.com.br\/portal\/index.php?rest_route=\/wp\/v2\/types\/post"}],"author":[{"embeddable":true,"href":"https:\/\/aconteceunovale.com.br\/portal\/index.php?rest_route=\/wp\/v2\/users\/1"}],"replies":[{"embeddable":true,"href":"https:\/\/aconteceunovale.com.br\/portal\/index.php?rest_route=%2Fwp%2Fv2%2Fcomments&post=83667"}],"version-history":[{"count":0,"href":"https:\/\/aconteceunovale.com.br\/portal\/index.php?rest_route=\/wp\/v2\/posts\/83667\/revisions"}],"wp:featuredmedia":[{"embeddable":true,"href":"https:\/\/aconteceunovale.com.br\/portal\/index.php?rest_route=\/wp\/v2\/media\/83668"}],"wp:attachment":[{"href":"https:\/\/aconteceunovale.com.br\/portal\/index.php?rest_route=%2Fwp%2Fv2%2Fmedia&parent=83667"}],"wp:term":[{"taxonomy":"category","embeddable":true,"href":"https:\/\/aconteceunovale.com.br\/portal\/index.php?rest_route=%2Fwp%2Fv2%2Fcategories&post=83667"},{"taxonomy":"post_tag","embeddable":true,"href":"https:\/\/aconteceunovale.com.br\/portal\/index.php?rest_route=%2Fwp%2Fv2%2Ftags&post=83667"}],"curies":[{"name":"wp","href":"https:\/\/api.w.org\/{rel}","templated":true}]}}