{"id":83653,"date":"2016-04-05T10:37:25","date_gmt":"2016-04-05T13:37:25","guid":{"rendered":"http:\/\/aconteceunovale.com.br\/portal\/?p=83653"},"modified":"2016-04-05T10:37:25","modified_gmt":"2016-04-05T13:37:25","slug":"consumo-menor-contribui-para-adocao-de-bandeira-verde-nas-contas-de-energia-eletrica","status":"publish","type":"post","link":"https:\/\/aconteceunovale.com.br\/portal\/?p=83653","title":{"rendered":"Consumo menor contribui para ado\u00e7\u00e3o de bandeira verde nas contas de energia el\u00e9trica"},"content":{"rendered":"<p>A redu\u00e7\u00e3o do consumo de energia, principalmente pelas ind\u00fastrias, foi um dos fatores que contribu\u00edram para a decis\u00e3o do governo de adotar a bandeira tarif\u00e1ria verde nas contas de luz neste m\u00eas, o que significa que n\u00e3o h\u00e1 cobran\u00e7a extra na tarifa. Isso porque com menos demanda, n\u00e3o \u00e9 preciso acionar as termel\u00e9tricas, que produzem energia mais cara que as usinas hidrel\u00e9tricas, por exemplo.<\/p>\n<p>Segundo a Ag\u00eancia Nacional de Energia El\u00e9trica (Aneel), a ado\u00e7\u00e3o da bandeira verde foi definida levando em conta tr\u00eas fatores: o aumento de energia dispon\u00edvel com a redu\u00e7\u00e3o da demanda, a adi\u00e7\u00e3o de novas usinas ao sistema el\u00e9trico brasileiro e o aumento das chuvas no per\u00edodo \u00famido, que fez com que o n\u00edvel dos reservat\u00f3rios das hidrel\u00e9tricas ficasse maior. O n\u00edvel dos reservat\u00f3rios das regi\u00f5es Sudeste e Centro-Oeste, que concentram cerca de 70% da capacidade de armazenamento do pa\u00eds, est\u00e1 atualmente em 58,6%, bem acima dos 33,54% registrados em abril do ano passado.<\/p>\n<p>O professor Gilberto Jannuzzi, do Departamento de Energia da Unicamp, diz que os reservat\u00f3rios est\u00e3o em melhor situa\u00e7\u00e3o que anteriormente, mas, segundo ele, n\u00e3o se pode deixar de mencionar a forte queda da demanda de eletricidade no pa\u00eds. \u201cEsse equil\u00edbrio entre oferta e demanda \u00e9 que interessa discutir. Reduzir a discuss\u00e3o apenas para dizer que os reservat\u00f3rios est\u00e3o mais cheios \u00e9 desconhecer como funciona um sistema el\u00e9trico\u201d.<\/p>\n<p>O consumo de energia el\u00e9trica no Brasil caiu 5,1% em fevereiro em rela\u00e7\u00e3o ao mesmo m\u00eas do ano passado. De acordo com a Empresa de Pesquisa Energ\u00e9tica (EPE), a redu\u00e7\u00e3o foi puxada pela demanda do setor industrial, que caiu 7,2% no per\u00edodo. O consumo residencial fechou fevereiro com queda de 3,2%. Na avalia\u00e7\u00e3o da EPE, o quadro de cr\u00e9dito restritivo, al\u00e9m da perspectiva de aumento do desemprego e retra\u00e7\u00e3o da renda, tem levado o consumidor a adotar um comportamento mais cauteloso.<\/p>\n<p>Januzzi lembra que o consumo de eletricidade \u00e9 um term\u00f4metro extremamente importante para aferir como anda a economia do pa\u00eds. \u201cO primeiro setor a demonstrar isso foi o industrial, que vem reduzindo o consumo h\u00e1 dois anos pelo menos\u201d. Segundo ele, a redu\u00e7\u00e3o do consumo residencial tamb\u00e9m deve ser levada em conta. \u201cO setor residencial em per\u00edodos de crise abriga muito da economia informal e chega inclusive a apresentar pequeno aumento do consumo de eletricidade em per\u00edodos de recess\u00e3o. Nem isso est\u00e1 acontecendo agora, e devemos buscar explica\u00e7\u00f5es em nossas pesquisas\u201d.<\/p>\n<p>Para o professor Nivalde de Castro, coordenador do Grupo de Estudos do Setor El\u00e9trico (Gesel) da Universidade Federal do Rio de Janeiro (UFRJ), o principal fator para a decis\u00e3o do governo de adotar a bandeira verde neste m\u00eas foi o aumento do n\u00edvel dos reservat\u00f3rios das hidrel\u00e9tricas, Ele ressalta, no entanto, que a redu\u00e7\u00e3o do consumo de energia do setor industrial tamb\u00e9m contribuiu para essa reserva ficar alta. \u201cEnt\u00e3o, ajudou na tomada de decis\u00e3o do governo [a redu\u00e7\u00e3o do consumo industrial]. Mas [o principal motivo \u00e9 que] est\u00e1 chovendo muito, os reservat\u00f3rios est\u00e3o cheios, ent\u00e3o o governo resolveu dar um al\u00edvio nas tarifas\u201d, diz.<\/p>\n<p>Castro alerta que nos pr\u00f3ximos meses come\u00e7a o per\u00edodo de seca na maior parte do pa\u00eds e, se n\u00e3o chover, o governo poder\u00e1 acionar novamente as bandeiras tarif\u00e1rias amarela ou vermelha para manter o equil\u00edbrio financeiro das distribuidoras. \u201cIsso pode acontecer e vai depender do n\u00edvel dos reservat\u00f3rios, da seguran\u00e7a. A partir de maio, historicamente chove menos. Tem que ter uma reserva de energia para o ano que vem\u201d, acrescenta.<\/p>\n<p>\u201cEst\u00e1 t\u00e3o baixo o consumo industrial que a energia est\u00e1 sobrando\u201d, afirma o presidente da Associa\u00e7\u00e3o Brasileira das Empresas de Servi\u00e7os de Conserva\u00e7\u00e3o de Energia (Abesco), Alexandre Moana. De acordo com Moana, o governo poder\u00e1 manter a bandeira verde at\u00e9 que haja uma retomada da economia. \u201cSe o Brasil voltar a crescer, as t\u00e9rmicas v\u00e3o ser demandadas no primeiro momento. Mas estamos em uma paralisia produtiva no pa\u00eds\u201d.<\/p>\n<p>O sistema de bandeiras tarif\u00e1rias foi adotado em janeiro de 2015, como forma de recompor os gastos extras das distribuidoras com a compra de energia de usinas termel\u00e9tricas. No primeiro ano de vig\u00eancia, a bandeira adotada foi a vermelha, com cobran\u00e7a extra de R$ 4,50 a cada 100 quilowatts-hora consumidos. Em mar\u00e7o, a bandeira foi amarela, com taxa de R$ 1,50 a cada 100 kWh. Em abril, a bandeira \u00e9 a verde, sem cobran\u00e7a extra na conta de luz.<\/p>\n<p><em>(Ag\u00eancia Brasil)<\/em><\/p>\n","protected":false},"excerpt":{"rendered":"<p>A redu\u00e7\u00e3o do consumo de energia, principalmente pelas ind\u00fastrias, foi um dos fatores que contribu\u00edram para a decis\u00e3o do governo de adotar a bandeira tarif\u00e1ria verde nas contas de luz neste m\u00eas, o que significa que n\u00e3o h\u00e1 cobran\u00e7a extra na tarifa. Isso porque com menos demanda, n\u00e3o \u00e9 preciso acionar as termel\u00e9tricas, que produzem [&hellip;]<\/p>\n","protected":false},"author":1,"featured_media":80123,"comment_status":"open","ping_status":"closed","sticky":false,"template":"","format":"standard","meta":{"amp_status":"","footnotes":""},"categories":[6],"tags":[87023,87032,87024,26915,33280,87022,87025,87027,80302,87029,27012,87031,39127,87026,87028,87030],"class_list":["post-83653","post","type-post","status-publish","format-standard","has-post-thumbnail","hentry","category-br","tag-adocao-de-bandeira-verde-nas-contas-de-energia-eletrica","tag-bandeira-verde","tag-bandeira-verde-nas-contas-de-energia-eletrica","tag-bandeiras-tarifarias","tag-consumo","tag-consumo-menor-contribui-para-adocao-de-bandeira-verde-nas-contas-de-energia-eletrica","tag-contas-de-energia-eletrica","tag-contas-de-energia-eletrica-mais-baratas","tag-contas-de-luz","tag-contas-de-luz-mais-baratas","tag-energia","tag-industrias","tag-menor","tag-reducao-contas-de-energia-eletrica","tag-reducao-contas-de-luz","tag-reducao-do-consumo-de-energia"],"_links":{"self":[{"href":"https:\/\/aconteceunovale.com.br\/portal\/index.php?rest_route=\/wp\/v2\/posts\/83653","targetHints":{"allow":["GET"]}}],"collection":[{"href":"https:\/\/aconteceunovale.com.br\/portal\/index.php?rest_route=\/wp\/v2\/posts"}],"about":[{"href":"https:\/\/aconteceunovale.com.br\/portal\/index.php?rest_route=\/wp\/v2\/types\/post"}],"author":[{"embeddable":true,"href":"https:\/\/aconteceunovale.com.br\/portal\/index.php?rest_route=\/wp\/v2\/users\/1"}],"replies":[{"embeddable":true,"href":"https:\/\/aconteceunovale.com.br\/portal\/index.php?rest_route=%2Fwp%2Fv2%2Fcomments&post=83653"}],"version-history":[{"count":0,"href":"https:\/\/aconteceunovale.com.br\/portal\/index.php?rest_route=\/wp\/v2\/posts\/83653\/revisions"}],"wp:featuredmedia":[{"embeddable":true,"href":"https:\/\/aconteceunovale.com.br\/portal\/index.php?rest_route=\/wp\/v2\/media\/80123"}],"wp:attachment":[{"href":"https:\/\/aconteceunovale.com.br\/portal\/index.php?rest_route=%2Fwp%2Fv2%2Fmedia&parent=83653"}],"wp:term":[{"taxonomy":"category","embeddable":true,"href":"https:\/\/aconteceunovale.com.br\/portal\/index.php?rest_route=%2Fwp%2Fv2%2Fcategories&post=83653"},{"taxonomy":"post_tag","embeddable":true,"href":"https:\/\/aconteceunovale.com.br\/portal\/index.php?rest_route=%2Fwp%2Fv2%2Ftags&post=83653"}],"curies":[{"name":"wp","href":"https:\/\/api.w.org\/{rel}","templated":true}]}}