{"id":83647,"date":"2016-04-05T09:28:44","date_gmt":"2016-04-05T12:28:44","guid":{"rendered":"http:\/\/aconteceunovale.com.br\/portal\/?p=83647"},"modified":"2016-04-05T09:28:44","modified_gmt":"2016-04-05T12:28:44","slug":"previsao-do-tempo-para-minas-gerais-nesta-terca-feira-5-de-abril","status":"publish","type":"post","link":"https:\/\/aconteceunovale.com.br\/portal\/?p=83647","title":{"rendered":"Previs\u00e3o do tempo para Minas Gerais, nesta ter\u00e7a-feira, 5 de abril"},"content":{"rendered":"<h4><strong><em>Chuvas isoladas, de fraca intensidade, no Tri\u00e2ngulo, Oeste e Vale do Mucuri. Demais regi\u00f5es, c\u00e9u claro a parcialmente nublado.<\/em><\/strong><\/h4>\n<p>Nesta ter\u00e7a-feira (5\/4), uma massa de ar quente e seco mant\u00e9m o tempo est\u00e1vel sobre parte do Sudeste do pa\u00eds.<\/p>\n<p>Em Minas Gerais, os locais com possibilidade de chuvas isolada, de fraca intensidade e de curta dura\u00e7\u00e3o s\u00e3o Tri\u00e2ngulo Mineiro, Oeste e Vale do Mucuri.<\/p>\n<p>Nas demais regi\u00f5es do estado, o c\u00e9u dever\u00e1 ficar claro a parcialmente nublado, com temperaturas em eleva\u00e7\u00e3o. No per\u00edodo da tarde os \u00edndices de umidade relativa do ar devem variar entre 20 a 30%, sobretudo em \u00e1reas do Norte e Nordeste mineiro. Temperatura m\u00e1xima prevista \u00e9 de 38\u00b0C no Vale do Jequitinhonha e Norte.<\/p>\n<p>Na Regi\u00e3o Metropolitana de Belo Horizonte o dia seguir\u00e1 com c\u00e9u claro a parcialmente nublado. Na capital mineira o c\u00e9u dever\u00e1 ficar claro a parcialmente nublado e n\u00e3o h\u00e1 previs\u00e3o de chuva. As temperaturas oscilar\u00e3o entre 17 e 30\u00b0C, com umidade relativa do ar m\u00ednima em torno de 50% \u00e0 tarde.<\/p>\n","protected":false},"excerpt":{"rendered":"<p>Chuvas isoladas, de fraca intensidade, no Tri\u00e2ngulo, Oeste e Vale do Mucuri. Demais regi\u00f5es, c\u00e9u claro a parcialmente nublado. Nesta ter\u00e7a-feira (5\/4), uma massa de ar quente e seco mant\u00e9m o tempo est\u00e1vel sobre parte do Sudeste do pa\u00eds. Em Minas Gerais, os locais com possibilidade de chuvas isolada, de fraca intensidade e de curta [&hellip;]<\/p>\n","protected":false},"author":1,"featured_media":82499,"comment_status":"open","ping_status":"closed","sticky":false,"template":"","format":"standard","meta":{"amp_status":"","footnotes":""},"categories":[123],"tags":[87013,194,131,36891,1956,27340,87018,87017,87016,1839,87015,28255,87014,84221],"class_list":["post-83647","post","type-post","status-publish","format-standard","has-post-thumbnail","hentry","category-gerais","tag-5-de-abril","tag-belo-horizonte","tag-minas-gerais","tag-nesta-terca-feira","tag-previsao-do-tempo","tag-previsao-do-tempo-para-belo-horizonte","tag-previsao-do-tempo-para-belo-horizonte-5-de-abril","tag-previsao-do-tempo-para-belo-horizonte-nesta-terca-feira","tag-previsao-do-tempo-para-belo-horizonte-nesta-terca-feira-5-de-abril","tag-previsao-do-tempo-para-minas-gerais","tag-previsao-do-tempo-para-minas-gerais-5-de-abril","tag-previsao-do-tempo-para-minas-gerais-nesta-terca-feira","tag-previsao-do-tempo-para-minas-gerais-nesta-terca-feira-5-de-abril","tag-terca-feira"],"_links":{"self":[{"href":"https:\/\/aconteceunovale.com.br\/portal\/index.php?rest_route=\/wp\/v2\/posts\/83647","targetHints":{"allow":["GET"]}}],"collection":[{"href":"https:\/\/aconteceunovale.com.br\/portal\/index.php?rest_route=\/wp\/v2\/posts"}],"about":[{"href":"https:\/\/aconteceunovale.com.br\/portal\/index.php?rest_route=\/wp\/v2\/types\/post"}],"author":[{"embeddable":true,"href":"https:\/\/aconteceunovale.com.br\/portal\/index.php?rest_route=\/wp\/v2\/users\/1"}],"replies":[{"embeddable":true,"href":"https:\/\/aconteceunovale.com.br\/portal\/index.php?rest_route=%2Fwp%2Fv2%2Fcomments&post=83647"}],"version-history":[{"count":0,"href":"https:\/\/aconteceunovale.com.br\/portal\/index.php?rest_route=\/wp\/v2\/posts\/83647\/revisions"}],"wp:featuredmedia":[{"embeddable":true,"href":"https:\/\/aconteceunovale.com.br\/portal\/index.php?rest_route=\/wp\/v2\/media\/82499"}],"wp:attachment":[{"href":"https:\/\/aconteceunovale.com.br\/portal\/index.php?rest_route=%2Fwp%2Fv2%2Fmedia&parent=83647"}],"wp:term":[{"taxonomy":"category","embeddable":true,"href":"https:\/\/aconteceunovale.com.br\/portal\/index.php?rest_route=%2Fwp%2Fv2%2Fcategories&post=83647"},{"taxonomy":"post_tag","embeddable":true,"href":"https:\/\/aconteceunovale.com.br\/portal\/index.php?rest_route=%2Fwp%2Fv2%2Ftags&post=83647"}],"curies":[{"name":"wp","href":"https:\/\/api.w.org\/{rel}","templated":true}]}}