{"id":83518,"date":"2016-04-03T16:19:11","date_gmt":"2016-04-03T19:19:11","guid":{"rendered":"http:\/\/aconteceunovale.com.br\/portal\/?p=83518"},"modified":"2016-04-03T16:19:11","modified_gmt":"2016-04-03T19:19:11","slug":"comunidades-rurais-afetadas-pela-seca-no-norte-e-nordeste-de-minas-comemoram-chegada-da-agua","status":"publish","type":"post","link":"https:\/\/aconteceunovale.com.br\/portal\/?p=83518","title":{"rendered":"Comunidades rurais afetadas pela seca no Norte e Nordeste de Minas comemoram chegada da \u00e1gua"},"content":{"rendered":"<p>Quatro empresas contratadas pela Secretaria de Estado de Desenvolvimento e Integra\u00e7\u00e3o do Norte e Nordeste de Minas Gerais (Sedinor), por meio de sua autarquia, o Idene, trabalham na perfura\u00e7\u00e3o e instala\u00e7\u00e3o de 482 po\u00e7os artesianos em cerca de 130 munic\u00edpios mineiros que decretaram situa\u00e7\u00e3o de emerg\u00eancia devido \u00e0 seca e \u00e0 estiagem. A a\u00e7\u00e3o faz parte do Plano de Urg\u00eancia para Enfrentamento da Seca, lan\u00e7ado pelo governador Fernando Pimentel em dezembro do ano passado.<\/p>\n<p>A viabiliza\u00e7\u00e3o da \u00e1gua nas comunidades rurais ganha comemora\u00e7\u00e3o coletiva. O agricultor familiar Sebasti\u00e3o Vieira, da comunidade de Rio das Pedras, em Glaucil\u00e2ndia, Norte de Minas, doou 7 hectares de seu terreno para a perfura\u00e7\u00e3o do po\u00e7o que vai beneficiar mais de 120 fam\u00edlias. \u201cFiz isso n\u00e3o s\u00f3 porque vai ser bom pra mim, mas porque vai ajudar muita gente da nossa comunidade. \u00c1gua \u00e9 vida, sem \u00e1gua a gente n\u00e3o pode ter nada\u201d, afirma.<\/p>\n<p>Moradora da zona rural de Joa\u00edma, Vale do Jequitinhonha, Orod\u00edlia Gon\u00e7alves Ribeiro, conhecida como Netinha, j\u00e1 viu muitas pessoas desistirem da vida na ro\u00e7a por causa da falta d\u2019\u00e1gua. Agora, ela comemora a chegada da \u00e1gua com a perfura\u00e7\u00e3o do po\u00e7o artesiano que vai beneficiar pelo menos 25 fam\u00edlias da comunidade. \u201cA gente aqui n\u00e3o tinha \u00e1gua pra nada. Muita gente j\u00e1 teve que ir embora porque n\u00e3o tinha \u00e1gua nem para beber. E esse po\u00e7o vai unir ainda mais a nossa comunidade porque a gente quer ficar aqui. Vou terminar de construir a minha casa porque \u00e9 aqui que eu gosto de viver\u201d, declara a agricultora.<\/p>\n<p>A estimativa \u00e9 que cerca de 15 mil fam\u00edlias do Norte e Nordeste de Minas Gerais sejam beneficiadas por esta a\u00e7\u00e3o. Al\u00e9m da perfura\u00e7\u00e3o dos po\u00e7os, o investimento estadual, no valor de R$ 15,1 milh\u00f5es, garante, tamb\u00e9m, revestimento, coloca\u00e7\u00e3o de bomba, quadro de for\u00e7a e liga\u00e7\u00e3o el\u00e9trica dos po\u00e7os artesianos.<\/p>\n<p>Com outros R$ 4,4 milh\u00f5es, o Plano tamb\u00e9m contempla a instala\u00e7\u00e3o de po\u00e7os que j\u00e1 estavam perfurados e que n\u00e3o funcionam por falta de equipamentos. S\u00e3o reservat\u00f3rios de \u00e1gua, tubos de pvc e conjuntos de motobomba, que v\u00e3o levar a \u00e1gua para as resid\u00eancias.<\/p>\n<p>\u201cEste Plano vai permitir que essas fam\u00edlias permane\u00e7am no campo com mais qualidade de vida, produzindo e gerando renda\u201d, afirma o secret\u00e1rio da Sedinor, Paulo Guedes, ao lembrar que a popula\u00e7\u00e3o do Norte e Nordeste de Minas Gerais est\u00e1 vivendo uma das maiores estiagens da hist\u00f3ria da regi\u00e3o.<\/p>\n<p><img decoding=\"async\" src=\"http:\/\/aconteceunovale.com.br\/portal\/wp-content\/uploads\/2016\/04\/perfuracao_de_pocos.jpg\" alt=\"\" \/><em>Perfura\u00e7\u00e3o de po\u00e7os artesianos beneficiar\u00e1 15 mil fam\u00edlias (Foto: Divulga\u00e7\u00e3o)<\/em><br \/>\n<\/br><\/p>\n<p><strong>Sementes para fomento \u00e0 agricultura familiar<\/strong>                                                          <\/p>\n<p>Outra a\u00e7\u00e3o do Plano de Urg\u00eancia para Enfrentamento da Seca foi a doa\u00e7\u00e3o, no m\u00eas de dezembro, de 730 toneladas de sementes de milho, feij\u00e3o e sorgo. R$ 4,9 milh\u00f5es foram investidos com o objetivo de fortalecer a agricultura familiar por meio do fomento \u00e0 produ\u00e7\u00e3o de alimentos.<\/p>\n<p>A aquisi\u00e7\u00e3o das sementes por parte dos pequenos produtores rurais significa um investimento muito alto e nem sempre poss\u00edvel, sobretudo, em per\u00edodo de seca quando os pre\u00e7os se tornam ainda mais caros.<\/p>\n<p>Apesar da pouca chuva na regi\u00e3o, muitos pequenos produtores comemoram a colheita do milho e do sorgo &#8211; \u00fanica fonte de alimenta\u00e7\u00e3o dos rebanhos durante a estiagem \u2013 e do feij\u00e3o, que garante alimento para as fam\u00edlias.<\/p>\n<p>O senhor Ant\u00f4nio Rodrigues Vasconcelos Neto, 52 anos, presidente da Associa\u00e7\u00e3o de Produtores Rurais de Charquinho, zona rural do munic\u00edpio de Francisco S\u00e1, usou o dinheiro que economizou com a compra das sementes para fazer um pequeno sistema de irriga\u00e7\u00e3o na propriedade, com isso garantiu uma boa colheita.<\/p>\n<p>O produtor fala da expectativa das comunidades em continuar recebendo apoio do governo, especialmente na viabiliza\u00e7\u00e3o de sistemas simplificados de abastecimento de \u00e1gua, barreiros, pequenas barragens, cisternas e outras a\u00e7\u00f5es de capta\u00e7\u00e3o de \u00e1gua. \u201cA gente viveu a maior seca aqui da regi\u00e3o. O rebanho hoje de Francisco S\u00e1 \u00e9 30% menor do que era. Sem \u00e1gua a gente n\u00e3o pode manter a cria\u00e7\u00e3o e nem a lavoura. Eu vou tirar umas 15 toneladas de sorgo e umas tr\u00eas de milho, mas, com o rebanho de 70 cabe\u00e7as isso s\u00f3 d\u00e1 para uns 90 dias\u201d, disse.<\/p>\n<p>O Senhor Ant\u00f4nio Elton da Silva, da comunidade de Angico, tamb\u00e9m em Francisco S\u00e1, concorda que as sementes ajudaram muito. \u201cPara os mais carentes ajuda muito porque n\u00e3o tira do dinheiro da feira, das despesas da casa para comprar semente\u201d. O produtor tamb\u00e9m participa do Leite pela Vida, programa executado pelo Sistema Sedinor\/Idene, que compra o leite da agricultura familiar e fornece a fam\u00edlias em situa\u00e7\u00e3o de vulnerabilidade social. Segundo seu Ant\u00f4nio, mesmo com toda a dificuldade, ele consegue entregar at\u00e9 70 litros de leite por dia na cooperativa.<\/p>\n<p>A receita do bem-viver quem d\u00e1 \u00e9 o senhor Eramos In\u00e1cio Aquino, 73 anos. Ele chegou menino ainda em Francisco S\u00e1, fugindo da seca na Para\u00edba. \u201cSabe o que eu acho? Que todo mundo precisa fazer a sua parte. Precisa ter coragem para trabalhar. N\u00e3o pode ter medo n\u00e3o. A seca dificulta pra todo mundo, mas com a nossa for\u00e7a e a ajuda do governo conseguimos seguir em frente\u201d, declara o agricultor.<\/p>\n<p><em>(Fonte: Sedinor)<\/em><\/p>\n","protected":false},"excerpt":{"rendered":"<p>Quatro empresas contratadas pela Secretaria de Estado de Desenvolvimento e Integra\u00e7\u00e3o do Norte e Nordeste de Minas Gerais (Sedinor), por meio de sua autarquia, o Idene, trabalham na perfura\u00e7\u00e3o e instala\u00e7\u00e3o de 482 po\u00e7os artesianos em cerca de 130 munic\u00edpios mineiros que decretaram situa\u00e7\u00e3o de emerg\u00eancia devido \u00e0 seca e \u00e0 estiagem. A a\u00e7\u00e3o faz [&hellip;]<\/p>\n","protected":false},"author":1,"featured_media":83519,"comment_status":"open","ping_status":"closed","sticky":false,"template":"","format":"standard","meta":{"amp_status":"","footnotes":""},"categories":[1236,120],"tags":[86752,86750,86751,86748,86740,1018,64931,15875,14797,1395,1693,272,611,84573,17364,86746,86745,86742,86741,86743,86744,68342,68343,86747,27249,60571,27248,86749],"class_list":["post-83518","post","type-post","status-publish","format-standard","has-post-thumbnail","hentry","category-norte_de_minas","category-jequi","tag-antonio-elton-da-silva","tag-antonio-rodrigues-vasconcelos-neto","tag-charquinho","tag-comunidade-de-rio-das-pedras","tag-comunidades-rurais-afetadas-pela-seca-no-norte-e-nordeste-de-minas-comemoram-chegada-da-agua","tag-destaque","tag-estiagem-em-minas","tag-estiagem-no-norte-de-minas","tag-estiagem-no-vale-do-jequitinhonha","tag-francisco-sa","tag-glaucilandia","tag-idene","tag-joaima","tag-orodilia-goncalves-ribeiro","tag-paulo-guedes","tag-perfuracao-de-pocos-no-norte-de-minas","tag-perfuracao-de-pocos-no-vale-do-jequitinhonha","tag-perfuracao-e-instalacao-de-482-pocos-artesianos","tag-perfuracao-e-instalacao-de-482-pocos-artesianos-em-cerca-de-130-municipios-mineiros-que-decretaram-situacao-de-emergencia-devido-a-seca-e-a-estiagem","tag-perfuracao-e-instalacao-de-482-pocos-artesianos-no-norte-de-minas","tag-perfuracao-e-instalacao-de-482-pocos-artesianos-no-vale-do-jequitinhonha","tag-plano-de-urgencia-para-enfrentamento-da-seca","tag-plano-de-urgencia-para-enfrentamento-da-seca-em-minas-gerais","tag-sebastiao-vieira","tag-secretaria-de-estado-de-desenvolvimento-e-integracao-do-norte-e-nordeste-de-minas-gerais","tag-secretario-da-sedinor","tag-sedinor","tag-sementes-para-fomento-a-agricultura-familiar"],"_links":{"self":[{"href":"https:\/\/aconteceunovale.com.br\/portal\/index.php?rest_route=\/wp\/v2\/posts\/83518","targetHints":{"allow":["GET"]}}],"collection":[{"href":"https:\/\/aconteceunovale.com.br\/portal\/index.php?rest_route=\/wp\/v2\/posts"}],"about":[{"href":"https:\/\/aconteceunovale.com.br\/portal\/index.php?rest_route=\/wp\/v2\/types\/post"}],"author":[{"embeddable":true,"href":"https:\/\/aconteceunovale.com.br\/portal\/index.php?rest_route=\/wp\/v2\/users\/1"}],"replies":[{"embeddable":true,"href":"https:\/\/aconteceunovale.com.br\/portal\/index.php?rest_route=%2Fwp%2Fv2%2Fcomments&post=83518"}],"version-history":[{"count":0,"href":"https:\/\/aconteceunovale.com.br\/portal\/index.php?rest_route=\/wp\/v2\/posts\/83518\/revisions"}],"wp:featuredmedia":[{"embeddable":true,"href":"https:\/\/aconteceunovale.com.br\/portal\/index.php?rest_route=\/wp\/v2\/media\/83519"}],"wp:attachment":[{"href":"https:\/\/aconteceunovale.com.br\/portal\/index.php?rest_route=%2Fwp%2Fv2%2Fmedia&parent=83518"}],"wp:term":[{"taxonomy":"category","embeddable":true,"href":"https:\/\/aconteceunovale.com.br\/portal\/index.php?rest_route=%2Fwp%2Fv2%2Fcategories&post=83518"},{"taxonomy":"post_tag","embeddable":true,"href":"https:\/\/aconteceunovale.com.br\/portal\/index.php?rest_route=%2Fwp%2Fv2%2Ftags&post=83518"}],"curies":[{"name":"wp","href":"https:\/\/api.w.org\/{rel}","templated":true}]}}