{"id":83515,"date":"2016-04-03T16:13:24","date_gmt":"2016-04-03T19:13:24","guid":{"rendered":"http:\/\/aconteceunovale.com.br\/portal\/?p=83515"},"modified":"2016-04-03T16:13:24","modified_gmt":"2016-04-03T19:13:24","slug":"artesanato-do-vale-jequitinhonha-e-norte-de-minas-foi-destaque-em-feira-estadual","status":"publish","type":"post","link":"https:\/\/aconteceunovale.com.br\/portal\/?p=83515","title":{"rendered":"Artesanato do Vale Jequitinhonha e Norte de Minas foi destaque em feira estadual"},"content":{"rendered":"<p>Dezesseis artes\u00e3os do Norte e Nordeste de Minas estiveram presentes na 12\u00aa Feira Mineira de Artesanato, em S\u00e3o Jo\u00e3o Del Rei. A jun\u00e7\u00e3o entre talento e cultura t\u00edpica transformou a Semana Santa no melhor momento para a feira. Cada artes\u00e3o com mat\u00e9rias primas, como capim dourado, sempre viva, couro, palha de milho, madeira, algod\u00e3o e argila demonstraram em suas obras a criatividade, t\u00e9cnicas e diversidade dos seus produtos.<\/p>\n<p>No estande do Governo de Minas, montado na Avenida Presidente Tancredo Neves, os turistas presenciaram em cada artesanato a transmiss\u00e3o da identidade cultural regional e dos saberes tradicionais dos artistas da \u00e1rea de abrang\u00eancia do sistema Sedinor\/Idene. A iniciativa tem como objetivo promover a comercializa\u00e7\u00e3o dos produtos e inser\u00e7\u00e3o do artes\u00e3o no mercado de trabalho.<\/p>\n<p>A Feira contou com cerca de 30 mil visitantes que conheceram de perto o artesanato dos munic\u00edpios de Turmalina, Chapada do Norte, Berilo, Minas Novas, Gouveia, Curvelo, Ara\u00e7ua\u00ed, Bocaiuva, Taiobeiras, Montes Claros, Diamantina, Presidente Kubitschek, Padre Para\u00edso e Datas.<\/p>\n<p>O Governo de Minas Gerais, em parceria com o Sebrae\/MG e o Programa Artesanato em Movimento, do Instituto de Desenvolvimento do Norte e Nordeste de Minas Gerais (IDENE), al\u00e9m dos munic\u00edpios do Norte e Nordeste de Minas, tamb\u00e9m apresentou trabalhos de artes\u00e3os de outras 16 cidades do estado.<\/p>\n<p><img decoding=\"async\" src=\"http:\/\/aconteceunovale.com.br\/portal\/wp-content\/uploads\/2016\/04\/artesanato_jequi.jpg\" alt=\"\" \/><em>Exposi\u00e7\u00e3o na 12\u00aa Feira Mineira de Artesanato, em S\u00e3o Jo\u00e3o Del Rei (Foto: Divulga\u00e7\u00e3o)<\/em><br \/>\n<\/br><\/p>\n<p><em>(Fonte: Sedinor)<\/em><\/p>\n","protected":false},"excerpt":{"rendered":"<p>Dezesseis artes\u00e3os do Norte e Nordeste de Minas estiveram presentes na 12\u00aa Feira Mineira de Artesanato, em S\u00e3o Jo\u00e3o Del Rei. A jun\u00e7\u00e3o entre talento e cultura t\u00edpica transformou a Semana Santa no melhor momento para a feira. Cada artes\u00e3o com mat\u00e9rias primas, como capim dourado, sempre viva, couro, palha de milho, madeira, algod\u00e3o e [&hellip;]<\/p>\n","protected":false},"author":1,"featured_media":83516,"comment_status":"open","ping_status":"closed","sticky":false,"template":"","format":"standard","meta":{"amp_status":"","footnotes":""},"categories":[1236,120],"tags":[86739,86738,186,86737,86736,86735,841,645,481,197,3279,198,2998,137,210,572,5660,218,419,178],"class_list":["post-83515","post","type-post","status-publish","format-standard","has-post-thumbnail","hentry","category-norte_de_minas","category-jequi","tag-12a-feira-mineira-de-artesanato","tag-12a-feira-mineira-de-artesanato-em-sao-joao-del-rei","tag-aracuai","tag-artesanato-do-norte-de-minas","tag-artesanato-do-vale-jequitinhonha","tag-artesanato-do-vale-jequitinhonha-e-norte-de-minas-foi-destaque-em-feira-estadual","tag-berilo","tag-bocaiuva","tag-chapada-do-norte","tag-curvelo","tag-datas","tag-diamantina","tag-gouveia","tag-minas-novas","tag-montes-claros","tag-padre-paraiso","tag-presidente-kubitschek","tag-sao-joao-del-rei","tag-taiobeiras","tag-turmalina"],"_links":{"self":[{"href":"https:\/\/aconteceunovale.com.br\/portal\/index.php?rest_route=\/wp\/v2\/posts\/83515","targetHints":{"allow":["GET"]}}],"collection":[{"href":"https:\/\/aconteceunovale.com.br\/portal\/index.php?rest_route=\/wp\/v2\/posts"}],"about":[{"href":"https:\/\/aconteceunovale.com.br\/portal\/index.php?rest_route=\/wp\/v2\/types\/post"}],"author":[{"embeddable":true,"href":"https:\/\/aconteceunovale.com.br\/portal\/index.php?rest_route=\/wp\/v2\/users\/1"}],"replies":[{"embeddable":true,"href":"https:\/\/aconteceunovale.com.br\/portal\/index.php?rest_route=%2Fwp%2Fv2%2Fcomments&post=83515"}],"version-history":[{"count":0,"href":"https:\/\/aconteceunovale.com.br\/portal\/index.php?rest_route=\/wp\/v2\/posts\/83515\/revisions"}],"wp:featuredmedia":[{"embeddable":true,"href":"https:\/\/aconteceunovale.com.br\/portal\/index.php?rest_route=\/wp\/v2\/media\/83516"}],"wp:attachment":[{"href":"https:\/\/aconteceunovale.com.br\/portal\/index.php?rest_route=%2Fwp%2Fv2%2Fmedia&parent=83515"}],"wp:term":[{"taxonomy":"category","embeddable":true,"href":"https:\/\/aconteceunovale.com.br\/portal\/index.php?rest_route=%2Fwp%2Fv2%2Fcategories&post=83515"},{"taxonomy":"post_tag","embeddable":true,"href":"https:\/\/aconteceunovale.com.br\/portal\/index.php?rest_route=%2Fwp%2Fv2%2Ftags&post=83515"}],"curies":[{"name":"wp","href":"https:\/\/api.w.org\/{rel}","templated":true}]}}