{"id":83340,"date":"2016-04-01T19:27:51","date_gmt":"2016-04-01T22:27:51","guid":{"rendered":"http:\/\/aconteceunovale.com.br\/portal\/?p=83340"},"modified":"2016-04-01T19:27:51","modified_gmt":"2016-04-01T22:27:51","slug":"ministro-da-justica-pede-que-as-pessoas-baixem-a-bola-nas-discussoes-politicas","status":"publish","type":"post","link":"https:\/\/aconteceunovale.com.br\/portal\/?p=83340","title":{"rendered":"Ministro da Justi\u00e7a pede que as pessoas \u201cbaixem a bola\u201d nas discuss\u00f5es pol\u00edticas"},"content":{"rendered":"<p>O ministro da Justi\u00e7a, Eug\u00eanio Arag\u00e3o, pediu hoje (1\u00ba) que as pessoas tenham calma durante os debates pol\u00edticos. Ele disse que se preocupa com o sentimento de raiva e \u00f3dio que aflora por causa das diverg\u00eancias pol\u00edticas e da intoler\u00e2ncia a respeito de op\u00e7\u00f5es de vida de cada pessoa. \u201cPrecisamos baixar a bola, precisamos desacelerar para que tenhamos serenidade nesse momento, de modo a enfrentar as dificuldades do pa\u00eds. Est\u00e1 na hora\u201d, afirmou.<\/p>\n<p>Arag\u00e3o participou hoje, na sede da Confer\u00eancia Nacional dos Bispos do Brasil (CNBB), da assinatura de uma nota conjunta  conclamando o povo brasileiro a buscar uma solu\u00e7\u00e3o pac\u00edfica para a crise pol\u00edtica e repudiar qualquer forma de viol\u00eancia. Al\u00e9m do Minist\u00e9rio da Justi\u00e7a e da CNBB, o Minist\u00e9rio P\u00fablico Federal e o Instituto dos Advogados Brasileiros tamb\u00e9m pediram equil\u00edbrio e racionalidade diante do atual cen\u00e1rio do pa\u00eds.<\/p>\n<p>\u201cParece que h\u00e1 grupos de pessoas interessados no &#8216;quanto pior, melhor&#8217;. Com isso, deixam o pa\u00eds com dificuldades de manter a qualidade de sua governan\u00e7a e a economia em suspenso e na inseguran\u00e7a\u201d, acrescentou o ministro, esclarecendo que \u00e9 preciso garantir que os tr\u00eas poderes funcionem regularmente.<\/p>\n<p>Segundo Eug\u00eanio Arag\u00e3o, como a vota\u00e7\u00e3o das elei\u00e7\u00f5es presidenciais de 2014 terminou com uma diferen\u00e7a pequena entre os candidatos, \u201cisso levou muita gente a achar que estava legitimado em trabalhar contra o resultado das elei\u00e7\u00f5es. Isso n\u00e3o \u00e9 bom e pode nos infestar.\u201d \u201c\u00c9 importante sim, na democracia, que haja revezamento no poder, mas esse revezamento s\u00f3 \u00e9 poss\u00edvel de forma tranquila se todos n\u00f3s enxergarmos o outro algu\u00e9m t\u00e3o legitimado quanto n\u00f3s\u201d, argumentou.<\/p>\n<p>De acordo com o ministro, a Pol\u00edcia Federal investigar\u00e1 os casos de criminalidade, como ataques a pessoas e a sedes de partidos e institui\u00e7\u00f5es. Ele adiantou o refor\u00e7o da seguran\u00e7a para autoridades que est\u00e3o passando por constrangimentos por causa de sua posi\u00e7\u00e3o.<\/p>\n<p>O secret\u00e1rio-geral da CNBB, dom Leonardo Ulrich Steiner, disse que a nota das entidades \u00e9 apartid\u00e1ria e que a CNBB n\u00e3o se posiciona contra ou a favor de um poss\u00edvel impeachment da presidenta Dilma Rousseff. \u201cA Constitui\u00e7\u00e3o prev\u00ea o impedimento. O que \u00e9 preciso verificar \u00e9 se o motivo que se est\u00e1 dando tem fundamento ou n\u00e3o\u201d, alertou dom Leonardo.<\/p>\n<p><img decoding=\"async\" src=\"http:\/\/aconteceunovale.com.br\/portal\/wp-content\/uploads\/2016\/04\/ministro_justica_aragao.jpg\" alt=\"\" \/><em>Ao lado de dom Leonardo Ulrich Steiner, Eug\u00eanio Arag\u00e3o disse ser preciso desacelerar para enfrentar as dificuldades do pais &#8211; Foto: Marcello Casal Jr \/ Ag\u00eancia Brasil<\/em><br \/>\n<\/br><\/p>\n<p><strong>Intoler\u00e2ncia<\/strong><\/p>\n<p>Para o procurador federal dos Direitos do Cidad\u00e3o, Aur\u00e9lio Veiga Rios, o documento das entidades \u00e9 um alerta sobre os perigos da intoler\u00e2ncia e das agress\u00f5es f\u00edsicas e morais, especialmente aquelas feitas pelas redes sociais.<\/p>\n<p>\u201cT\u00eam nos preocupado as mensagens de \u00f3dio e ressentimento que passam pelas redes e que n\u00e3o chegam somente \u00e0s diverg\u00eancias pol\u00edticas, mas atingem \u00e0s diversas categorias de pessoas, como negros, judeus, mulheres e gays.\u201d<\/p>\n<p>Conforme o ministro da Justi\u00e7a, nas redes sociais as pessoas dizem coisas que n\u00e3o diriam se os interlocutores estivesse frente a frente. \u201cEle n\u00e3o olha nos olhos. Ele olha para um monitor e ali, me parece, afloram aqueles instintos mais primitivos das pessoas. Muitas vezes se escondem no anonimato. \u00c9 a mesma fonte de perversidade que anima, por exemplo, a pornografia infantil na rede. \u00c9 o anonimato.\u201d.<\/p>\n<p>Eug\u00eanio Arag\u00e3o destacou que os conflitos dentro das fam\u00edlias e dos grupos de amigos devem ser evitados. \u201c\u00c9 uma coisa que nos afeta na nossa profunda intimidade e isso cria uma cultura da insatisfa\u00e7\u00e3o, de viol\u00eancia e at\u00e9 de uma psicose coletiva. Temos de ultrapassar isso para podermos resolver os problemas do pa\u00eds\u201d, concluiu o ministro. (Ag\u00eancia Brasil)<\/p>\n","protected":false},"excerpt":{"rendered":"<p>O ministro da Justi\u00e7a, Eug\u00eanio Arag\u00e3o, pediu hoje (1\u00ba) que as pessoas tenham calma durante os debates pol\u00edticos. Ele disse que se preocupa com o sentimento de raiva e \u00f3dio que aflora por causa das diverg\u00eancias pol\u00edticas e da intoler\u00e2ncia a respeito de op\u00e7\u00f5es de vida de cada pessoa. \u201cPrecisamos baixar a bola, precisamos desacelerar [&hellip;]<\/p>\n","protected":false},"author":1,"featured_media":83341,"comment_status":"open","ping_status":"closed","sticky":false,"template":"","format":"standard","meta":{"amp_status":"","footnotes":""},"categories":[6,40240],"tags":[86423,86426,24617,86424,86425,86428,86429,83194,40909,86427,35209,86420,86421,86422,85356],"class_list":["post-83340","post","type-post","status-publish","format-standard","has-post-thumbnail","hentry","category-br","category-politica-2","tag-baixar-a-bola-nas-discussoes-politicas","tag-clima-politico-no-brasil","tag-cnbb","tag-discussoes-politicas","tag-discussoes-politicas-no-brasil","tag-divergencias-politicas","tag-dom-leonardo-ulrich-steiner","tag-eugenio-aragao","tag-intolerancia","tag-intolerancia-politica-no-brasil","tag-ministro-da-justica","tag-ministro-da-justica-pede-que-as-pessoas-baixem-a-bola-nas-discussoes-politicas","tag-ministro-pede-que-as-pessoas-baixem-a-bola-nas-discussoes-politicas","tag-pessoas-baixem-a-bola-nas-discussoes-politicas","tag-pgr"],"_links":{"self":[{"href":"https:\/\/aconteceunovale.com.br\/portal\/index.php?rest_route=\/wp\/v2\/posts\/83340","targetHints":{"allow":["GET"]}}],"collection":[{"href":"https:\/\/aconteceunovale.com.br\/portal\/index.php?rest_route=\/wp\/v2\/posts"}],"about":[{"href":"https:\/\/aconteceunovale.com.br\/portal\/index.php?rest_route=\/wp\/v2\/types\/post"}],"author":[{"embeddable":true,"href":"https:\/\/aconteceunovale.com.br\/portal\/index.php?rest_route=\/wp\/v2\/users\/1"}],"replies":[{"embeddable":true,"href":"https:\/\/aconteceunovale.com.br\/portal\/index.php?rest_route=%2Fwp%2Fv2%2Fcomments&post=83340"}],"version-history":[{"count":0,"href":"https:\/\/aconteceunovale.com.br\/portal\/index.php?rest_route=\/wp\/v2\/posts\/83340\/revisions"}],"wp:featuredmedia":[{"embeddable":true,"href":"https:\/\/aconteceunovale.com.br\/portal\/index.php?rest_route=\/wp\/v2\/media\/83341"}],"wp:attachment":[{"href":"https:\/\/aconteceunovale.com.br\/portal\/index.php?rest_route=%2Fwp%2Fv2%2Fmedia&parent=83340"}],"wp:term":[{"taxonomy":"category","embeddable":true,"href":"https:\/\/aconteceunovale.com.br\/portal\/index.php?rest_route=%2Fwp%2Fv2%2Fcategories&post=83340"},{"taxonomy":"post_tag","embeddable":true,"href":"https:\/\/aconteceunovale.com.br\/portal\/index.php?rest_route=%2Fwp%2Fv2%2Ftags&post=83340"}],"curies":[{"name":"wp","href":"https:\/\/api.w.org\/{rel}","templated":true}]}}