{"id":83337,"date":"2016-04-01T19:23:40","date_gmt":"2016-04-01T22:23:40","guid":{"rendered":"http:\/\/aconteceunovale.com.br\/portal\/?p=83337"},"modified":"2016-04-03T13:11:03","modified_gmt":"2016-04-03T16:11:03","slug":"ator-negro-retirado-de-aviao-em-salvador-avalia-processar-empresa","status":"publish","type":"post","link":"https:\/\/aconteceunovale.com.br\/portal\/?p=83337","title":{"rendered":"Ator negro retirado de avi\u00e3o em Salvador avalia processar empresa"},"content":{"rendered":"<p>Depois de ser retirado pela Pol\u00edcia Federal de um voo da empresa Avianca, o ator \u00c9rico Br\u00e1s informou que vai analisar quais medidas judiciais poder\u00e1 tomar contra a companhia a\u00e9rea. Em entrevista \u00e0 Ag\u00eancia Brasil, o ator, que \u00e9 negro e faz parte do elenco da Rede Globo de Televis\u00e3o, disse ter sido tratado de forma rude por um funcion\u00e1rio da empresa, que n\u00e3o estava identificado, mas ele acredita que se trata do comandante da aeronave.<\/p>\n<p>A situa\u00e7\u00e3o, segundo ele, ocorreu no voo Salvador-Rio de janeiro, no in\u00edcio da manh\u00e3 de ontem (31). \u201cEu e minha esposa segu\u00edamos de Salvador para o Rio de Janeiro. Ao acomodar as bagagens, a minha esposa foi recomendada pela comiss\u00e1ria a colocar o volume sob a poltrona da frente por n\u00e3o caber no compartimento de cima. Depois, veio um funcion\u00e1rio, que acredito ser o comandante, e disse, em tom grosseiro, que a bagagem n\u00e3o poderia ser colocada ali. Pedi que conseguisse um lugar para a bolsa, mas ele pegou o objeto bruscamente e jogou no compartimento superior, apertando contra as outras bagagens. Minha esposa chamou aten\u00e7\u00e3o dele, educadamente,  porque havia objetos que poderiam quebrar l\u00e1 dentro [da bolsa]. Falei que ele n\u00e3o poderia agir assim, de forma desrespeitosa, quando me ordenou a sair da aeronave\u201d, relata o artista.<\/p>\n<p><img decoding=\"async\" src=\"http:\/\/aconteceunovale.com.br\/portal\/wp-content\/uploads\/2016\/04\/erico_bras.jpg\" alt=\"\" \/><em>Br\u00e1s diz ter sido tratado de forma rude por funcion\u00e1rio da Avianca (Foto: Divulga\u00e7\u00e3o)<\/em><br \/>\n<\/br><\/p>\n<p><strong>Perigo<\/strong><\/p>\n<p>\u00c9rico conta, ainda, que, depois do ocorrido, o funcion\u00e1rio &#8211; que ele acredita ser o comandante da aeronave &#8211;  pediu a retirada dele e da esposa por consider\u00e1-lo uma amea\u00e7a ao voo. Por isso, acionou a Pol\u00edcia Federal, que foi ao avi\u00e3o pedir a sa\u00edda do ator.<\/p>\n<p>\u201cA gente n\u00e3o se recusou [a sair] em momento nenhum, mas n\u00f3s questionamos o tratamento que ele nos dispensou por estar aparentemente nervoso. Mesmo assim, a pol\u00edcia nos retirou da aeronave sob a alega\u00e7\u00e3o de que o comandante \u00e9 a autoridade do avi\u00e3o. N\u00e3o entendo como \u00e9ramos uma amea\u00e7a ao voo, se fomos levados para outro voo, sem o acompanhamento da pol\u00edcia. Havia apenas um funcion\u00e1rio da Avianca nos acompanhando\u201d, explica Br\u00e1s.<\/p>\n<p>\u201cEu pedi desculpas aos demais passageiros, que tinham compromissos e, por isso, eu sa\u00ed do avi\u00e3o sem questionar muito o que estava havendo. Deixei claro que sairia apenas por isso, mas que n\u00e3o poderia aceitar aquele tipo de tratamento, que considerei mal educado\u201d, completou. Br\u00e1s disse que, junto com ele e a esposa, outras oito pessoas deixaram a aeronave, em solidariedade pelo ocorrido.<\/p>\n<p>Ele conta que registrou queixa na Ag\u00eancia Nacional de Avia\u00e7\u00e3o Civil (Anac) e que os demais passageiros fizeram a den\u00fancia contra a atitude do funcion\u00e1rio na ouvidoria da Avianca.<\/p>\n<p><strong>Intoler\u00e2ncia<\/strong><\/p>\n<p>Para o ator, apesar de n\u00e3o ter ouvido palavras ofensivas ou racistas, o comportamento do prov\u00e1vel comandante reflete uma situa\u00e7\u00e3o frequente no Brasil: a intoler\u00e2ncia associada \u00e0 cor ou classe social. Ele acredita, ainda, que o fato de ser artista da Rede Globo intensificou a situa\u00e7\u00e3o, j\u00e1 que n\u00e3o poderia tomar uma atitude mais brusca ou insistente por ser uma pessoa p\u00fablica.<\/p>\n<p>\u201cS\u00e3o coisas que deixam a gente muito chateado, que sentimos ser a agrava\u00e7\u00e3o do fato de sermos artistas e estarmos numa situa\u00e7\u00e3o em que n\u00e3o podemos reagir com mais firmeza. Esse tipo de tratamento \u00e9 geralmente dispensado para a gente. Quem tem determinada cor ou classe social n\u00e3o tem esse tipo de tratamento. As coisas ganham propor\u00e7\u00e3o pelo fato de eu ser artista ou at\u00e9 por uma quest\u00e3o de cor. Mas sabemos que existe o racismo institucional, que \u00e9 velado e n\u00e3o fica n\u00edtido no comportamento de algumas pessoas\u201d, desabafou.<\/p>\n<p>\u201cEstou em contato com o advogado para vermos qual o caminho. A emissora em que trabalho ofereceu apoio jur\u00eddico e n\u00f3s estamos avaliando como proceder judicialmente quanto a isso\u201d, revelou \u00c9rico Br\u00e1s.<\/p>\n<p>Em nota, a Avianca informou que \u201co passageiro em quest\u00e3o foi retirado do voo por agentes da Pol\u00edcia Federal por se recusar a cumprir e atender reiteradas solicita\u00e7\u00f5es de seguran\u00e7a feitas pelos comiss\u00e1rios, no estrito cumprimento de suas fun\u00e7\u00f5es\u201d.<\/p>\n<p>Al\u00e9m disso, a companhia explicou que a situa\u00e7\u00e3o ocorreu com um comiss\u00e1rio de bordo, mas o pedido de retirada do ator foi feito pelo comandante da aeronave, j\u00e1 que \u201c\u00e9 o \u00fanico que tem essa autoridade\u201d. A Anac confirmou a den\u00fancia feita por \u00c9rico Br\u00e1s e disse que a \u00e1rea t\u00e9cnica respons\u00e1vel \u201cverificar\u00e1 se houve descumprimento das normas de avia\u00e7\u00e3o civil\u201d.<\/p>\n<p><em>(Fonte: Ag\u00eancia Brasil \/ Rep\u00f3rter: Sayonara Moreno)<\/em><\/p>\n","protected":false},"excerpt":{"rendered":"<p>Depois de ser retirado pela Pol\u00edcia Federal de um voo da empresa Avianca, o ator \u00c9rico Br\u00e1s informou que vai analisar quais medidas judiciais poder\u00e1 tomar contra a companhia a\u00e9rea. Em entrevista \u00e0 Ag\u00eancia Brasil, o ator, que \u00e9 negro e faz parte do elenco da Rede Globo de Televis\u00e3o, disse ter sido tratado de [&hellip;]<\/p>\n","protected":false},"author":1,"featured_media":83338,"comment_status":"open","ping_status":"closed","sticky":false,"template":"","format":"standard","meta":{"amp_status":"","footnotes":""},"categories":[6],"tags":[86405,86404,84416,86416,86418,86419,86412,86413,86417,86406,86408,86409,86410,86411,86415,86407,86414],"class_list":["post-83337","post","type-post","status-publish","format-standard","has-post-thumbnail","hentry","category-br","tag-ator-negro-retirado-de-aviao-em-salvador","tag-ator-negro-retirado-de-aviao-em-salvador-avalia-processar-empresa","tag-avianca","tag-discriminacao-racial","tag-discriminacao-racial-avianca","tag-discriminacao-racial-em-voo-da-avianca","tag-erico-bras","tag-erico-bras-avianca","tag-incidente-em-aviao","tag-negro-retirado-de-aviao-em-salvador","tag-racismo-avianca","tag-racismo-comandante-da-avianca","tag-racismo-em-aviao-da-avianca","tag-racismo-em-voo-da-avianca","tag-racismo-voo-salvador-rio-de-janeiro","tag-retirado-de-aviao-em-salvador","tag-voo-salvador-rio-de-janeiro"],"_links":{"self":[{"href":"https:\/\/aconteceunovale.com.br\/portal\/index.php?rest_route=\/wp\/v2\/posts\/83337","targetHints":{"allow":["GET"]}}],"collection":[{"href":"https:\/\/aconteceunovale.com.br\/portal\/index.php?rest_route=\/wp\/v2\/posts"}],"about":[{"href":"https:\/\/aconteceunovale.com.br\/portal\/index.php?rest_route=\/wp\/v2\/types\/post"}],"author":[{"embeddable":true,"href":"https:\/\/aconteceunovale.com.br\/portal\/index.php?rest_route=\/wp\/v2\/users\/1"}],"replies":[{"embeddable":true,"href":"https:\/\/aconteceunovale.com.br\/portal\/index.php?rest_route=%2Fwp%2Fv2%2Fcomments&post=83337"}],"version-history":[{"count":0,"href":"https:\/\/aconteceunovale.com.br\/portal\/index.php?rest_route=\/wp\/v2\/posts\/83337\/revisions"}],"wp:featuredmedia":[{"embeddable":true,"href":"https:\/\/aconteceunovale.com.br\/portal\/index.php?rest_route=\/wp\/v2\/media\/83338"}],"wp:attachment":[{"href":"https:\/\/aconteceunovale.com.br\/portal\/index.php?rest_route=%2Fwp%2Fv2%2Fmedia&parent=83337"}],"wp:term":[{"taxonomy":"category","embeddable":true,"href":"https:\/\/aconteceunovale.com.br\/portal\/index.php?rest_route=%2Fwp%2Fv2%2Fcategories&post=83337"},{"taxonomy":"post_tag","embeddable":true,"href":"https:\/\/aconteceunovale.com.br\/portal\/index.php?rest_route=%2Fwp%2Fv2%2Ftags&post=83337"}],"curies":[{"name":"wp","href":"https:\/\/api.w.org\/{rel}","templated":true}]}}