{"id":83334,"date":"2016-04-01T18:56:31","date_gmt":"2016-04-01T21:56:31","guid":{"rendered":"http:\/\/aconteceunovale.com.br\/portal\/?p=83334"},"modified":"2016-04-01T18:56:31","modified_gmt":"2016-04-01T21:56:31","slug":"aumento-da-violencia-em-itamarandiba-motiva-audiencia-publica-na-almg","status":"publish","type":"post","link":"https:\/\/aconteceunovale.com.br\/portal\/?p=83334","title":{"rendered":"Aumento da viol\u00eancia em Itamarandiba motiva audi\u00eancia p\u00fablica na ALMG"},"content":{"rendered":"<p>A Comiss\u00e3o de Seguran\u00e7a P\u00fablica da Assembleia Legislativa de Minas Gerais (ALMG) realiza na pr\u00f3xima ter\u00e7a-feira, 5 de abril, uma audi\u00eancia p\u00fablica com o objetivo de debater o aumento do \u00edndice de criminalidade e viol\u00eancia em Itamarandiba (Vale do Jequitinhonha) e regi\u00e3o. A reuni\u00e3o est\u00e1 marcada para \u00e0s 14 horas, no Plenarinho II.<\/p>\n<p>De acordo com informa\u00e7\u00f5es divulgadas pela institui\u00e7\u00e3o, a cidade tem registrado diversas ocorr\u00eancias de viol\u00eancia e um aumento da criminalidade. Assaltos \u00e0 m\u00e3o armada e a comerciantes, que n\u00e3o eram comuns, estariam acontecendo com frequ\u00eancia, assim como os crescentes casos de assassinatos e de tr\u00e1fico de drogas. A comiss\u00e3o pretende discutir com autoridades da regi\u00e3o e do sistema de Defesa Social do Estado, assim como com comerciantes de Itamarandiba formas de combater o problema.<\/p>\n<p><strong>Convidados<\/strong> \u2013 Foram convidados o secret\u00e1rio interino de Estado de Defesa Social, Ant\u00f4nio Armando dos Anjos; o procurador-geral de Justi\u00e7a do Estado de Minas Gerais, Carlos Andr\u00e9 Mariani Bittencourt; o comandante-geral da Pol\u00edcia Militar do Estado de Minas Gerais, cel. PM Marco Ant\u00f4nio Badar\u00f3 Bianchini; a chefe da Pol\u00edcia Civil do Estado de Minas Gerais, Andrea Claudia Vacchiano; o prefeito de Par\u00e1 de Minas e presidente da Associa\u00e7\u00e3o Mineira de Munic\u00edpios, Ant\u00f4nio J\u00falio de Faria; o prefeito de Itamarandiba, Erildo do Espirito Santo Gomes; o presidente da C\u00e2mara Municipal de Itamarandiba, Eduardo C\u00e9sar Moreira; o presidente da Ordem dos Advogados do Brasil &#8211; Subse\u00e7\u00e3o Itamarandiba, Wilton \u00c2ngelo Brant de Araujo Filho; o presidente da Associa\u00e7\u00e3o Comercial, Industrial e Agropecu\u00e1ria de Itamarandiba, Vagno de F\u00e1tima Gomes; e o membro da Loja Ma\u00e7\u00f4nica de Itamarandiba, Elvis Ferreira Mour\u00e3o. (ALMG)<\/p>\n","protected":false},"excerpt":{"rendered":"<p>A Comiss\u00e3o de Seguran\u00e7a P\u00fablica da Assembleia Legislativa de Minas Gerais (ALMG) realiza na pr\u00f3xima ter\u00e7a-feira, 5 de abril, uma audi\u00eancia p\u00fablica com o objetivo de debater o aumento do \u00edndice de criminalidade e viol\u00eancia em Itamarandiba (Vale do Jequitinhonha) e regi\u00e3o. A reuni\u00e3o est\u00e1 marcada para \u00e0s 14 horas, no Plenarinho II. De acordo [&hellip;]<\/p>\n","protected":false},"author":1,"featured_media":80079,"comment_status":"open","ping_status":"closed","sticky":false,"template":"","format":"standard","meta":{"amp_status":"","footnotes":""},"categories":[120],"tags":[86401,86402,86403,86400,149,46361,2329],"class_list":["post-83334","post","type-post","status-publish","format-standard","has-post-thumbnail","hentry","category-jequi","tag-audiencia-publica-itamarandiba","tag-audiencia-publica-itamarandiba-na-almg","tag-aumento-da-violencia-em-itamarandiba-motiva-audiencia-publica-na-almg","tag-aumento-da-violencia-itamarandiba","tag-itamarandiba","tag-violencia-em-itamarandiba","tag-wander-borges"],"_links":{"self":[{"href":"https:\/\/aconteceunovale.com.br\/portal\/index.php?rest_route=\/wp\/v2\/posts\/83334","targetHints":{"allow":["GET"]}}],"collection":[{"href":"https:\/\/aconteceunovale.com.br\/portal\/index.php?rest_route=\/wp\/v2\/posts"}],"about":[{"href":"https:\/\/aconteceunovale.com.br\/portal\/index.php?rest_route=\/wp\/v2\/types\/post"}],"author":[{"embeddable":true,"href":"https:\/\/aconteceunovale.com.br\/portal\/index.php?rest_route=\/wp\/v2\/users\/1"}],"replies":[{"embeddable":true,"href":"https:\/\/aconteceunovale.com.br\/portal\/index.php?rest_route=%2Fwp%2Fv2%2Fcomments&post=83334"}],"version-history":[{"count":0,"href":"https:\/\/aconteceunovale.com.br\/portal\/index.php?rest_route=\/wp\/v2\/posts\/83334\/revisions"}],"wp:featuredmedia":[{"embeddable":true,"href":"https:\/\/aconteceunovale.com.br\/portal\/index.php?rest_route=\/wp\/v2\/media\/80079"}],"wp:attachment":[{"href":"https:\/\/aconteceunovale.com.br\/portal\/index.php?rest_route=%2Fwp%2Fv2%2Fmedia&parent=83334"}],"wp:term":[{"taxonomy":"category","embeddable":true,"href":"https:\/\/aconteceunovale.com.br\/portal\/index.php?rest_route=%2Fwp%2Fv2%2Fcategories&post=83334"},{"taxonomy":"post_tag","embeddable":true,"href":"https:\/\/aconteceunovale.com.br\/portal\/index.php?rest_route=%2Fwp%2Fv2%2Ftags&post=83334"}],"curies":[{"name":"wp","href":"https:\/\/api.w.org\/{rel}","templated":true}]}}