{"id":83296,"date":"2016-04-01T10:55:04","date_gmt":"2016-04-01T13:55:04","guid":{"rendered":"http:\/\/aconteceunovale.com.br\/portal\/?p=83296"},"modified":"2016-04-01T10:55:04","modified_gmt":"2016-04-01T13:55:04","slug":"governo-de-minas-gerais-publica-lista-com-2-500-nomeados-para-a-educacao","status":"publish","type":"post","link":"https:\/\/aconteceunovale.com.br\/portal\/?p=83296","title":{"rendered":"Governo de Minas Gerais publica lista com 2.500 nomeados para a Educa\u00e7\u00e3o"},"content":{"rendered":"<p>Atuando para cumprir a meta de 30 mil nomea\u00e7\u00f5es de novos servidores em 2016, o Governo de Minas Gerais publicou no Di\u00e1rio Oficial Minas Gerais desta sexta-feira (1\u00ba\/04) nova lista de professores e t\u00e9cnicos nomeados para atuarem nas escolas estaduais e \u00f3rg\u00e3os administrativos da Secretaria de Estado de Educa\u00e7\u00e3o (SEE). S\u00e3o mais 2.500 servidores nesta segunda lista do ano. Em 15\/03, o governo publicou outras 2.500 nomea\u00e7\u00f5es, totalizando agora 5.000 nomeados em 2016.<\/p>\n<p>Desde mar\u00e7o de 2015, j\u00e1 foram nomeados 20.053 servidores, entre quadros t\u00e9cnicos e professores, todos eles aprovados no concurso de Edital SEPLAG\/SEE n\u00ba 01\/2011. As pr\u00f3ximas nomea\u00e7\u00f5es v\u00e3o contemplar tamb\u00e9m os concursos dos editais publicados em 2014.<\/p>\n<p>O subsecret\u00e1rio de Gest\u00e3o de Recursos Humanos da SEE, Antonio David de Sousa Junior, explica que, para cumprir a nova meta, ser\u00e1 preciso diminuir os intervalos entre as publica\u00e7\u00f5es, que no ano passado era de cerca de um m\u00eas. \u201cNum esfor\u00e7o compartilhado entre as equipes da SEE e da SEPLAG, vamos ampliar para 2.500 o n\u00famero de nomea\u00e7\u00f5es a cada lote e diminuir o interst\u00edcio entre as publica\u00e7\u00f5es, tendo como refer\u00eancia os prazos necess\u00e1rios para o levantamento das vagas e a realiza\u00e7\u00e3o dos exames admissionais pela per\u00edcia m\u00e9dica\u201d, afirma ele.<\/p>\n<p>Dos 2.500 nomeados desta nova lista, 2.149 v\u00e3o atuar diretamente nas escolas: s\u00e3o 1.012 professores, 500 assistentes t\u00e9cnicos de Educa\u00e7\u00e3o B\u00e1sica, 77 especialistas em Educa\u00e7\u00e3o B\u00e1sica\/orientador educacional e 560 especialistas em Educa\u00e7\u00e3o B\u00e1sica\/supervisor pedag\u00f3gico. Al\u00e9m disso, foram nomeados 186 analistas educacionais e 165 t\u00e9cnicos de Educa\u00e7\u00e3o B\u00e1sica para atuar em \u00e1reas administrativas das Superintend\u00eancias Regionais de Ensino e no \u00d3rg\u00e3o Central da SEE.<\/p>\n<p>Os candidatos nomeados devem se submeter a exame m\u00e9dico pr\u00e9-admissional, realizado pela Superintend\u00eancia Central de Per\u00edcia M\u00e9dica e Sa\u00fade Ocupacional\/SEPLAG, nas datas e hor\u00e1rios informados no <a href=\"http:\/\/www.planejamento.mg.gov.br\/concursos-e-estagios\/concursos-publicos\/concurso-da-secretaria-de-estado-de-educacao-edital-seplag-see-n-01-2011\" target=\"_blank\">site da Seplag &#8211; www.planejamento.mg.gov.br<\/a>.<\/p>\n<p><strong>Confira a lista completa de candidatos nomeados nesta sexta-feira (01\/04):<\/strong><\/p>\n<p><embed src=\"http:\/\/jornal.iof.mg.gov.br\/xmlui\/handle\/123456789\/161816?paginaCorrente=14&#038;posicaoPagCorrente=161828&#038;linkBase=http%3A%2F%2Fjornal.iof.mg.gov.br%3A80%2Fxmlui%2Fhandle%2F123456789%2F&#038;totalPaginas=60&#038;paginaDestino=2&#038;indice=0\" width=\"600\" height=\"800\"><br \/>\n<\/br><\/p>\n<p><em>(Fonte: SEE &#8211; Secretaria de Educa\u00e7\u00e3o de Minas Gerais)<\/em><\/p>\n","protected":false},"excerpt":{"rendered":"<p>Atuando para cumprir a meta de 30 mil nomea\u00e7\u00f5es de novos servidores em 2016, o Governo de Minas Gerais publicou no Di\u00e1rio Oficial Minas Gerais desta sexta-feira (1\u00ba\/04) nova lista de professores e t\u00e9cnicos nomeados para atuarem nas escolas estaduais e \u00f3rg\u00e3os administrativos da Secretaria de Estado de Educa\u00e7\u00e3o (SEE). S\u00e3o mais 2.500 servidores nesta [&hellip;]<\/p>\n","protected":false},"author":1,"featured_media":61713,"comment_status":"open","ping_status":"closed","sticky":false,"template":"","format":"standard","meta":{"amp_status":"","footnotes":""},"categories":[40238,123],"tags":[86296,86297,43738,86305,86306,40165,86307,86299,86298,86300,86301,86302,86303,86304],"class_list":["post-83296","post","type-post","status-publish","format-standard","has-post-thumbnail","hentry","category-educacao-2","category-gerais","tag-30-mil-nomeacoes-de-novos-servidores-em-2016","tag-30-mil-nomeacoes-de-novos-servidores-em-2016-em-minas-gerais","tag-antonio-david-de-sousa-junior","tag-confira-a-lista-completa-de-candidatos-nomeados-nesta-sexta-feira","tag-confira-a-lista-completa-de-candidatos-nomeados-no-dia-1o-de-abril","tag-edital-seplagsee-no-012011","tag-governo-de-minas-gerais-publica-lista-com-2-500-nomeados-para-a-educacao","tag-nomeacao-area-da-educacao-em-minas-gerais","tag-nomeacao-de-servidores-em-minas-gerais","tag-nomeacao-educacao-minas-gerais","tag-nomeacao-minas-gerais","tag-nova-lista-de-professores-e-tecnicos-nomeados-para-atuarem-nas-escolas-estaduais","tag-nova-lista-de-professores-e-tecnicos-nomeados-para-atuarem-nas-escolas-estaduais-de-minas-gerais","tag-subsecretario-de-gestao-de-recursos-humanos-da-see"],"_links":{"self":[{"href":"https:\/\/aconteceunovale.com.br\/portal\/index.php?rest_route=\/wp\/v2\/posts\/83296","targetHints":{"allow":["GET"]}}],"collection":[{"href":"https:\/\/aconteceunovale.com.br\/portal\/index.php?rest_route=\/wp\/v2\/posts"}],"about":[{"href":"https:\/\/aconteceunovale.com.br\/portal\/index.php?rest_route=\/wp\/v2\/types\/post"}],"author":[{"embeddable":true,"href":"https:\/\/aconteceunovale.com.br\/portal\/index.php?rest_route=\/wp\/v2\/users\/1"}],"replies":[{"embeddable":true,"href":"https:\/\/aconteceunovale.com.br\/portal\/index.php?rest_route=%2Fwp%2Fv2%2Fcomments&post=83296"}],"version-history":[{"count":0,"href":"https:\/\/aconteceunovale.com.br\/portal\/index.php?rest_route=\/wp\/v2\/posts\/83296\/revisions"}],"wp:featuredmedia":[{"embeddable":true,"href":"https:\/\/aconteceunovale.com.br\/portal\/index.php?rest_route=\/wp\/v2\/media\/61713"}],"wp:attachment":[{"href":"https:\/\/aconteceunovale.com.br\/portal\/index.php?rest_route=%2Fwp%2Fv2%2Fmedia&parent=83296"}],"wp:term":[{"taxonomy":"category","embeddable":true,"href":"https:\/\/aconteceunovale.com.br\/portal\/index.php?rest_route=%2Fwp%2Fv2%2Fcategories&post=83296"},{"taxonomy":"post_tag","embeddable":true,"href":"https:\/\/aconteceunovale.com.br\/portal\/index.php?rest_route=%2Fwp%2Fv2%2Ftags&post=83296"}],"curies":[{"name":"wp","href":"https:\/\/api.w.org\/{rel}","templated":true}]}}