{"id":83294,"date":"2016-04-01T10:44:05","date_gmt":"2016-04-01T13:44:05","guid":{"rendered":"http:\/\/aconteceunovale.com.br\/portal\/?p=83294"},"modified":"2016-04-01T10:44:05","modified_gmt":"2016-04-01T13:44:05","slug":"medicamentos-podem-ser-reajustados-em-ate-125-a-partir-desta-sexta-feira","status":"publish","type":"post","link":"https:\/\/aconteceunovale.com.br\/portal\/?p=83294","title":{"rendered":"Medicamentos podem ser reajustados em at\u00e9 12,5% a partir desta sexta-feira"},"content":{"rendered":"<p>A C\u00e2mara de Regula\u00e7\u00e3o do Mercado de Medicamentos em resolu\u00e7\u00e3o publicada hoje (1\u00ba) no Di\u00e1rio Oficial da Uni\u00e3o determinou que os pre\u00e7os dos rem\u00e9dios poder\u00e1 subir at\u00e9 12,5% a partir desta sexta-feira. A medida atinge mais de 9 mil medicamentos em todo o pa\u00eds.<\/p>\n<p>De acordo com a resolu\u00e7\u00e3o, o reajuste nos pre\u00e7os dos rem\u00e9dios teve por base o \u00cdndice de Pre\u00e7os ao Consumidor Amplo (IPCA) do Instituto Brasileiro de Geografia e Estat\u00edstica (IBGE) em 9 de mar\u00e7o de 2016, que acumula varia\u00e7\u00e3o de 10,36% entre mar\u00e7o de 2015 e fevereiro de 2016.<\/p>\n<p>As farm\u00e1cias e drogarias dever\u00e3o manter \u00e0 disposi\u00e7\u00e3o dos consumidores e dos \u00f3rg\u00e3os de defesa do consumidor as listas dos pre\u00e7os de medicamentos atualizadas, informa a resolu\u00e7\u00e3o.<\/p>\n<p><embed src=\"http:\/\/pesquisa.in.gov.br\/imprensa\/jsp\/visualiza\/index.jsp?jornal=1&#038;pagina=104&#038;data=01\/04\/2016\" width=\"600\" height=\"800\"><br \/>\n<\/br><\/p>\n<p>(Ag\u00eancia Brasil)<\/p>\n","protected":false},"excerpt":{"rendered":"<p>A C\u00e2mara de Regula\u00e7\u00e3o do Mercado de Medicamentos em resolu\u00e7\u00e3o publicada hoje (1\u00ba) no Di\u00e1rio Oficial da Uni\u00e3o determinou que os pre\u00e7os dos rem\u00e9dios poder\u00e1 subir at\u00e9 12,5% a partir desta sexta-feira. A medida atinge mais de 9 mil medicamentos em todo o pa\u00eds. De acordo com a resolu\u00e7\u00e3o, o reajuste nos pre\u00e7os dos rem\u00e9dios [&hellip;]<\/p>\n","protected":false},"author":1,"featured_media":75039,"comment_status":"open","ping_status":"closed","sticky":false,"template":"","format":"standard","meta":{"amp_status":"","footnotes":""},"categories":[6,40242],"tags":[86295,19329,13319,28876,86293,86292,29899,86294,62050],"class_list":["post-83294","post","type-post","status-publish","format-standard","has-post-thumbnail","hentry","category-br","category-saude-2","tag-aumento-preco-de-medicamentos","tag-diario-oficial-da-uniao","tag-ipca","tag-medicamentos","tag-medicamentos-podem-ser-reajustados-em-ate-12","tag-medicamentos-podem-ser-reajustados-em-ate-12-a-partir-desta-sexta-feira","tag-reajuste","tag-reajuste-medicamentos","tag-remedios"],"_links":{"self":[{"href":"https:\/\/aconteceunovale.com.br\/portal\/index.php?rest_route=\/wp\/v2\/posts\/83294","targetHints":{"allow":["GET"]}}],"collection":[{"href":"https:\/\/aconteceunovale.com.br\/portal\/index.php?rest_route=\/wp\/v2\/posts"}],"about":[{"href":"https:\/\/aconteceunovale.com.br\/portal\/index.php?rest_route=\/wp\/v2\/types\/post"}],"author":[{"embeddable":true,"href":"https:\/\/aconteceunovale.com.br\/portal\/index.php?rest_route=\/wp\/v2\/users\/1"}],"replies":[{"embeddable":true,"href":"https:\/\/aconteceunovale.com.br\/portal\/index.php?rest_route=%2Fwp%2Fv2%2Fcomments&post=83294"}],"version-history":[{"count":0,"href":"https:\/\/aconteceunovale.com.br\/portal\/index.php?rest_route=\/wp\/v2\/posts\/83294\/revisions"}],"wp:featuredmedia":[{"embeddable":true,"href":"https:\/\/aconteceunovale.com.br\/portal\/index.php?rest_route=\/wp\/v2\/media\/75039"}],"wp:attachment":[{"href":"https:\/\/aconteceunovale.com.br\/portal\/index.php?rest_route=%2Fwp%2Fv2%2Fmedia&parent=83294"}],"wp:term":[{"taxonomy":"category","embeddable":true,"href":"https:\/\/aconteceunovale.com.br\/portal\/index.php?rest_route=%2Fwp%2Fv2%2Fcategories&post=83294"},{"taxonomy":"post_tag","embeddable":true,"href":"https:\/\/aconteceunovale.com.br\/portal\/index.php?rest_route=%2Fwp%2Fv2%2Ftags&post=83294"}],"curies":[{"name":"wp","href":"https:\/\/api.w.org\/{rel}","templated":true}]}}