{"id":83288,"date":"2016-04-01T10:34:36","date_gmt":"2016-04-01T13:34:36","guid":{"rendered":"http:\/\/aconteceunovale.com.br\/portal\/?p=83288"},"modified":"2016-04-01T10:34:36","modified_gmt":"2016-04-01T13:34:36","slug":"conta-de-energia-eletrica-deve-ficar-mais-barata-a-partir-desta-sexta-feira","status":"publish","type":"post","link":"https:\/\/aconteceunovale.com.br\/portal\/?p=83288","title":{"rendered":"Conta de energia el\u00e9trica deve ficar mais barata a partir desta sexta-feira"},"content":{"rendered":"<p>Consumidores em todo o Brasil, que mantiverem o n\u00edvel de gasto de energia el\u00e9trica, dever\u00e3o ter uma redu\u00e7\u00e3o na conta de luz em abril. \u00c9 que a partir de hoje (1\u00ba), o custo para produzir energia ficar\u00e1 menor, quando passa a vigorar a bandeira tarif\u00e1ria verde, sem cobran\u00e7a extra na conta do consumidor para cobrir o custo maior de gera\u00e7\u00e3o.<\/p>\n<p>A expectativa do Minist\u00e9rio de Minas e Energia \u00e9 que a redu\u00e7\u00e3o m\u00e9dia na conta de luz fique entre 6% e 7%.<\/p>\n<p>Segundo a Ag\u00eancia Nacional de Energia El\u00e9trica (Aneel), a bandeira tarif\u00e1ria \u00e9 uma forma diferente de cobrar um valor que era inclu\u00eddo na conta de energia, no reajuste tarif\u00e1rio anual das distribuidoras. A cor da bandeira indica o custo da energia para mais ou para menos, em fun\u00e7\u00e3o das condi\u00e7\u00f5es de gera\u00e7\u00e3o de eletricidade.<\/p>\n<p>Desde que foi implementado o sistema de bandeiras tarif\u00e1rias, de janeiro de 2015 at\u00e9 fevereiro de 2016, a bandeira se manteve vermelha. Em mar\u00e7o, passou para amarela.<\/p>\n<p>O aumento de chuva neste ano melhorou o volume dos reservat\u00f3rios das hidrel\u00e9tricas e, aliado \u00e0 redu\u00e7\u00e3o da demanda e \u00e0 inclus\u00e3o de novas usinas no sistema, possibilitou a mudan\u00e7a das bandeiras tarif\u00e1rias nos \u00faltimos meses. Com a alta dos reservat\u00f3rios, foi poss\u00edvel fazer o desligamento \u2013 em mar\u00e7o \u2013 das usinas termel\u00e9tricas, que t\u00eam custo de gera\u00e7\u00e3o mais alto. Isso  tamb\u00e9m colaborou para a mudan\u00e7a da bandeira tarif\u00e1ria.<\/p>\n<p>A bandeira em vigor neste m\u00eas foi decidida esta semana em reuni\u00e3o da diretoria da Ag\u00eancia Nacional de Energia El\u00e9trica (Aneel). A mudan\u00e7a foi poss\u00edvel diante da simula\u00e7\u00e3o dos custos de gera\u00e7\u00e3o e distribui\u00e7\u00e3o de energia el\u00e9trica e do superavit acumulado nos \u00faltimos meses nas contas do sistema de bandeiras. (Ag\u00eancia Brasil)<\/p>\n","protected":false},"excerpt":{"rendered":"<p>Consumidores em todo o Brasil, que mantiverem o n\u00edvel de gasto de energia el\u00e9trica, dever\u00e3o ter uma redu\u00e7\u00e3o na conta de luz em abril. \u00c9 que a partir de hoje (1\u00ba), o custo para produzir energia ficar\u00e1 menor, quando passa a vigorar a bandeira tarif\u00e1ria verde, sem cobran\u00e7a extra na conta do consumidor para cobrir [&hellip;]<\/p>\n","protected":false},"author":1,"featured_media":54014,"comment_status":"open","ping_status":"closed","sticky":false,"template":"","format":"standard","meta":{"amp_status":"","footnotes":""},"categories":[6],"tags":[86283,86286,86281,26915,86284,35833,86279,86278,86287,86280,35418,86285,86282],"class_list":["post-83288","post","type-post","status-publish","format-standard","has-post-thumbnail","hentry","category-br","tag-baixa-na-conta-de-energia-eletrica","tag-bandeira-tarifaria-verde","tag-bandeira-verde-conta-de-energia-eletrica","tag-bandeiras-tarifarias","tag-conta","tag-conta-de-energia-eletrica","tag-conta-de-energia-eletrica-deve-ficar-mais-barata","tag-conta-de-energia-eletrica-deve-ficar-mais-barata-a-partir-de-hoje","tag-conta-de-energia-eletrica-deve-ficar-mais-barata-a-partir-desta-sexta-feira","tag-conta-de-energia-eletrica-mais-barata","tag-energia-eletrica","tag-mais-barata","tag-reducao-na-conta-de-energia-eletrica"],"_links":{"self":[{"href":"https:\/\/aconteceunovale.com.br\/portal\/index.php?rest_route=\/wp\/v2\/posts\/83288","targetHints":{"allow":["GET"]}}],"collection":[{"href":"https:\/\/aconteceunovale.com.br\/portal\/index.php?rest_route=\/wp\/v2\/posts"}],"about":[{"href":"https:\/\/aconteceunovale.com.br\/portal\/index.php?rest_route=\/wp\/v2\/types\/post"}],"author":[{"embeddable":true,"href":"https:\/\/aconteceunovale.com.br\/portal\/index.php?rest_route=\/wp\/v2\/users\/1"}],"replies":[{"embeddable":true,"href":"https:\/\/aconteceunovale.com.br\/portal\/index.php?rest_route=%2Fwp%2Fv2%2Fcomments&post=83288"}],"version-history":[{"count":0,"href":"https:\/\/aconteceunovale.com.br\/portal\/index.php?rest_route=\/wp\/v2\/posts\/83288\/revisions"}],"wp:featuredmedia":[{"embeddable":true,"href":"https:\/\/aconteceunovale.com.br\/portal\/index.php?rest_route=\/wp\/v2\/media\/54014"}],"wp:attachment":[{"href":"https:\/\/aconteceunovale.com.br\/portal\/index.php?rest_route=%2Fwp%2Fv2%2Fmedia&parent=83288"}],"wp:term":[{"taxonomy":"category","embeddable":true,"href":"https:\/\/aconteceunovale.com.br\/portal\/index.php?rest_route=%2Fwp%2Fv2%2Fcategories&post=83288"},{"taxonomy":"post_tag","embeddable":true,"href":"https:\/\/aconteceunovale.com.br\/portal\/index.php?rest_route=%2Fwp%2Fv2%2Ftags&post=83288"}],"curies":[{"name":"wp","href":"https:\/\/api.w.org\/{rel}","templated":true}]}}