{"id":83285,"date":"2016-04-01T10:18:52","date_gmt":"2016-04-01T13:18:52","guid":{"rendered":"http:\/\/aconteceunovale.com.br\/portal\/?p=83285"},"modified":"2016-04-01T10:18:52","modified_gmt":"2016-04-01T13:18:52","slug":"hospital-da-unimontes-recebe-premio-nacional-de-direitos-humanos-e-anuncia-novas-melhorias","status":"publish","type":"post","link":"https:\/\/aconteceunovale.com.br\/portal\/?p=83285","title":{"rendered":"Hospital da Unimontes recebe Pr\u00eamio Nacional de Direitos Humanos e anuncia novas melhorias"},"content":{"rendered":"<p>A Maternidade \u201cMaria Barbosa\u201d, do Hospital Universit\u00e1rio Clemente de Faria (HUCF), foi condecorada com o Pr\u00eamio Direitos Humanos \u2013 edi\u00e7\u00e3o 2015 -, em reconhecimento \u00e0s iniciativas locais de promo\u00e7\u00e3o \u00e0 cidadania e \u00e0 justi\u00e7a. A comenda, concedido pela Secretaria de Direitos Humanos da Presid\u00eancia da Rep\u00fablica, contemplou o hospital na categoria \u201cAcesso \u00e0 Documenta\u00e7\u00e3o B\u00e1sica\u201d, em reconhecimento aos benef\u00edcios para a comunidade, com a execu\u00e7\u00e3o do projeto das Unidades Interligadas de Registro Civil de Nascimentos. <\/p>\n<p>O servi\u00e7o funciona em parceria com os cart\u00f3rios de registro civil e permite que m\u00e3es e pais j\u00e1 saiam das maternidades com a certid\u00e3o de nascimento dos filhos em m\u00e3os. Com um sistema interligado ao cart\u00f3rio de registro \u2013 via internet \u2013, a impress\u00e3o do documento ocorre no pr\u00f3prio hospital, sem a necessidade de os pais gastarem tempo\/dinheiro para o registro do rec\u00e9m-nascido, assegurando \u00e0 popula\u00e7\u00e3o o pleno exerc\u00edcio da cidadania e o f\u00e1cil acesso \u00e0 documenta\u00e7\u00e3o b\u00e1sica. <\/p>\n<p>Tamb\u00e9m desenvolvido nas outras 34 unidades hospitalares no estado, o projeto viabilizou, somente em 2015, a emiss\u00e3o gratuita de quase 35.300 certid\u00f5es de nascimento em Minas Gerais. No \u00e2mbito do hospital universit\u00e1rio, no ano passado, foram 1.260 beb\u00eas registrados. O resultado j\u00e1 foi alcan\u00e7ado com o suporte da rede interligada de registro civil, implantada em maio de 2014, que permitiu a emiss\u00e3o de 750 naquele ano. De 2007 a 2012, foram expedidos 4.645 na unidade hospitalar da Unimontes.<\/p>\n<p><img decoding=\"async\" src=\"http:\/\/aconteceunovale.com.br\/portal\/wp-content\/uploads\/2016\/04\/unimontes_Andr\u00e9ia_Fr\u00f3esAscom_HUCF.jpg\" alt=\"\" \/><em>Com um sistema interligado ao cart\u00f3rio de registro \u2013 via internet \u2013, a impress\u00e3o da certid\u00e3o de nascimento ocorre no pr\u00f3prio hospital (Foto: Andr\u00e9ia Fr\u00f3es\/Ascom HUCF)<\/em><br \/>\n<\/br><\/p>\n<p><strong>Pr\u00eamio Direitos Humanos<\/strong><\/p>\n<p>Para o superintendente do HUCF, Jos\u00e9 Ot\u00e1vio Braga Lima, a nova premia\u00e7\u00e3o vem refor\u00e7ar a qualidade do servi\u00e7o ofertado a popula\u00e7\u00e3o na unidade. &#8220;O t\u00edtulo comprova todo esfor\u00e7o da equipe multiprofissional que trabalha com responsabilidade e seguran\u00e7a para atender ao usu\u00e1rio. Refor\u00e7a a voca\u00e7\u00e3o da Maternidade&#8221;, descreve Ot\u00e1vio.<\/p>\n<p>A escrevente do cart\u00f3rio lotado no HUCF, Cristina Serqueira Alves Corr\u00eaa, explica que, desde a implanta\u00e7\u00e3o da unidade, foram emitidos 6.940 registros. Ela acredita que o n\u00famero poderia ser maior se n\u00e3o tivesse o sub-registro. &#8220;O registro no hospital \u2013 que s\u00f3 pode ser feito enquanto a m\u00e3e e a crian\u00e7a est\u00e3o internados na unidade \u2013 garante ao beb\u00ea o direito a uma identidade. Sem o registro civil de nascimento, o cidad\u00e3o n\u00e3o pode ter o Cart\u00e3o SUS e nem participar de programas sociais, por exemplo\u201d, observa.<\/p>\n<p>Ela refor\u00e7a, ainda, a necessidade de uma campanha para que os pais visitem as m\u00e3es e filhos no hospital. &#8220;De 1\u00ba a 30 de mar\u00e7o, tivemos 142 registros. Se analisado o resultado com o n\u00famero de Declara\u00e7\u00e3o de Nascidos Vivos (DNV), 25% das crian\u00e7as sa\u00edram da Maternidade sem registro porque os pais n\u00e3o vieram na unidade&#8221;, afirma. Cristina tamb\u00e9m justifica este percentual. &#8220;Em alguns casos, os pais est\u00e3o reclusos no sistema prisional e, em outros, os pais querem registrar os filhos em suas cidades de origem. H\u00e1, ainda, 10% dos sub-registros t\u00eam indica\u00e7\u00e3o de paternidade judicial&#8221;, caracteriza a escrevente.<\/p>\n<p><strong>Bom exemplo<\/strong><\/p>\n<p>Massagista de Francisco S\u00e1, munic\u00edpio do Norte de Minas, Felipe Santiago Oliveira Alves, acompanha a esposa e o filho no HUCF desde a ter\u00e7a-feira (29\/3) e entende que fazer o registro na unidade facilita a vida do casal, que tem mais comodidade e conforto. &#8220;N\u00e3o preciso deix\u00e1-los sozinhos. Al\u00e9m disso, meu filho j\u00e1 sai daqui como um cidad\u00e3o. \u00c9 o primeiro documento dele. Estamos muito felizes&#8221;, descreve.<\/p>\n<p>Vale lembrar que a m\u00e3e tamb\u00e9m pode registrar o filho. Desde 2015, foi sancionada a Lei 13.112\/2015, que equipara legalmente m\u00e3es e pais quanto \u00e0 obriga\u00e7\u00e3o de registrar o rec\u00e9m-nascido. Conforme o texto, pai ou m\u00e3e tem o dever de fazer o registro no prazo de 15 dias. Se um deles n\u00e3o cumprir a exig\u00eancia dentro do per\u00edodo, o outro ter\u00e1 um m\u00eas e meio para realizar a declara\u00e7\u00e3o. Antes da publica\u00e7\u00e3o da lei, era exclusiva ao pai a iniciativa de registrar o filho nos primeiros 15 dias desde o nascimento. \u201cO registro \u00e9 o primeiro ato civil da pessoa\u201d, ressalta a coordenadora administrativa da unidade, Arlene Soares.<\/p>\n<p><strong>Maternidade\/HUCF<\/strong><\/p>\n<p>A maternidade do Hospital Universit\u00e1rio Clemente de Faria tem 30 leitos e realiza cerca de 180 partos\/m\u00eas. \u00c9 refer\u00eancia regional para gravidez de alto risco, inclusive para pacientes HIV positivos, al\u00e9m de possuir ambulat\u00f3rio com assist\u00eancia cl\u00ednico-ginecol\u00f3gica, pr\u00e9-natal, aten\u00e7\u00e3o ao puerp\u00e9rio, climat\u00e9rio, mastologia, DST\/AIDS, planejamento familiar, ambulat\u00f3rio de assist\u00eancia \u00e0s vitimas de viol\u00eancia sexual e servi\u00e7o de preven\u00e7\u00e3o de c\u00e2ncer ginecol\u00f3gico. Destaca-se, ainda, por oferecer servi\u00e7os numa perspectiva docente-assistencial, integrando os cursos m\u00e9dico, de enfermagem e resid\u00eancias m\u00e9dicas em ginecologia\/obstetr\u00edcia, multiprofissional sa\u00fade da fam\u00edlia (m\u00e9dico e enfermeiro) e pediatria.<\/p>\n<p>Em reconhecimento ao trabalho prestado, a unidade det\u00e9m tamb\u00e9m os T\u00edtulos de Hospital Amigo da Crian\u00e7a pela UNICEF e Organiza\u00e7\u00e3o Mundial da Sa\u00fade (OMS), Maternidade Segura e Pr\u00eamio Galba de Ara\u00fajo. A Maternidade do Hospital da Unimontes foi tamb\u00e9m a primeira em Montes Claros a implantar a unidade interligada de registro civil, oferecendo aos pais a possibilidade de as crian\u00e7as sa\u00edrem do Hospital j\u00e1 com o registro de nascimento.<\/p>\n<p><strong>Reforma estruturante<\/strong><\/p>\n<p>A maternidade passa por uma reforma or\u00e7ada em quase R$ 500 mil. Segundo o diretor administrativo, professor M\u00e1rcio Ant\u00f4nio Alves Veloso, todos os quartos ser\u00e3o reestruturados com a troca de piso, pinturas, troca de equipamentos, dentre outras a\u00e7\u00f5es. A proposta, segundo ele, pretende melhorar ainda mais as condi\u00e7\u00f5es de hotelaria para usu\u00e1rios, servidores e corpo cl\u00ednico, tanto na maternidade quanto no bloco obst\u00e9trico. &#8220;A reforma vai criar melhores condi\u00e7\u00f5es para as atividades profissionais possam ser desenvolvidas com mais seguran\u00e7a, conforto e qualidade&#8221;, sinaliza Veloso. (Ag\u00eancia Minas)<\/p>\n","protected":false},"excerpt":{"rendered":"<p>A Maternidade \u201cMaria Barbosa\u201d, do Hospital Universit\u00e1rio Clemente de Faria (HUCF), foi condecorada com o Pr\u00eamio Direitos Humanos \u2013 edi\u00e7\u00e3o 2015 -, em reconhecimento \u00e0s iniciativas locais de promo\u00e7\u00e3o \u00e0 cidadania e \u00e0 justi\u00e7a. A comenda, concedido pela Secretaria de Direitos Humanos da Presid\u00eancia da Rep\u00fablica, contemplou o hospital na categoria \u201cAcesso \u00e0 Documenta\u00e7\u00e3o B\u00e1sica\u201d, [&hellip;]<\/p>\n","protected":false},"author":1,"featured_media":83286,"comment_status":"open","ping_status":"closed","sticky":false,"template":"","format":"standard","meta":{"amp_status":"","footnotes":""},"categories":[1236,40242],"tags":[86271,86274,86275,86276,1395,86272,86277,3246,42698,42536,86270,86269,86266,86267,86268,86265,86273,763],"class_list":["post-83285","post","type-post","status-publish","format-standard","has-post-thumbnail","hentry","category-norte_de_minas","category-saude-2","tag-acesso-a-documentacao-basica","tag-cartorio-lotado-no-hucf","tag-cristina-serqueira-alves-correa","tag-felipe-santiago-oliveira-alves","tag-francisco-sa","tag-hospital-da-unimontes","tag-hospital-da-unimontes-recebe-premio-nacional-de-direitos-humanos-e-anuncia-novas-melhorias","tag-hospital-universitario-clemente-de-faria","tag-hucf","tag-jose-otavio-braga-lima","tag-maternidade-do-hospital-universitario-clemente-de-faria","tag-maternidade-do-hucf","tag-maternidade-maria-barbosa","tag-maternidade-maria-barbosa-do-hospital-universitario-clemente-de-faria","tag-maternidade-maria-barbosa-do-hucf","tag-premio-direitos-humanos","tag-superintendente-do-hucf","tag-unimontes"],"_links":{"self":[{"href":"https:\/\/aconteceunovale.com.br\/portal\/index.php?rest_route=\/wp\/v2\/posts\/83285","targetHints":{"allow":["GET"]}}],"collection":[{"href":"https:\/\/aconteceunovale.com.br\/portal\/index.php?rest_route=\/wp\/v2\/posts"}],"about":[{"href":"https:\/\/aconteceunovale.com.br\/portal\/index.php?rest_route=\/wp\/v2\/types\/post"}],"author":[{"embeddable":true,"href":"https:\/\/aconteceunovale.com.br\/portal\/index.php?rest_route=\/wp\/v2\/users\/1"}],"replies":[{"embeddable":true,"href":"https:\/\/aconteceunovale.com.br\/portal\/index.php?rest_route=%2Fwp%2Fv2%2Fcomments&post=83285"}],"version-history":[{"count":0,"href":"https:\/\/aconteceunovale.com.br\/portal\/index.php?rest_route=\/wp\/v2\/posts\/83285\/revisions"}],"wp:featuredmedia":[{"embeddable":true,"href":"https:\/\/aconteceunovale.com.br\/portal\/index.php?rest_route=\/wp\/v2\/media\/83286"}],"wp:attachment":[{"href":"https:\/\/aconteceunovale.com.br\/portal\/index.php?rest_route=%2Fwp%2Fv2%2Fmedia&parent=83285"}],"wp:term":[{"taxonomy":"category","embeddable":true,"href":"https:\/\/aconteceunovale.com.br\/portal\/index.php?rest_route=%2Fwp%2Fv2%2Fcategories&post=83285"},{"taxonomy":"post_tag","embeddable":true,"href":"https:\/\/aconteceunovale.com.br\/portal\/index.php?rest_route=%2Fwp%2Fv2%2Ftags&post=83285"}],"curies":[{"name":"wp","href":"https:\/\/api.w.org\/{rel}","templated":true}]}}