{"id":83277,"date":"2016-04-01T09:05:24","date_gmt":"2016-04-01T12:05:24","guid":{"rendered":"http:\/\/aconteceunovale.com.br\/portal\/?p=83277"},"modified":"2016-04-01T09:05:24","modified_gmt":"2016-04-01T12:05:24","slug":"previsao-do-tempo-para-minas-gerais-nesta-sexta-feira-1o-de-abril","status":"publish","type":"post","link":"https:\/\/aconteceunovale.com.br\/portal\/?p=83277","title":{"rendered":"Previs\u00e3o do tempo para Minas Gerais, nesta sexta-feira, 1\u00ba de abril"},"content":{"rendered":"<h4><strong><em>Na Regi\u00e3o Metropolitana de Belo Horizonte, o c\u00e9u fica ensolarado a parcialmente nublado.<\/em><\/strong><\/h4>\n<p>\u00c1reas de instabilidade deixam o tempo com chances de chuva em parte do Sudeste do pa\u00eds. H\u00e1 previs\u00e3o de pancadas de chuva no Sul, Zona da Mata, Central e Tri\u00e2ngulo Mineiro. Nas demais regi\u00f5es mineiras, o dia ser\u00e1 de c\u00e9u parcialmente nublado com temperaturas em ligeira eleva\u00e7\u00e3o e n\u00e3o h\u00e1 previs\u00e3o de chuva.<\/p>\n<p>Na Regi\u00e3o Metropolitana de Belo Horizonte, o c\u00e9u fica ensolarado a parcialmente nublado. Na capital mineira o dia segue com c\u00e9u claro a parcialmente nublado e n\u00e3o h\u00e1 previs\u00e3o de chuva. As temperaturas devem oscilar entre 17 e 28\u00b0C, com umidade relativa do ar m\u00ednima em torno de 55% \u00e0 tarde.<\/p>\n","protected":false},"excerpt":{"rendered":"<p>Na Regi\u00e3o Metropolitana de Belo Horizonte, o c\u00e9u fica ensolarado a parcialmente nublado. \u00c1reas de instabilidade deixam o tempo com chances de chuva em parte do Sudeste do pa\u00eds. H\u00e1 previs\u00e3o de pancadas de chuva no Sul, Zona da Mata, Central e Tri\u00e2ngulo Mineiro. Nas demais regi\u00f5es mineiras, o dia ser\u00e1 de c\u00e9u parcialmente nublado [&hellip;]<\/p>\n","protected":false},"author":1,"featured_media":82499,"comment_status":"open","ping_status":"closed","sticky":false,"template":"","format":"standard","meta":{"amp_status":"","footnotes":""},"categories":[123],"tags":[86243,194,131,38395,1956,27340,86249,86248,86247,1839,86245,27976,86244,86246],"class_list":["post-83277","post","type-post","status-publish","format-standard","has-post-thumbnail","hentry","category-gerais","tag-1o-de-abril","tag-belo-horizonte","tag-minas-gerais","tag-nesta-sexta-feira","tag-previsao-do-tempo","tag-previsao-do-tempo-para-belo-horizonte","tag-previsao-do-tempo-para-belo-horizonte-1o-de-abril","tag-previsao-do-tempo-para-belo-horizonte-nesta-sexta-feira","tag-previsao-do-tempo-para-belo-horizonte-nesta-sexta-feira-1o-de-abril","tag-previsao-do-tempo-para-minas-gerais","tag-previsao-do-tempo-para-minas-gerais-1o-de-abril","tag-previsao-do-tempo-para-minas-gerais-nesta-sexta-feira","tag-previsao-do-tempo-para-minas-gerais-nesta-sexta-feira-1o-de-abril","tag-sexta-feira-1o-de-abril"],"_links":{"self":[{"href":"https:\/\/aconteceunovale.com.br\/portal\/index.php?rest_route=\/wp\/v2\/posts\/83277","targetHints":{"allow":["GET"]}}],"collection":[{"href":"https:\/\/aconteceunovale.com.br\/portal\/index.php?rest_route=\/wp\/v2\/posts"}],"about":[{"href":"https:\/\/aconteceunovale.com.br\/portal\/index.php?rest_route=\/wp\/v2\/types\/post"}],"author":[{"embeddable":true,"href":"https:\/\/aconteceunovale.com.br\/portal\/index.php?rest_route=\/wp\/v2\/users\/1"}],"replies":[{"embeddable":true,"href":"https:\/\/aconteceunovale.com.br\/portal\/index.php?rest_route=%2Fwp%2Fv2%2Fcomments&post=83277"}],"version-history":[{"count":0,"href":"https:\/\/aconteceunovale.com.br\/portal\/index.php?rest_route=\/wp\/v2\/posts\/83277\/revisions"}],"wp:featuredmedia":[{"embeddable":true,"href":"https:\/\/aconteceunovale.com.br\/portal\/index.php?rest_route=\/wp\/v2\/media\/82499"}],"wp:attachment":[{"href":"https:\/\/aconteceunovale.com.br\/portal\/index.php?rest_route=%2Fwp%2Fv2%2Fmedia&parent=83277"}],"wp:term":[{"taxonomy":"category","embeddable":true,"href":"https:\/\/aconteceunovale.com.br\/portal\/index.php?rest_route=%2Fwp%2Fv2%2Fcategories&post=83277"},{"taxonomy":"post_tag","embeddable":true,"href":"https:\/\/aconteceunovale.com.br\/portal\/index.php?rest_route=%2Fwp%2Fv2%2Ftags&post=83277"}],"curies":[{"name":"wp","href":"https:\/\/api.w.org\/{rel}","templated":true}]}}