{"id":83265,"date":"2016-03-31T20:28:49","date_gmt":"2016-03-31T23:28:49","guid":{"rendered":"http:\/\/aconteceunovale.com.br\/portal\/?p=83265"},"modified":"2016-03-31T20:28:49","modified_gmt":"2016-03-31T23:28:49","slug":"prazo-para-filiacao-partidaria-vence-dia-2-de-abril","status":"publish","type":"post","link":"https:\/\/aconteceunovale.com.br\/portal\/?p=83265","title":{"rendered":"Prazo para filia\u00e7\u00e3o partid\u00e1ria vence dia 2 de abril"},"content":{"rendered":"<p>Para quem pretende se candidatar nas elei\u00e7\u00f5es de 2016, 2 de abril \u00e9 o prazo final para se filiar ao partido pol\u00edtico pelo qual vai concorrer. O prazo limite para filia\u00e7\u00e3o partid\u00e1ria foi uma das mat\u00e9rias que sofreu modifica\u00e7\u00e3o devido \u00e0 edi\u00e7\u00e3o da Lei 13.165\/2015 (minirreforma eleitoral). O prazo foi reduzido de 12 para seis meses (se o estatuto partid\u00e1rio n\u00e3o previr prazo maior).<\/p>\n<p>Entretanto, esse n\u00e3o \u00e9 o prazo final para apresenta\u00e7\u00e3o das rela\u00e7\u00f5es de filiados \u00e0 Justi\u00e7a Eleitoral, que devem ser enviadas, via internet, at\u00e9 o dia 14 de abril.<\/p>\n<p>A Justi\u00e7a Eleitoral utiliza o sistema Filiaweb para registro e processamento das rela\u00e7\u00f5es de filiados. De acordo com o cronograma estabelecido pelo TSE (Provimento n\u00ba 5\/CGE), os partidos pol\u00edticos t\u00eam at\u00e9 o dia 14 de abril para submeterem as rela\u00e7\u00f5es ao processamento. A partir de 20 de abril, as rela\u00e7\u00f5es oficiais de filiados estar\u00e3o dispon\u00edveis para consulta no Filiaweb.<\/p>\n<p>Divulgadas as rela\u00e7\u00f5es oficiais, os filiados e partidos envolvidos em duplicidade t\u00eam at\u00e9 o dia 11 de maio para apresentar suas justificativas perante os cart\u00f3rios. J\u00e1 os ju\u00edzes eleitorais t\u00eam at\u00e9 o dia 23 de maio para decidir sobre todas elas. Se conclu\u00edda a exist\u00eancia de dupla filia\u00e7\u00e3o, a legisla\u00e7\u00e3o determina o cancelamento de ambas. (TRE-MG)<\/p>\n","protected":false},"excerpt":{"rendered":"<p>Para quem pretende se candidatar nas elei\u00e7\u00f5es de 2016, 2 de abril \u00e9 o prazo final para se filiar ao partido pol\u00edtico pelo qual vai concorrer. O prazo limite para filia\u00e7\u00e3o partid\u00e1ria foi uma das mat\u00e9rias que sofreu modifica\u00e7\u00e3o devido \u00e0 edi\u00e7\u00e3o da Lei 13.165\/2015 (minirreforma eleitoral). O prazo foi reduzido de 12 para seis [&hellip;]<\/p>\n","protected":false},"author":1,"featured_media":83266,"comment_status":"open","ping_status":"closed","sticky":false,"template":"","format":"standard","meta":{"amp_status":"","footnotes":""},"categories":[6,79927,40240],"tags":[86222,86221,86220,78863,86224,86219,86223,66742,86225,86218],"class_list":["post-83265","post","type-post","status-publish","format-standard","has-post-thumbnail","hentry","category-br","category-eleicoes-2016-2","category-politica-2","tag-candidatos-eleicoes-de-2016","tag-dicas-eleicoes-de-2016","tag-dicas-para-quem-pretende-se-candidatar-nas-eleicoes-de-2016","tag-eleicoes-de-2016","tag-filiaweb","tag-informacoes-para-quem-pretende-se-candidatar-nas-eleicoes-de-2016","tag-lei-13-1652015","tag-minirreforma-eleitoral","tag-prazo-para-filiacao-partidaria-vence-dia-2-de-abril","tag-quem-pretende-se-candidatar-nas-eleicoes-de-2016"],"_links":{"self":[{"href":"https:\/\/aconteceunovale.com.br\/portal\/index.php?rest_route=\/wp\/v2\/posts\/83265","targetHints":{"allow":["GET"]}}],"collection":[{"href":"https:\/\/aconteceunovale.com.br\/portal\/index.php?rest_route=\/wp\/v2\/posts"}],"about":[{"href":"https:\/\/aconteceunovale.com.br\/portal\/index.php?rest_route=\/wp\/v2\/types\/post"}],"author":[{"embeddable":true,"href":"https:\/\/aconteceunovale.com.br\/portal\/index.php?rest_route=\/wp\/v2\/users\/1"}],"replies":[{"embeddable":true,"href":"https:\/\/aconteceunovale.com.br\/portal\/index.php?rest_route=%2Fwp%2Fv2%2Fcomments&post=83265"}],"version-history":[{"count":0,"href":"https:\/\/aconteceunovale.com.br\/portal\/index.php?rest_route=\/wp\/v2\/posts\/83265\/revisions"}],"wp:featuredmedia":[{"embeddable":true,"href":"https:\/\/aconteceunovale.com.br\/portal\/index.php?rest_route=\/wp\/v2\/media\/83266"}],"wp:attachment":[{"href":"https:\/\/aconteceunovale.com.br\/portal\/index.php?rest_route=%2Fwp%2Fv2%2Fmedia&parent=83265"}],"wp:term":[{"taxonomy":"category","embeddable":true,"href":"https:\/\/aconteceunovale.com.br\/portal\/index.php?rest_route=%2Fwp%2Fv2%2Fcategories&post=83265"},{"taxonomy":"post_tag","embeddable":true,"href":"https:\/\/aconteceunovale.com.br\/portal\/index.php?rest_route=%2Fwp%2Fv2%2Ftags&post=83265"}],"curies":[{"name":"wp","href":"https:\/\/api.w.org\/{rel}","templated":true}]}}