{"id":83257,"date":"2016-03-31T18:06:32","date_gmt":"2016-03-31T21:06:32","guid":{"rendered":"http:\/\/aconteceunovale.com.br\/portal\/?p=83257"},"modified":"2016-04-01T16:05:41","modified_gmt":"2016-04-01T19:05:41","slug":"associacao-de-pessoas-com-deficiencia-em-nanuque-tera-quadra-coberta","status":"publish","type":"post","link":"https:\/\/aconteceunovale.com.br\/portal\/?p=83257","title":{"rendered":"Associa\u00e7\u00e3o de pessoas com defici\u00eancia em Nanuque ter\u00e1 quadra coberta"},"content":{"rendered":"<p>A unidade do Minist\u00e9rio P\u00fablico do Trabalho (MPT) em Te\u00f3filo Otoni destinou R$ 60 mil para a Anpode \u2013 Associa\u00e7\u00e3o Nacional das Pessoas com Defici\u00eancia, da cidade de Nanuque, para auxiliar na constru\u00e7\u00e3o de uma quadra coberta que vai atender, especialmente, pessoas com defici\u00eancia. O recurso ser\u00e1 usado para a compra de materiais de constru\u00e7\u00e3o.<\/p>\n<p>\u201cQuando conclu\u00eddo, o local tamb\u00e9m ser\u00e1 aberto \u00e0 popula\u00e7\u00e3o e beneficiar\u00e1 diretamente cerca de 3 mil cidad\u00e3os da cidade, que poder\u00e3o realizar atividades de lazer, semin\u00e1rios e reuni\u00f5es, usufruindo de um espa\u00e7o amplo, coberto, adaptado e com salas multiusos\u201d, informa o procurador do trabalho Adolfo Jacob, respons\u00e1vel pela destina\u00e7\u00e3o da verba.<\/p>\n<p><img decoding=\"async\" src=\"http:\/\/aconteceunovale.com.br\/portal\/wp-content\/uploads\/2016\/03\/quadra_nanuque_1.jpg\" alt=\"\" \/><em>Anpode ter\u00e1 quadra coberta (Foto: Divulga\u00e7\u00e3o \/ Ascom MPT)<\/em><br \/>\n<\/br><\/p>\n<p>A Anpode auxilia 867 pessoas com defici\u00eancias auditiva, f\u00edsica, visual, mental, mobilidade reduzida, al\u00e9m de 436 idosos. Com 600m\u00b2, a quadra j\u00e1 era uma reivindica\u00e7\u00e3o antiga da sociedade e de membros da associa\u00e7\u00e3o, que aspiravam por um local adequado, amplo e coberto para realizarem atividades de lazer. \u201cNanuque n\u00e3o possui um local adequado para as pessoas com defici\u00eancias e a ANPODE se destacar\u00e1 como um local acess\u00edvel e multiuso\u201d, afirma o presidente da institui\u00e7\u00e3o Givanildo Souza. Animados com o novo espa\u00e7o, de acordo com o presidente, j\u00e1 surgiu a ideia de criar o campeonato \u201cfutebol e o basquete em cadeiras de rodas\u201d para os associados.<\/p>\n<p>Com previs\u00e3o de inaugura\u00e7\u00e3o para o dia 1\u00ba de maio, o espa\u00e7o conta com a quadra para realiza\u00e7\u00e3o de eventos da institui\u00e7\u00e3o e da comunidade, al\u00e9m de dois banheiros e cinco salas, que abrigar\u00e3o um centro odontol\u00f3gico, equipamentos m\u00e9dicos e oficina para reformas de equipamentos ortop\u00e9dicos. A constru\u00e7\u00e3o ainda conta com garagem para acomodar os tr\u00eas ve\u00edculos da institui\u00e7\u00e3o.<\/p>\n<p>O valor destinado \u00e9 resultado de um acordo assinado entre o MPT e a ANR Agropecu\u00e1ria Ltda, sob a media\u00e7\u00e3o do procurador do Trabalho Adolfo Jacob. A empresa foi investigada por atrasar o pagamento dos funcion\u00e1rios, prorrogar a jornada al\u00e9m do permitido, manter empregados em trabalho durante feriados sem autoriza\u00e7\u00e3o, atrasar o pagamento do FGTS, entre outras irregularidades. <\/p>\n<p><img decoding=\"async\" src=\"http:\/\/aconteceunovale.com.br\/portal\/wp-content\/uploads\/2016\/03\/quadra_nanuque_2.jpg\" alt=\"\" \/><em>Anpode ter\u00e1 quadra coberta (Foto: Divulga\u00e7\u00e3o \/ Ascom MPT)<\/em><br \/>\n<\/br><\/p>\n<p>(Ascom MPT)<\/p>\n","protected":false},"excerpt":{"rendered":"<p>A unidade do Minist\u00e9rio P\u00fablico do Trabalho (MPT) em Te\u00f3filo Otoni destinou R$ 60 mil para a Anpode \u2013 Associa\u00e7\u00e3o Nacional das Pessoas com Defici\u00eancia, da cidade de Nanuque, para auxiliar na constru\u00e7\u00e3o de uma quadra coberta que vai atender, especialmente, pessoas com defici\u00eancia. O recurso ser\u00e1 usado para a compra de materiais de constru\u00e7\u00e3o. [&hellip;]<\/p>\n","protected":false},"author":1,"featured_media":83258,"comment_status":"open","ping_status":"closed","sticky":false,"template":"","format":"standard","meta":{"amp_status":"","footnotes":""},"categories":[122],"tags":[86213,86205,86204,86214,86206,86212,86211,86210,86209,252,86207,164,86208],"class_list":["post-83257","post","type-post","status-publish","format-standard","has-post-thumbnail","hentry","category-mucuri","tag-anpode","tag-associacao-de-pessoas-com-deficiencia-em-nanuque","tag-associacao-de-pessoas-com-deficiencia-em-nanuque-tera-quadra-coberta","tag-associacao-nacional-das-pessoas-com-deficiencia","tag-cobertura-da-quadra-da-associacao-de-pessoas-com-deficiencia-em-nanuque","tag-mpt","tag-mpt-em-teofilo-otoni","tag-mpt-em-teofilo-otoni-destinou-r-60-mil-para-a-obra","tag-mpt-em-teofilo-otoni-destinou-r-60-mil-para-a-obra-em-nanuque","tag-nanuque","tag-recurso-para-associacao-de-pessoas-com-deficiencia-em-nanuque","tag-teofilo-otoni","tag-verba-para-associacao-de-pessoas-com-deficiencia-em-nanuque"],"_links":{"self":[{"href":"https:\/\/aconteceunovale.com.br\/portal\/index.php?rest_route=\/wp\/v2\/posts\/83257","targetHints":{"allow":["GET"]}}],"collection":[{"href":"https:\/\/aconteceunovale.com.br\/portal\/index.php?rest_route=\/wp\/v2\/posts"}],"about":[{"href":"https:\/\/aconteceunovale.com.br\/portal\/index.php?rest_route=\/wp\/v2\/types\/post"}],"author":[{"embeddable":true,"href":"https:\/\/aconteceunovale.com.br\/portal\/index.php?rest_route=\/wp\/v2\/users\/1"}],"replies":[{"embeddable":true,"href":"https:\/\/aconteceunovale.com.br\/portal\/index.php?rest_route=%2Fwp%2Fv2%2Fcomments&post=83257"}],"version-history":[{"count":0,"href":"https:\/\/aconteceunovale.com.br\/portal\/index.php?rest_route=\/wp\/v2\/posts\/83257\/revisions"}],"wp:featuredmedia":[{"embeddable":true,"href":"https:\/\/aconteceunovale.com.br\/portal\/index.php?rest_route=\/wp\/v2\/media\/83258"}],"wp:attachment":[{"href":"https:\/\/aconteceunovale.com.br\/portal\/index.php?rest_route=%2Fwp%2Fv2%2Fmedia&parent=83257"}],"wp:term":[{"taxonomy":"category","embeddable":true,"href":"https:\/\/aconteceunovale.com.br\/portal\/index.php?rest_route=%2Fwp%2Fv2%2Fcategories&post=83257"},{"taxonomy":"post_tag","embeddable":true,"href":"https:\/\/aconteceunovale.com.br\/portal\/index.php?rest_route=%2Fwp%2Fv2%2Ftags&post=83257"}],"curies":[{"name":"wp","href":"https:\/\/api.w.org\/{rel}","templated":true}]}}