{"id":83254,"date":"2016-03-31T15:35:04","date_gmt":"2016-03-31T18:35:04","guid":{"rendered":"http:\/\/aconteceunovale.com.br\/portal\/?p=83254"},"modified":"2016-03-31T15:35:04","modified_gmt":"2016-03-31T18:35:04","slug":"operacao-quimica-do-mal-desarticula-quadrilha-que-mantinha-disque-drogas-em-montes-claros","status":"publish","type":"post","link":"https:\/\/aconteceunovale.com.br\/portal\/?p=83254","title":{"rendered":"Opera\u00e7\u00e3o Qu\u00edmica do Mal desarticula quadrilha que mantinha \u201cdisque-drogas\u201d em Montes Claros"},"content":{"rendered":"<p>A Pol\u00edcia Civil desarticulou um grupo criminoso que mantinha um \u201cdisque-drogas\u201d em Montes Claros, na regi\u00e3o Norte de Minas. Quatro homens foram presos nos Bairros Jardim Palmeiras e Delfino Magalh\u00e3es durante a opera\u00e7\u00e3o \u201cQu\u00edmica do Mal\u201d, realizada nesta quinta-feira (31\/3). A quadrilha vendia somente coca\u00edna e a droga ganhou um \u201cselo\u201d dos usu\u00e1rios por ser considerada a melhor da cidade.<\/p>\n<p>O delegado Bruno Rezende explicou durante uma coletiva de imprensa que as investiga\u00e7\u00f5es que duraram seis meses apontaram que o chefe do grupo era Bruno Siqueira, de 22 anos. Ele contava com a ajuda do irm\u00e3o, Patrick Siqueira, de 20, e de outros dois homens, Danilo Santos, de 21, e Diego Pimenta, de 27.<\/p>\n<p>\u201cO Bruno recebia liga\u00e7\u00f5es de clientes e determinava aos demais que fizessem a entrega de moto. N\u00e3o havia bairros espec\u00edficos para as entregas, j\u00e1 que eles tinham uma vasta clientela\u201d, afirmou. Durante a opera\u00e7\u00e3o, duas motos usadas pelos investigados foram apreendidas.<\/p>\n<p><img decoding=\"async\" src=\"http:\/\/aconteceunovale.com.br\/portal\/wp-content\/uploads\/2016\/03\/quimica_do_mal_1.jpg\" alt=\"\" \/><em>Envolvidos foram preso em dois dois bairros de Montes Claros (Foto: Michelly Oda\/G1)<\/em><br \/>\n<\/br><\/p>\n<p>Segundo a PC, os quatro atuavam no tr\u00e1fico de drogas h\u00e1 cinco anos, mas nunca haviam respondido por crimes. Rezende explica e destaca que, embora os investigados j\u00e1 tenham sido mencionados em registros de ocorr\u00eancias, eles atuavam desde adolescentes, o que n\u00e3o gera registro policial.<\/p>\n<p>Com a decreta\u00e7\u00e3o da pris\u00e3o, a expectativa \u00e9 de que eles respondam pelos crimes de tr\u00e1fico e associa\u00e7\u00e3o para o tr\u00e1fico. Como houve a quebra de sigilo banc\u00e1rio, caso seja detectada movimenta\u00e7\u00e3o financeira ilegal, eles podem responder por lavagem de dinheiro. A desarticula\u00e7\u00e3o do grupo pode tamb\u00e9m, de acordo com Bruno Rezende, permitir a identifica\u00e7\u00e3o dos fornecedores da droga e evitar crimes relacionados \u00e0 venda de entorpecentes, como os homic\u00eddios.<\/p>\n<p>Durante as investiga\u00e7\u00f5es, a PC conseguiu identificar tamb\u00e9m que a coca\u00edna vendida pelos quatro homens era conhecida pela qualidade, o que permitia que eles vendessem uma grande quantidade de entorpecente de forma r\u00e1pida, dificultando que fossem flagrados com a droga.<\/p>\n<p>\u201cEles trabalhavam com rapidez e efici\u00eancia muito grandes, n\u00e3o ficavam com drogas nas resid\u00eancias, recebiam as subst\u00e2ncias em pequenas quantidades e repassavam muito rapidamente, justamente pela qualidade reconhecida e grande carteira de clientes. Eles narraram informalmente que n\u00e3o tinham drogas hoje porque haviam sofrido batida policial por parte da PM recentemente\u201d, falou Bruno Rezende.<\/p>\n<p>O p\u00fablico-alvo dos envolvidos era diversificado e n\u00e3o tinha foco em uma classe social. A escolha pela coca\u00edna se deu por v\u00e1rios fatores, entre eles o valor agregado da droga.<\/p>\n<p>\u201cDurante a intercepta\u00e7\u00e3o telef\u00f4nica pudemos perceber uma movimenta\u00e7\u00e3o financeira de R$ 20 mil em 15 dias, a partir disso percebemos a din\u00e2mica e atua\u00e7\u00e3o do grupo. Agora vamos verificar o montante movimentado por eles durante os seis meses de investiga\u00e7\u00e3o\u201d, disse o delegado.<\/p>\n<p>Raimundo Nonato,  chefe do 11\u00ba Departamento de Pol\u00edcia Civil, tamb\u00e9m participou da coletiva e afirmou que outras a\u00e7\u00f5es como a realizada nesta quinta-feira devem ocorrer em breve. \u201cNos  \u00faltimos tr\u00eas meses houve aumento consider\u00e1vel nas apura\u00e7\u00f5es, pris\u00f5es e opera\u00e7\u00f5es desenvolvidas n\u00e3o s\u00f3 em Montes Claros como em todo o Norte de Minas. Nossos objetivos s\u00e3o tirar os meliantes de circula\u00e7\u00e3o e trazer mais paz e tranquilidade para a sociedade\u201d, finalizou.<\/p>\n<p><em>(Fonte: G1 Grande Minas \/ Rep\u00f3rter: Michelly Oda)<\/em><\/p>\n","protected":false},"excerpt":{"rendered":"<p>A Pol\u00edcia Civil desarticulou um grupo criminoso que mantinha um \u201cdisque-drogas\u201d em Montes Claros, na regi\u00e3o Norte de Minas. Quatro homens foram presos nos Bairros Jardim Palmeiras e Delfino Magalh\u00e3es durante a opera\u00e7\u00e3o \u201cQu\u00edmica do Mal\u201d, realizada nesta quinta-feira (31\/3). A quadrilha vendia somente coca\u00edna e a droga ganhou um \u201cselo\u201d dos usu\u00e1rios por ser [&hellip;]<\/p>\n","protected":false},"author":1,"featured_media":83255,"comment_status":"open","ping_status":"closed","sticky":false,"template":"","format":"standard","meta":{"amp_status":"","footnotes":""},"categories":[1236],"tags":[81952,68567,86199,86202,86200,86203,86198,210,86194,86195,86201,57790,86196,78402,86197,81512],"class_list":["post-83254","post","type-post","status-publish","format-standard","has-post-thumbnail","hentry","category-norte_de_minas","tag-apreensao-de-drogas-montes-claros","tag-bruno-rezende","tag-bruno-siqueira","tag-danilo-santos","tag-delegado-bruno-rezende","tag-diego-pimenta","tag-disque-drogas-montes-claros","tag-montes-claros","tag-operacao-quimica-do-mal-desarticula-quadrilha-que-mantinha-disque-drogas-em-montes-claros","tag-operacao-quimica-do-mal-em-montes-claros","tag-patrick-siqueira","tag-presos-em-montes-claros","tag-presos-na-operacao-quimica-do-mal","tag-presos-por-trafico-de-drogas-em-montes-claros","tag-resultado-da-operacao-quimica-do-mal","tag-trafico-de-drogas-montes-claros"],"_links":{"self":[{"href":"https:\/\/aconteceunovale.com.br\/portal\/index.php?rest_route=\/wp\/v2\/posts\/83254","targetHints":{"allow":["GET"]}}],"collection":[{"href":"https:\/\/aconteceunovale.com.br\/portal\/index.php?rest_route=\/wp\/v2\/posts"}],"about":[{"href":"https:\/\/aconteceunovale.com.br\/portal\/index.php?rest_route=\/wp\/v2\/types\/post"}],"author":[{"embeddable":true,"href":"https:\/\/aconteceunovale.com.br\/portal\/index.php?rest_route=\/wp\/v2\/users\/1"}],"replies":[{"embeddable":true,"href":"https:\/\/aconteceunovale.com.br\/portal\/index.php?rest_route=%2Fwp%2Fv2%2Fcomments&post=83254"}],"version-history":[{"count":0,"href":"https:\/\/aconteceunovale.com.br\/portal\/index.php?rest_route=\/wp\/v2\/posts\/83254\/revisions"}],"wp:featuredmedia":[{"embeddable":true,"href":"https:\/\/aconteceunovale.com.br\/portal\/index.php?rest_route=\/wp\/v2\/media\/83255"}],"wp:attachment":[{"href":"https:\/\/aconteceunovale.com.br\/portal\/index.php?rest_route=%2Fwp%2Fv2%2Fmedia&parent=83254"}],"wp:term":[{"taxonomy":"category","embeddable":true,"href":"https:\/\/aconteceunovale.com.br\/portal\/index.php?rest_route=%2Fwp%2Fv2%2Fcategories&post=83254"},{"taxonomy":"post_tag","embeddable":true,"href":"https:\/\/aconteceunovale.com.br\/portal\/index.php?rest_route=%2Fwp%2Fv2%2Ftags&post=83254"}],"curies":[{"name":"wp","href":"https:\/\/api.w.org\/{rel}","templated":true}]}}