{"id":83251,"date":"2016-03-31T15:27:05","date_gmt":"2016-03-31T18:27:05","guid":{"rendered":"http:\/\/aconteceunovale.com.br\/portal\/?p=83251"},"modified":"2016-03-31T21:45:21","modified_gmt":"2016-04-01T00:45:21","slug":"homem-morre-em-acidente-na-br-116-em-mathias-lobato","status":"publish","type":"post","link":"https:\/\/aconteceunovale.com.br\/portal\/?p=83251","title":{"rendered":"Homem morre em acidente na BR-116, em Mathias Lobato"},"content":{"rendered":"<p>Um homem morreu e uma mulher ficou gravemente ferida depois que o carro onde estavam capotou e caiu em uma ribanceira \u00e0s margens da BR-116 entre as cidades de Mathias Lobato e Frei Inoc\u00eancio, no Vale do Rio Doce, na manh\u00e3 desta quinta-feira (31). As causas do acidente est\u00e3o sendo investigadas.<\/p>\n<p>De acordo com informa\u00e7\u00f5es do Corpo de Bombeiros, o ve\u00edculo Prisma, placas GVE-1707 emplacado em Pescador (MG) se deslocava sentido \u00e0 cidade quando no km 380, o motorista Anuine Ferreira da Cruz, de 66 anos, perdeu o controle da dire\u00e7\u00e3o. O carro caiu em uma ribanceira.<\/p>\n<p>A passageira Marcely Alves Fernandes, de 25 anos,  foi encontrada fora do ve\u00edculo, com escoria\u00e7\u00f5es em todo o corpo e queixando-se de dores na coluna. Ela foi trazida para o Pronto-Socorro do Hospital Municipal de Governador Valadares (HPS), onde continua internada. O motorista morreu no local.<\/p>\n<p><img decoding=\"async\" src=\"http:\/\/aconteceunovale.com.br\/portal\/wp-content\/uploads\/2016\/03\/acidente_mathias_lobato_1.jpg\" alt=\"\" \/><em>Carro saiu da pista e motorista de 66 anos morreu no local ?(Foto: Corpo de Bombeiros\/Divulga\u00e7\u00e3o)<\/em><br \/>\n<\/br><\/p>\n<p><em>(Hoje em Dia \/ Rep\u00f3rter: Ana L\u00facia Gon\u00e7alves)<\/em><\/p>\n","protected":false},"excerpt":{"rendered":"<p>Um homem morreu e uma mulher ficou gravemente ferida depois que o carro onde estavam capotou e caiu em uma ribanceira \u00e0s margens da BR-116 entre as cidades de Mathias Lobato e Frei Inoc\u00eancio, no Vale do Rio Doce, na manh\u00e3 desta quinta-feira (31). As causas do acidente est\u00e3o sendo investigadas. De acordo com informa\u00e7\u00f5es [&hellip;]<\/p>\n","protected":false},"author":1,"featured_media":83252,"comment_status":"open","ping_status":"closed","sticky":false,"template":"","format":"standard","meta":{"amp_status":"","footnotes":""},"categories":[121],"tags":[86188,86191,86189,86216,86190,86192,247,5085,86193,86237,302,86217],"class_list":["post-83251","post","type-post","status-publish","format-standard","has-post-thumbnail","hentry","category-leste","tag-acidente-em-mathias-lobato","tag-acidente-mathias-lobato","tag-acidente-na-br-116-em-mathias-lobato","tag-anuine-ferreira-da-cruz","tag-capotamento-na-br-116-em-mathias-lobato","tag-em-mathias-lobato","tag-governador-valadares","tag-homem-morre-em-acidente-na-br-116","tag-homem-morre-em-acidente-na-br-116-em-mathias-lobato","tag-marcely-alves-fernandes","tag-mathias-lobato","tag-prisma-com-placa-de-pescador"],"_links":{"self":[{"href":"https:\/\/aconteceunovale.com.br\/portal\/index.php?rest_route=\/wp\/v2\/posts\/83251","targetHints":{"allow":["GET"]}}],"collection":[{"href":"https:\/\/aconteceunovale.com.br\/portal\/index.php?rest_route=\/wp\/v2\/posts"}],"about":[{"href":"https:\/\/aconteceunovale.com.br\/portal\/index.php?rest_route=\/wp\/v2\/types\/post"}],"author":[{"embeddable":true,"href":"https:\/\/aconteceunovale.com.br\/portal\/index.php?rest_route=\/wp\/v2\/users\/1"}],"replies":[{"embeddable":true,"href":"https:\/\/aconteceunovale.com.br\/portal\/index.php?rest_route=%2Fwp%2Fv2%2Fcomments&post=83251"}],"version-history":[{"count":0,"href":"https:\/\/aconteceunovale.com.br\/portal\/index.php?rest_route=\/wp\/v2\/posts\/83251\/revisions"}],"wp:featuredmedia":[{"embeddable":true,"href":"https:\/\/aconteceunovale.com.br\/portal\/index.php?rest_route=\/wp\/v2\/media\/83252"}],"wp:attachment":[{"href":"https:\/\/aconteceunovale.com.br\/portal\/index.php?rest_route=%2Fwp%2Fv2%2Fmedia&parent=83251"}],"wp:term":[{"taxonomy":"category","embeddable":true,"href":"https:\/\/aconteceunovale.com.br\/portal\/index.php?rest_route=%2Fwp%2Fv2%2Fcategories&post=83251"},{"taxonomy":"post_tag","embeddable":true,"href":"https:\/\/aconteceunovale.com.br\/portal\/index.php?rest_route=%2Fwp%2Fv2%2Ftags&post=83251"}],"curies":[{"name":"wp","href":"https:\/\/api.w.org\/{rel}","templated":true}]}}