{"id":83246,"date":"2016-03-31T15:14:18","date_gmt":"2016-03-31T18:14:18","guid":{"rendered":"http:\/\/aconteceunovale.com.br\/portal\/?p=83246"},"modified":"2016-03-31T15:14:18","modified_gmt":"2016-03-31T18:14:18","slug":"motorista-fica-ferido-e-carga-e-saqueada-apos-acidente-na-br-381-em-governador-valadares","status":"publish","type":"post","link":"https:\/\/aconteceunovale.com.br\/portal\/?p=83246","title":{"rendered":"Motorista fica ferido e carga \u00e9 saqueada ap\u00f3s acidente na BR-381, em Governador Valadares"},"content":{"rendered":"<p>Um caminhoneiro de 45 anos ficou ferido em um acidente na madrugada desta quinta-feira, 31 de mar\u00e7o, na BR-381, em Governador Valadares, no Vale do Rio Doce. Ele dormiu ao volante e perdeu o controle da dire\u00e7\u00e3o do ve\u00edculo, que saiu da pista e tombou. A v\u00edtima foi socorrida pelo Samu e encaminhada ao hospital.<\/p>\n<p>O caminh\u00e3o, que pertence a uma rede de supermercados e estava carregado de alimentos, seguia de Belo Horizonte  para Te\u00f3filo Otoni. Um funcion\u00e1rio da empresa informou que a carga avaliada em cerca de R$ 60 mil foi saqueada por moradores. Ele disse ainda que todo o material j\u00e1 havia sido levado quando a Pol\u00edcia Rodovi\u00e1ria Federal (PRF) chegou ao local.<\/p>\n<p>De acordo com a PRF, o tr\u00e2nsito na rodovia flui normalmente e a pol\u00edcia n\u00e3o informou se os saqueadores foram detidos.<\/p>\n<p><img decoding=\"async\" src=\"http:\/\/aconteceunovale.com.br\/portal\/wp-content\/uploads\/2016\/03\/acidente_carreta_gv_11.jpg\" alt=\"\" \/><em>Acidente aconteceu na BR-381, em Valadares (Foto: Reprodu\u00e7\u00e3o \/ Rede em Alerta)<\/em><br \/>\n<\/br><\/p>\n<p><img decoding=\"async\" src=\"http:\/\/aconteceunovale.com.br\/portal\/wp-content\/uploads\/2016\/03\/acidente_carreta_gv_21.jpg\" alt=\"\" \/><em>Acidente aconteceu na BR-381, em Valadares (Foto: Reprodu\u00e7\u00e3o \/ Rede em Alerta)<\/em><br \/>\n<\/br><\/p>\n<p><img decoding=\"async\" src=\"http:\/\/aconteceunovale.com.br\/portal\/wp-content\/uploads\/2016\/03\/acidente_carreta_gv_31.jpg\" alt=\"\" \/><em>Acidente aconteceu na BR-381, em Valadares (Foto: Reprodu\u00e7\u00e3o \/ Rede em Alerta)<\/em><br \/>\n<\/br><\/p>\n<p><strong>Carga saqueada (v\u00eddeo)<\/strong><\/p>\n<p><iframe loading=\"lazy\" width=\"640\" height=\"480\" src=\"https:\/\/www.youtube.com\/embed\/XV8p79E5AvQ\" frameborder=\"0\" allowfullscreen><\/iframe><br \/>\n<\/br><\/p>\n<p><em>(Fonte: G1 dos Vales \/ Cr\u00e9dito v\u00eddeo: Roberto Higino do Caso de Pol\u00edcia)<\/em><\/p>\n","protected":false},"excerpt":{"rendered":"<p>Um caminhoneiro de 45 anos ficou ferido em um acidente na madrugada desta quinta-feira, 31 de mar\u00e7o, na BR-381, em Governador Valadares, no Vale do Rio Doce. Ele dormiu ao volante e perdeu o controle da dire\u00e7\u00e3o do ve\u00edculo, que saiu da pista e tombou. A v\u00edtima foi socorrida pelo Samu e encaminhada ao hospital. [&hellip;]<\/p>\n","protected":false},"author":1,"featured_media":83248,"comment_status":"open","ping_status":"closed","sticky":false,"template":"","format":"standard","meta":{"amp_status":"","footnotes":""},"categories":[121],"tags":[86179,86180,86178,86181,86175,57187,86174,12667,86183,31030,86182,86186,86185,86187,86177,1018,247,86184,86173,86172,86176],"class_list":["post-83246","post","type-post","status-publish","format-standard","has-post-thumbnail","hentry","category-leste","tag-acidente-caminhao-do-epa-em-governador-valadares","tag-acidente-caminhao-do-epa-na-br-381-em-governador-valadares","tag-acidente-caminhao-do-epa-que-seguia-de-belo-horizonte-para-teofilo-otoni","tag-acidente-caminhao-epa","tag-acidente-com-caminhao-de-alimentos-em-governador-valadares","tag-acidente-com-caminhao-em-governador-valadares","tag-acidente-com-caminhao-que-seguia-de-belo-horizonte-para-teofilo-otoni","tag-acidente-em-governador-valadares","tag-acidente-motorista-anderson-donato-ferreira","tag-acidente-na-br-381-em-governador-valadares","tag-anderson-donato-ferreira","tag-anderson-donato-ferreira-epa-plus","tag-caminhoneiro-anderson-donato-ferreira","tag-carga-saqueada-apos-acidente-em-governador-valadares","tag-carga-saqueada-em-governador-valadares","tag-destaque","tag-governador-valadares","tag-motorista-anderson-donato-ferreira","tag-motorista-fica-ferido-e-carga-e-saqueada-apos-acidente-em-governador-valadares","tag-motorista-fica-ferido-e-carga-e-saqueada-apos-acidente-na-br-381-em-governador-valadares","tag-saque-de-carga-em-governador-valadares"],"_links":{"self":[{"href":"https:\/\/aconteceunovale.com.br\/portal\/index.php?rest_route=\/wp\/v2\/posts\/83246","targetHints":{"allow":["GET"]}}],"collection":[{"href":"https:\/\/aconteceunovale.com.br\/portal\/index.php?rest_route=\/wp\/v2\/posts"}],"about":[{"href":"https:\/\/aconteceunovale.com.br\/portal\/index.php?rest_route=\/wp\/v2\/types\/post"}],"author":[{"embeddable":true,"href":"https:\/\/aconteceunovale.com.br\/portal\/index.php?rest_route=\/wp\/v2\/users\/1"}],"replies":[{"embeddable":true,"href":"https:\/\/aconteceunovale.com.br\/portal\/index.php?rest_route=%2Fwp%2Fv2%2Fcomments&post=83246"}],"version-history":[{"count":0,"href":"https:\/\/aconteceunovale.com.br\/portal\/index.php?rest_route=\/wp\/v2\/posts\/83246\/revisions"}],"wp:featuredmedia":[{"embeddable":true,"href":"https:\/\/aconteceunovale.com.br\/portal\/index.php?rest_route=\/wp\/v2\/media\/83248"}],"wp:attachment":[{"href":"https:\/\/aconteceunovale.com.br\/portal\/index.php?rest_route=%2Fwp%2Fv2%2Fmedia&parent=83246"}],"wp:term":[{"taxonomy":"category","embeddable":true,"href":"https:\/\/aconteceunovale.com.br\/portal\/index.php?rest_route=%2Fwp%2Fv2%2Fcategories&post=83246"},{"taxonomy":"post_tag","embeddable":true,"href":"https:\/\/aconteceunovale.com.br\/portal\/index.php?rest_route=%2Fwp%2Fv2%2Ftags&post=83246"}],"curies":[{"name":"wp","href":"https:\/\/api.w.org\/{rel}","templated":true}]}}