{"id":83239,"date":"2016-03-31T14:20:09","date_gmt":"2016-03-31T17:20:09","guid":{"rendered":"http:\/\/aconteceunovale.com.br\/portal\/?p=83239"},"modified":"2016-03-31T14:20:09","modified_gmt":"2016-03-31T17:20:09","slug":"justica-decreta-prisao-de-jovem-suspeito-de-varios-furtos-em-aracuai","status":"publish","type":"post","link":"https:\/\/aconteceunovale.com.br\/portal\/?p=83239","title":{"rendered":"Justi\u00e7a decreta pris\u00e3o de jovem suspeito de v\u00e1rios furtos em Ara\u00e7ua\u00ed"},"content":{"rendered":"<p>O juiz da Comarca de Ara\u00e7ua\u00ed, no Vale do Jequitinhonha, Carlos Juncken, decretou na tarde desta quarta-feira (30), a pris\u00e3o preventiva de um rapaz de 19 anos, preso pela Pol\u00edcia Militar, na ter\u00e7a-feira (29), no bairro S\u00e3o Francisco. A pris\u00e3o dele foi poss\u00edvel ap\u00f3s um denunciante an\u00f4nimo ligar para a pol\u00edcia para informar que quatro elementos estavam saindo de uma casa carregando produtos furtados.<\/p>\n<p>Equipes da Pol\u00edcia Militar de Ara\u00e7ua\u00ed deslocaram e fizeram o cerco nas imedia\u00e7\u00f5es do bairro. Com a presen\u00e7a das viaturas os suspeitos fugiram pelo matagal que fica pr\u00f3ximo.<\/p>\n<p><img decoding=\"async\" src=\"http:\/\/aconteceunovale.com.br\/portal\/wp-content\/uploads\/2016\/03\/ladrao_ara.jpg\" alt=\"\" \/><em>Com o suspeito foram encontrados diversos produtos de furtos (Foto: Divulga\u00e7\u00e3o)<\/em><br \/>\n<\/br><\/p>\n<p>No entanto, um dos autores, de 19 anos, j\u00e1 bastante conhecido no meio policial pela pr\u00e1tica de roubos, furtos entre outros delitos, foi cercado pela PM. A Pol\u00edcia Militar n\u00e3o forneceu o nome do suspeito.<\/p>\n<p>Com o jovem foram encontrados v\u00e1rios produtos, como joias, perfumes, m\u00e1quina de costura, computador, secadores, prancha de cabelo, aparelho de DVD, dinheiro, pares de cal\u00e7ados, rel\u00f3gio de pulso e uma bicicleta.<\/p>\n<p>Ao ser detido, ele confessou ser o respons\u00e1vel pelos furtos e que agia  com mais dois comparsas que moram na  regi\u00e3o da Baixada, no Centro da cidade. De acordo com a pol\u00edcia, eles j\u00e1 foram identificados.<\/p>\n<p>Uma das v\u00edtimas dos furtos foi localizada pela pol\u00edcia. Ela compareceu ao quartel e reconheceu como de sua propriedade boa parte dos produtos encontrados.<\/p>\n<p>O autor dos furtos, depois de receber voz de pris\u00e3o, foi conduzido com os materiais recuperados para a Delegacia de Pol\u00edcia Civil. Se condenado ele pode pegar de 1 a 4 anos de pris\u00e3o. (Gazeta de Ara\u00e7ua\u00ed)<\/p>\n","protected":false},"excerpt":{"rendered":"<p>O juiz da Comarca de Ara\u00e7ua\u00ed, no Vale do Jequitinhonha, Carlos Juncken, decretou na tarde desta quarta-feira (30), a pris\u00e3o preventiva de um rapaz de 19 anos, preso pela Pol\u00edcia Militar, na ter\u00e7a-feira (29), no bairro S\u00e3o Francisco. A pris\u00e3o dele foi poss\u00edvel ap\u00f3s um denunciante an\u00f4nimo ligar para a pol\u00edcia para informar que quatro [&hellip;]<\/p>\n","protected":false},"author":1,"featured_media":83240,"comment_status":"open","ping_status":"closed","sticky":false,"template":"","format":"standard","meta":{"amp_status":"","footnotes":""},"categories":[120],"tags":[186,73508,86165,84902,73507,81075],"class_list":["post-83239","post","type-post","status-publish","format-standard","has-post-thumbnail","hentry","category-jequi","tag-aracuai","tag-assalto-aracuai","tag-justica-decreta-prisao-de-jovem-suspeito-de-varios-furtos-em-aracuai","tag-preso-aracuai","tag-roubo-aracuai","tag-violencia-aracuai"],"_links":{"self":[{"href":"https:\/\/aconteceunovale.com.br\/portal\/index.php?rest_route=\/wp\/v2\/posts\/83239","targetHints":{"allow":["GET"]}}],"collection":[{"href":"https:\/\/aconteceunovale.com.br\/portal\/index.php?rest_route=\/wp\/v2\/posts"}],"about":[{"href":"https:\/\/aconteceunovale.com.br\/portal\/index.php?rest_route=\/wp\/v2\/types\/post"}],"author":[{"embeddable":true,"href":"https:\/\/aconteceunovale.com.br\/portal\/index.php?rest_route=\/wp\/v2\/users\/1"}],"replies":[{"embeddable":true,"href":"https:\/\/aconteceunovale.com.br\/portal\/index.php?rest_route=%2Fwp%2Fv2%2Fcomments&post=83239"}],"version-history":[{"count":0,"href":"https:\/\/aconteceunovale.com.br\/portal\/index.php?rest_route=\/wp\/v2\/posts\/83239\/revisions"}],"wp:featuredmedia":[{"embeddable":true,"href":"https:\/\/aconteceunovale.com.br\/portal\/index.php?rest_route=\/wp\/v2\/media\/83240"}],"wp:attachment":[{"href":"https:\/\/aconteceunovale.com.br\/portal\/index.php?rest_route=%2Fwp%2Fv2%2Fmedia&parent=83239"}],"wp:term":[{"taxonomy":"category","embeddable":true,"href":"https:\/\/aconteceunovale.com.br\/portal\/index.php?rest_route=%2Fwp%2Fv2%2Fcategories&post=83239"},{"taxonomy":"post_tag","embeddable":true,"href":"https:\/\/aconteceunovale.com.br\/portal\/index.php?rest_route=%2Fwp%2Fv2%2Ftags&post=83239"}],"curies":[{"name":"wp","href":"https:\/\/api.w.org\/{rel}","templated":true}]}}