{"id":83237,"date":"2016-03-31T14:14:40","date_gmt":"2016-03-31T17:14:40","guid":{"rendered":"http:\/\/aconteceunovale.com.br\/portal\/?p=83237"},"modified":"2016-03-31T14:14:40","modified_gmt":"2016-03-31T17:14:40","slug":"supermercado-e-assaltado-em-aracuai","status":"publish","type":"post","link":"https:\/\/aconteceunovale.com.br\/portal\/?p=83237","title":{"rendered":"Supermercado \u00e9 assaltado em Ara\u00e7ua\u00ed"},"content":{"rendered":"<p>Um homem armado e usando capacete na cabe\u00e7a para n\u00e3o ser identificado, assaltou o supermercado Fecriar, na Rua Dom Serafim, pr\u00f3ximo \u00e0 pra\u00e7a do F\u00f3rum em Ara\u00e7ua\u00ed, no Vale do Jequitinhonha. O supermercado j\u00e1 foi alvo de outros assaltos.<\/p>\n<p>O crime ocorreu no \u00faltimo dia 28 de mar\u00e7o, segunda-feira, por volta das 18h25, mas s\u00f3 foi divulgado pela Assessoria de Comunica\u00e7\u00e3o Organizacional da Pol\u00edcia Militar em Ara\u00e7ua\u00ed nesta quinta-feira (31).<\/p>\n<p>De acordo com a ocorr\u00eancia, uma guarni\u00e7\u00e3o da Pol\u00edcia Militar compareceu ao supermercado, onde a operadora de caixa, de 26 anos, relatou que um indiv\u00edduo, de pele clara, forte, trajando blusa de cor laranja escuro, usando capacete de cor escura com viseira preta, entrou no supermercado, e foi diretamente ao caixa.<\/p>\n<p>Armado com um rev\u00f3lver, ele anunciou o assalto, levando da caixa registradora a quantia aproximada de R$ 500,00 em dinheiro.<\/p>\n<p>Ainda segundo a ocorr\u00eancia, ele fugiu, sentido ao bairro Esplanada, em uma motocicleta baixa, cor escura e barulhenta (com descarga livre ou kadron), indicando ser uma Honda Titan de cor escura.<\/p>\n<p>A PM informou que fez rastreamentos no per\u00edmetro urbano, realizando abordagens a pessoas suspeitas, por\u00e9m, at\u00e9 o momento, ningu\u00e9m foi preso. (Gazeta de Ara\u00e7ua\u00ed)<\/p>\n","protected":false},"excerpt":{"rendered":"<p>Um homem armado e usando capacete na cabe\u00e7a para n\u00e3o ser identificado, assaltou o supermercado Fecriar, na Rua Dom Serafim, pr\u00f3ximo \u00e0 pra\u00e7a do F\u00f3rum em Ara\u00e7ua\u00ed, no Vale do Jequitinhonha. O supermercado j\u00e1 foi alvo de outros assaltos. O crime ocorreu no \u00faltimo dia 28 de mar\u00e7o, segunda-feira, por volta das 18h25, mas s\u00f3 [&hellip;]<\/p>\n","protected":false},"author":1,"featured_media":66546,"comment_status":"open","ping_status":"closed","sticky":false,"template":"","format":"standard","meta":{"amp_status":"","footnotes":""},"categories":[120],"tags":[186,73508,86159,86161,73507,86160,86162,86164,86163],"class_list":["post-83237","post","type-post","status-publish","format-standard","has-post-thumbnail","hentry","category-jequi","tag-aracuai","tag-assalto-aracuai","tag-assalto-supermercado-aracuai","tag-assalto-supermercado-fecriar-aracuai","tag-roubo-aracuai","tag-roubo-supermercado-aracuai","tag-roubo-supermercado-fecriar-aracuai","tag-supermercado-e-assaltado-em-aracuai","tag-supermercado-fecriar-aracuai"],"_links":{"self":[{"href":"https:\/\/aconteceunovale.com.br\/portal\/index.php?rest_route=\/wp\/v2\/posts\/83237","targetHints":{"allow":["GET"]}}],"collection":[{"href":"https:\/\/aconteceunovale.com.br\/portal\/index.php?rest_route=\/wp\/v2\/posts"}],"about":[{"href":"https:\/\/aconteceunovale.com.br\/portal\/index.php?rest_route=\/wp\/v2\/types\/post"}],"author":[{"embeddable":true,"href":"https:\/\/aconteceunovale.com.br\/portal\/index.php?rest_route=\/wp\/v2\/users\/1"}],"replies":[{"embeddable":true,"href":"https:\/\/aconteceunovale.com.br\/portal\/index.php?rest_route=%2Fwp%2Fv2%2Fcomments&post=83237"}],"version-history":[{"count":0,"href":"https:\/\/aconteceunovale.com.br\/portal\/index.php?rest_route=\/wp\/v2\/posts\/83237\/revisions"}],"wp:featuredmedia":[{"embeddable":true,"href":"https:\/\/aconteceunovale.com.br\/portal\/index.php?rest_route=\/wp\/v2\/media\/66546"}],"wp:attachment":[{"href":"https:\/\/aconteceunovale.com.br\/portal\/index.php?rest_route=%2Fwp%2Fv2%2Fmedia&parent=83237"}],"wp:term":[{"taxonomy":"category","embeddable":true,"href":"https:\/\/aconteceunovale.com.br\/portal\/index.php?rest_route=%2Fwp%2Fv2%2Fcategories&post=83237"},{"taxonomy":"post_tag","embeddable":true,"href":"https:\/\/aconteceunovale.com.br\/portal\/index.php?rest_route=%2Fwp%2Fv2%2Ftags&post=83237"}],"curies":[{"name":"wp","href":"https:\/\/api.w.org\/{rel}","templated":true}]}}